{"id":17800,"date":"2025-03-12T15:05:25","date_gmt":"2025-03-12T14:05:25","guid":{"rendered":"http:\/\/euwps06.newsmemory.com\/gardaseezeitung_new\/de\/2025\/03\/12\/gargnano-das-ultra-luxurioese-stroblhof-active-family-spa-resort-eroeffnet-19-maerz\/"},"modified":"2025-03-12T15:06:24","modified_gmt":"2025-03-12T14:06:24","slug":"gargnano-das-ultra-luxurioese-stroblhof-active-family-spa-resort-eroeffnet-19-maerz","status":"publish","type":"post","link":"https:\/\/www.gardaseezeitung.it\/2025\/03\/12\/gargnano-das-ultra-luxurioese-stroblhof-active-family-spa-resort-eroeffnet-19-maerz\/","title":{"rendered":"Gargnano, das ultra-luxuri\u00f6se Stroblhof active family Spa Resort er\u00f6ffnet am 19. M\u00e4rz"},"content":{"rendered":"<p>&nbsp;<\/p>\n<p>Auf der Brescianer Seite des Gardasees, weniger als 100 Kilometer vom Flughafen Verona entfernt, ist alles bereit f\u00fcr die Er\u00f6ffnung des Stroblhof active family Spa Resort Gardasee am 19. M\u00e4rz. Das neue 5-Sterne-Hotel wird die anspruchsvollsten Touristen in Gargnano empfangen und ihnen nicht nur einen traumhaften Aufenthalt, sondern auch Ausfl\u00fcge und unvergessliche Erlebnisse bieten.<\/p>\n<p>LUXUSURLAUB AM GARDASEE<\/p>\n<p>F\u00fcr die Gemeinde Gargnano ist dies bereits die dritte Unterkunft dieser Kategorie, neben dem Grand Hotel in Villa Feltrinelli und dem Lefay Resort, das auch von Prominenten und Ber\u00fchmtheiten besucht wird, f\u00fcr die Brescianische Riviera del Benaco ist es die f\u00fcnfzehnte. In Limone gibt es das Eala und das Park Hotel Imperial, in Gardone Riviera das Grand Hotel Fasano, die Villa del Sogno, die Villa Eden und das Bella Riva, in Sal\u00f2 die Hotels Bellerive und A. Rosa (aber 2026 wird auch das Park Resort hinzukommen), in Padenghe das Splendido Bay, in Calvagese das Arzaga und in Sirmione die Villa Cortine und das Grand Hotel Terme. Eine Best\u00e4tigung f\u00fcr einen Tourismus, der sich immer mehr den anspruchsvollen Kunden widmet, die bereit sind, f\u00fcr Dienstleistungen mit hohem Standard zu zahlen, aber auch auf der Suche nach eindrucksvollen und vor allem exklusiven Orten sind.<\/p>\n<p>140 WOHNUNGEN<\/p>\n<p>Das neue Resort der S\u00fcdtiroler Familie Pircher (an der Spitze des Unternehmens f\u00fcr gehobene Hotellerie mit Kunden aus ganz Europa), das sich \u00fcber eine Gesamtfl\u00e4che von mehr als 70.000 Quadratmetern in den H\u00fcgeln von Montegargnano erstrecken wird und einen spektakul\u00e4ren Blick auf den See mit s\u00fcd\u00f6stlicher Ausrichtung bietet (nicht weit von den bekanntesten und beliebtesten Touristenorten des Gardasees entfernt), wird auf der Basis von Vollpension f\u00fcr alle G\u00e4ste der 140 verf\u00fcgbaren Suiten betrieben. Davon sind 50 % f\u00fcr Paare ohne Kinder und die anderen 50 % f\u00fcr Familien mit 3 bis 6 Kindern vorgesehen, was einer maximalen Kapazit\u00e4t von 374 Personen entspricht.<\/p>\n<p>WELLNESS &amp; FITNESS<\/p>\n<p>Den G\u00e4sten stehen zahlreiche Bereiche zur Verf\u00fcgung, um sich zu entspannen und sich dem Wellness zu widmen, darunter Saunen, Thermalb\u00e4der, beheizte Innen- und Au\u00dfenpools, Fitnessr\u00e4ume, Rehabilitationsr\u00e4ume sowie Massagen, Sch\u00f6nheits- oder Heilbehandlungen. Das Hotel wird 12 Monate im Jahr ge\u00f6ffnet sein und hundert Angestellte werden f\u00fcr die vielen angebotenen Dienstleistungen ben\u00f6tigt, darunter ein Miniclub f\u00fcr Kinder und ein Hundepark f\u00fcr diejenigen, die ihren Urlaub mit ihren Haustieren genie\u00dfen m\u00f6chten.<\/p>\n<p>Die Anlage befindet sich auf einer Gesamtfl\u00e4che von 71.425 Quadratmetern mit Blick auf den See, auf der urspr\u00fcnglich eine Gesundheitsresidenz gebaut werden sollte. Nachdem das Projekt gescheitert war, ersteigerte World Diamond Group SPA im Januar 2018 das Gel\u00e4nde f\u00fcr eine Gesamtsumme von rund 700.000 Euro (die Ausgangsbasis hatte vier Jahre zuvor bei 5 Millionen Euro gelegen).<\/p>\n","protected":false},"excerpt":{"rendered":"<p>F\u00fcr die Gemeinde Gargnano ist dies bereits die dritte Unterkunft dieser Kategorie, neben dem Grand Hotel in Villa Feltrinelli und dem Lefay Resort, das auch von Prominenten und Ber\u00fchmtheiten besucht wird.<\/p>\n","protected":false},"author":9,"featured_media":17799,"comment_status":"open","ping_status":"open","sticky":false,"template":"","format":"standard","meta":[],"categories":[2,6],"tags":[23,26,158,5425,5426],"news-destination":[],"news-source":[],"is_homepage":[],"ta_other":[],"featured_media_details":{"width":1200,"height":800,"file":"2025\/03\/RESORT.jpg","sizes":{"medium":{"file":"RESORT-300x200.jpg","width":300,"height":200,"mime-type":"image\/jpeg","source_url":"https:\/\/www.gardaseezeitung.it\/gardaseezeitung_new\/de\/wp-content\/uploads\/sites\/2\/2025\/03\/RESORT-300x200.jpg"},"large":{"file":"RESORT-1024x683.jpg","width":1024,"height":683,"mime-type":"image\/jpeg","source_url":"https:\/\/www.gardaseezeitung.it\/gardaseezeitung_new\/de\/wp-content\/uploads\/sites\/2\/2025\/03\/RESORT-1024x683.jpg"},"thumbnail":{"file":"RESORT-150x150.jpg","width":150,"height":150,"mime-type":"image\/jpeg","source_url":"https:\/\/www.gardaseezeitung.it\/gardaseezeitung_new\/de\/wp-content\/uploads\/sites\/2\/2025\/03\/RESORT-150x150.jpg"},"medium_large":{"file":"RESORT-768x512.jpg","width":768,"height":512,"mime-type":"image\/jpeg","source_url":"https:\/\/www.gardaseezeitung.it\/gardaseezeitung_new\/de\/wp-content\/uploads\/sites\/2\/2025\/03\/RESORT-768x512.jpg"},"big_image":{"file":"RESORT-750x500.jpg","width":750,"height":500,"mime-type":"image\/jpeg","source_url":"https:\/\/www.gardaseezeitung.it\/gardaseezeitung_new\/de\/wp-content\/uploads\/sites\/2\/2025\/03\/RESORT-750x500.jpg"},"guest-author-32":{"file":"RESORT-32x32.jpg","width":32,"height":32,"mime-type":"image\/jpeg","source_url":"https:\/\/www.gardaseezeitung.it\/gardaseezeitung_new\/de\/wp-content\/uploads\/sites\/2\/2025\/03\/RESORT-32x32.jpg"},"guest-author-50":{"file":"RESORT-50x50.jpg","width":50,"height":50,"mime-type":"image\/jpeg","source_url":"https:\/\/www.gardaseezeitung.it\/gardaseezeitung_new\/de\/wp-content\/uploads\/sites\/2\/2025\/03\/RESORT-50x50.jpg"},"guest-author-64":{"file":"RESORT-64x64.jpg","width":64,"height":64,"mime-type":"image\/jpeg","source_url":"https:\/\/www.gardaseezeitung.it\/gardaseezeitung_new\/de\/wp-content\/uploads\/sites\/2\/2025\/03\/RESORT-64x64.jpg"},"guest-author-96":{"file":"RESORT-96x96.jpg","width":96,"height":96,"mime-type":"image\/jpeg","source_url":"https:\/\/www.gardaseezeitung.it\/gardaseezeitung_new\/de\/wp-content\/uploads\/sites\/2\/2025\/03\/RESORT-96x96.jpg"},"guest-author-128":{"file":"RESORT-128x128.jpg","width":128,"height":128,"mime-type":"image\/jpeg","source_url":"https:\/\/www.gardaseezeitung.it\/gardaseezeitung_new\/de\/wp-content\/uploads\/sites\/2\/2025\/03\/RESORT-128x128.jpg"},"full":{"file":"RESORT.jpg","width":1200,"height":800,"mime_type":"","source_url":"https:\/\/www.gardaseezeitung.it\/gardaseezeitung_new\/de\/wp-content\/uploads\/sites\/2\/2025\/03\/RESORT.jpg"}},"image_meta":{"aperture":"0","credit":"","camera":"","caption":"","created_timestamp":"0","copyright":"","focal_length":"0","iso":"0","shutter_speed":"0","title":"","orientation":"1","keywords":[]}},"_links":{"self":[{"href":"https:\/\/www.gardaseezeitung.it\/gardaseezeitung_new\/de\/wp-json\/wp\/v2\/posts\/17800"}],"collection":[{"href":"https:\/\/www.gardaseezeitung.it\/gardaseezeitung_new\/de\/wp-json\/wp\/v2\/posts"}],"about":[{"href":"https:\/\/www.gardaseezeitung.it\/gardaseezeitung_new\/de\/wp-json\/wp\/v2\/types\/post"}],"author":[{"embeddable":true,"href":"https:\/\/www.gardaseezeitung.it\/gardaseezeitung_new\/de\/wp-json\/wp\/v2\/users\/9"}],"replies":[{"embeddable":true,"href":"https:\/\/www.gardaseezeitung.it\/gardaseezeitung_new\/de\/wp-json\/wp\/v2\/comments?post=17800"}],"version-history":[{"count":1,"href":"https:\/\/www.gardaseezeitung.it\/gardaseezeitung_new\/de\/wp-json\/wp\/v2\/posts\/17800\/revisions"}],"predecessor-version":[{"id":17801,"href":"https:\/\/www.gardaseezeitung.it\/gardaseezeitung_new\/de\/wp-json\/wp\/v2\/posts\/17800\/revisions\/17801"}],"wp:featuredmedia":[{"embeddable":true,"href":"https:\/\/www.gardaseezeitung.it\/gardaseezeitung_new\/de\/wp-json\/wp\/v2\/media\/17799"}],"wp:attachment":[{"href":"https:\/\/www.gardaseezeitung.it\/gardaseezeitung_new\/de\/wp-json\/wp\/v2\/media?parent=17800"}],"wp:term":[{"taxonomy":"category","embeddable":true,"href":"https:\/\/www.gardaseezeitung.it\/gardaseezeitung_new\/de\/wp-json\/wp\/v2\/categories?post=17800"},{"taxonomy":"post_tag","embeddable":true,"href":"https:\/\/www.gardaseezeitung.it\/gardaseezeitung_new\/de\/wp-json\/wp\/v2\/tags?post=17800"},{"taxonomy":"news-destination","embeddable":true,"href":"https:\/\/www.gardaseezeitung.it\/gardaseezeitung_new\/de\/wp-json\/wp\/v2\/news-destination?post=17800"},{"taxonomy":"news-source","embeddable":true,"href":"https:\/\/www.gardaseezeitung.it\/gardaseezeitung_new\/de\/wp-json\/wp\/v2\/news-source?post=17800"},{"taxonomy":"is_homepage","embeddable":true,"href":"https:\/\/www.gardaseezeitung.it\/gardaseezeitung_new\/de\/wp-json\/wp\/v2\/is_homepage?post=17800"},{"taxonomy":"ta_other","embeddable":true,"href":"https:\/\/www.gardaseezeitung.it\/gardaseezeitung_new\/de\/wp-json\/wp\/v2\/ta_other?post=17800"}],"curies":[{"name":"wp","href":"https:\/\/api.w.org\/{rel}","templated":true}]}}