{"id":17845,"date":"2025-05-06T00:41:42","date_gmt":"2025-05-05T22:41:42","guid":{"rendered":"http:\/\/euwps06.newsmemory.com\/gardaseezeitung_new\/de\/2025\/05\/06\/perbellini-kehrt-zurueck-um-die-sternedinner-der-opernfestspiele-arena-zu-verpflichten\/"},"modified":"2025-05-06T00:42:17","modified_gmt":"2025-05-05T22:42:17","slug":"perbellini-kehrt-zurueck-um-die-sternedinner-der-opernfestspiele-arena-zu-verpflichten","status":"publish","type":"post","link":"https:\/\/www.gardaseezeitung.it\/2025\/05\/06\/perbellini-kehrt-zurueck-um-die-sternedinner-der-opernfestspiele-arena-zu-verpflichten\/","title":{"rendered":"Perbellini kehrt zur\u00fcck, um die Sternedinner der Opernfestspiele Arena zu verpflichten"},"content":{"rendered":"<p>&nbsp;<\/p>\n<p>Die Casa Perbellini 12 Apostoli von Giancarlo Perbellini, dem Kultkoch der italienischen Gastronomieszene, wird die exklusiven Abendessen des Arena Opernfestivals 2025 im The Star Roof veranstalten, dem prestigetr\u00e4chtigsten Erlebnis des von Infront koordinierten Unternehmensprojekts der Fondazione Arena.<\/p>\n<p>Im Rahmen der Arena Opera Festival Experience 2025 stellt Infront sein Know-how im Management von Events und Hospitality auf hohem Niveau zur Verf\u00fcgung und k\u00fcmmert sich um jedes Detail der vier offiziellen Erlebnisse &#8211; The Star Roof, Stone Lounge, Backstage VIP Pass und Vinitaly, die Ouvert\u00fcre der Oper &#8211; mit dem Ziel, Unternehmen, institutionellen G\u00e4sten und dem internationalen Publikum eine neue Art des Opernerlebnisses zu bieten.<\/p>\n<p>Die exklusivste Erfahrung ist das Sternendach, wo K\u00fcchenchef Giancarlo Perbellini, der gerade seinen dritten Michelin-Stern erhalten hat, seine Brigade und seine kulinarischen K\u00fcnste in der stimmungsvollsten Umgebung Veronas zur Verf\u00fcgung stellt: eine intime und reservierte Terrasse mit Blick auf die Piazza Bra und privilegiertem Zugang zur K\u00f6nigsloge, um die Oper zu sehen. Eine Kombination aus Haute Cuisine und gro\u00dfartiger Live-Unterhaltung, die von Mitte Juni bis Anfang September nur 24 G\u00e4sten pro Abend zur Verf\u00fcgung stehen wird. Die Terrasse verbindet den ersten Ring des Amphitheaters mit dem noch erhaltenen Fl\u00fcgel des Erdbebens von 1117, der seit jeher ein Symbol f\u00fcr die Arena in der Welt ist.<\/p>\n<p>\u201eDie Star Roof Experience ist ein Ort, an dem Exzellenz, Tradition und Innovation mit gro\u00dfer Oper verschmelzen\u201c, sagt Alessandro Giacomini, Gesch\u00e4ftsf\u00fchrer von Infront Italy, \u201cdie Brigade von Giancarlo Perbellini mit ihrer Kunst und Vision an der Seite unseres Projekts zu haben, bedeutet, das Niveau des Angebots weiter zu erh\u00f6hen und die Arena di Verona als Ort kultureller und relationaler Exzellenz auch f\u00fcr die Unternehmenswelt zu konsolidieren.<\/p>\n<p>\u201eDies ist eine R\u00fcckkehr, auf die wir wirklich stolz sind\u201c, sagt Cecilia Gasdia, Leiterin der Stiftung Arena di Verona, \u201cDer Chefkoch Giancarlo Perbellini hat die erste Ausgabe dieses sch\u00f6nen und exklusiven Projekts vor drei Jahren eingeweiht und Sternedinner auf der Terrasse des Amphitheaters Wirklichkeit werden lassen. Wir freuen uns daher, diese Zusammenarbeit mit einem Chefkoch zu verst\u00e4rken, der die italienische Exzellenz in der Welt repr\u00e4sentiert, genau wie die Arena von Verona\u201c.<\/p>\n<p>Der Chefkoch Perbellini, der aus Verona stammt und bereits zahlreiche Spitzenrestaurants &#8211; darunter das historische \u201eCasa Perbellini 12 Apostoli\u201c &#8211; gef\u00fchrt hat, wird mit seiner Brigade die G\u00e4ste im Sternendach empfangen und einem ohnehin schon einzigartigen Erlebnis eine exklusive Note verleihen.<\/p>\n<p>The Star Roof stellt den H\u00f6hepunkt des Corporate Hospitality-Angebots des Arena Opera Festival Experience dar, mit dem Infront das Beste aus der Welt der Wirtschaft, des Weins, der Gastronomie und der Kultur in das gr\u00f6\u00dfte Open-Air-Opernhaus der Welt bringt.<\/p>\n<p>Reservierungen sind bereits m\u00f6glich unter: hospitality.italy@infrontsports.com<\/p>\n<p>f\u00fcr alle, die einen einmaligen Abend erleben m\u00f6chten: Haute Cuisine, Unterhaltung und erstklassige Gastfreundschaft im Herzen eines der ber\u00fchmtesten Orte Italiens.<\/p>\n","protected":false},"excerpt":{"rendered":"<p>Die K\u00fcche des Drei-Michelin-Sternekochs ist erneut Hauptdarsteller des exklusiven The Star Roof-Erlebnisses<\/p>\n","protected":false},"author":9,"featured_media":17844,"comment_status":"open","ping_status":"open","sticky":false,"template":"","format":"standard","meta":[],"categories":[2,5,6],"tags":[1746,5447,36,5448,5449,23,26,689,5450,5451,38],"news-destination":[],"news-source":[],"is_homepage":[],"ta_other":[],"featured_media_details":{"width":570,"height":379,"file":"2025\/05\/arena_perbellini_headsproduction.jpg","sizes":{"medium":{"file":"arena_perbellini_headsproduction-300x199.jpg","width":300,"height":199,"mime-type":"image\/jpeg","source_url":"https:\/\/www.gardaseezeitung.it\/gardaseezeitung_new\/de\/wp-content\/uploads\/sites\/2\/2025\/05\/arena_perbellini_headsproduction-300x199.jpg"},"thumbnail":{"file":"arena_perbellini_headsproduction-150x150.jpg","width":150,"height":150,"mime-type":"image\/jpeg","source_url":"https:\/\/www.gardaseezeitung.it\/gardaseezeitung_new\/de\/wp-content\/uploads\/sites\/2\/2025\/05\/arena_perbellini_headsproduction-150x150.jpg"},"guest-author-32":{"file":"arena_perbellini_headsproduction-32x32.jpg","width":32,"height":32,"mime-type":"image\/jpeg","source_url":"https:\/\/www.gardaseezeitung.it\/gardaseezeitung_new\/de\/wp-content\/uploads\/sites\/2\/2025\/05\/arena_perbellini_headsproduction-32x32.jpg"},"guest-author-50":{"file":"arena_perbellini_headsproduction-50x50.jpg","width":50,"height":50,"mime-type":"image\/jpeg","source_url":"https:\/\/www.gardaseezeitung.it\/gardaseezeitung_new\/de\/wp-content\/uploads\/sites\/2\/2025\/05\/arena_perbellini_headsproduction-50x50.jpg"},"guest-author-64":{"file":"arena_perbellini_headsproduction-64x64.jpg","width":64,"height":64,"mime-type":"image\/jpeg","source_url":"https:\/\/www.gardaseezeitung.it\/gardaseezeitung_new\/de\/wp-content\/uploads\/sites\/2\/2025\/05\/arena_perbellini_headsproduction-64x64.jpg"},"guest-author-96":{"file":"arena_perbellini_headsproduction-96x96.jpg","width":96,"height":96,"mime-type":"image\/jpeg","source_url":"https:\/\/www.gardaseezeitung.it\/gardaseezeitung_new\/de\/wp-content\/uploads\/sites\/2\/2025\/05\/arena_perbellini_headsproduction-96x96.jpg"},"guest-author-128":{"file":"arena_perbellini_headsproduction-128x128.jpg","width":128,"height":128,"mime-type":"image\/jpeg","source_url":"https:\/\/www.gardaseezeitung.it\/gardaseezeitung_new\/de\/wp-content\/uploads\/sites\/2\/2025\/05\/arena_perbellini_headsproduction-128x128.jpg"},"full":{"file":"arena_perbellini_headsproduction.jpg","width":570,"height":379,"mime_type":"","source_url":"https:\/\/www.gardaseezeitung.it\/gardaseezeitung_new\/de\/wp-content\/uploads\/sites\/2\/2025\/05\/arena_perbellini_headsproduction.jpg"}},"image_meta":{"aperture":"0","credit":"","camera":"","caption":"","created_timestamp":"0","copyright":"","focal_length":"0","iso":"0","shutter_speed":"0","title":"","orientation":"0","keywords":[]}},"_links":{"self":[{"href":"https:\/\/www.gardaseezeitung.it\/gardaseezeitung_new\/de\/wp-json\/wp\/v2\/posts\/17845"}],"collection":[{"href":"https:\/\/www.gardaseezeitung.it\/gardaseezeitung_new\/de\/wp-json\/wp\/v2\/posts"}],"about":[{"href":"https:\/\/www.gardaseezeitung.it\/gardaseezeitung_new\/de\/wp-json\/wp\/v2\/types\/post"}],"author":[{"embeddable":true,"href":"https:\/\/www.gardaseezeitung.it\/gardaseezeitung_new\/de\/wp-json\/wp\/v2\/users\/9"}],"replies":[{"embeddable":true,"href":"https:\/\/www.gardaseezeitung.it\/gardaseezeitung_new\/de\/wp-json\/wp\/v2\/comments?post=17845"}],"version-history":[{"count":1,"href":"https:\/\/www.gardaseezeitung.it\/gardaseezeitung_new\/de\/wp-json\/wp\/v2\/posts\/17845\/revisions"}],"predecessor-version":[{"id":17846,"href":"https:\/\/www.gardaseezeitung.it\/gardaseezeitung_new\/de\/wp-json\/wp\/v2\/posts\/17845\/revisions\/17846"}],"wp:featuredmedia":[{"embeddable":true,"href":"https:\/\/www.gardaseezeitung.it\/gardaseezeitung_new\/de\/wp-json\/wp\/v2\/media\/17844"}],"wp:attachment":[{"href":"https:\/\/www.gardaseezeitung.it\/gardaseezeitung_new\/de\/wp-json\/wp\/v2\/media?parent=17845"}],"wp:term":[{"taxonomy":"category","embeddable":true,"href":"https:\/\/www.gardaseezeitung.it\/gardaseezeitung_new\/de\/wp-json\/wp\/v2\/categories?post=17845"},{"taxonomy":"post_tag","embeddable":true,"href":"https:\/\/www.gardaseezeitung.it\/gardaseezeitung_new\/de\/wp-json\/wp\/v2\/tags?post=17845"},{"taxonomy":"news-destination","embeddable":true,"href":"https:\/\/www.gardaseezeitung.it\/gardaseezeitung_new\/de\/wp-json\/wp\/v2\/news-destination?post=17845"},{"taxonomy":"news-source","embeddable":true,"href":"https:\/\/www.gardaseezeitung.it\/gardaseezeitung_new\/de\/wp-json\/wp\/v2\/news-source?post=17845"},{"taxonomy":"is_homepage","embeddable":true,"href":"https:\/\/www.gardaseezeitung.it\/gardaseezeitung_new\/de\/wp-json\/wp\/v2\/is_homepage?post=17845"},{"taxonomy":"ta_other","embeddable":true,"href":"https:\/\/www.gardaseezeitung.it\/gardaseezeitung_new\/de\/wp-json\/wp\/v2\/ta_other?post=17845"}],"curies":[{"name":"wp","href":"https:\/\/api.w.org\/{rel}","templated":true}]}}