{"id":17852,"date":"2025-05-11T12:06:30","date_gmt":"2025-05-11T10:06:30","guid":{"rendered":"https:\/\/euwps05.newsmemory.com\/gardaseezeitung_new\/de\/2025\/05\/11\/valsabbia-berglaufhauptstadt-der-welt-vom-23-bis-25-mai\/"},"modified":"2025-05-11T12:06:32","modified_gmt":"2025-05-11T10:06:32","slug":"valsabbia-berglaufhauptstadt-der-welt-vom-23-bis-25-mai","status":"publish","type":"post","link":"https:\/\/www.gardaseezeitung.it\/2025\/05\/11\/valsabbia-berglaufhauptstadt-der-welt-vom-23-bis-25-mai\/","title":{"rendered":"Valsabbia Berglaufhauptstadt der Welt vom 23. bis 25. Mai"},"content":{"rendered":"<p>&nbsp;<\/p>\n<p>Vom 23. bis 25. Mai 2025 verwandelt sich das Valsabbia in das pulsierende Herz des Berglaufs mit der R\u00fcckkehr der Trophy und des Vertical Nasego, einer doppelten Etappe des WMRA-Weltcups und dem zweiten Rennen des Cup-Kalenders 2025. Ein Wochenende mit einer Mischung aus Adrenalin, spektakul\u00e4ren Aussichten und viel, viel kollektiver Begeisterung. Denn in Casto ist der Sport nicht nur ein Wettkampf: Er ist ein Fest, eine Gemeinschaft, eine transversale Leidenschaft, die Champions, junge Talente und ganze Familien vereint.<br \/>\nDas Wochenende beginnt am Freitag im Sportzentrum Famea mit dem Nasego Kids Run Training, einer speziellen Trainingseinheit f\u00fcr Kinder und Jugendliche (von der 1. bis zur 3. Klasse) zusammen mit internationalen Champions. Danach werden die Nationalmannschaften, die am Nasego Mountain Running Six Nations teilnehmen, in einer Er\u00f6ffnungszeremonie mit olympischem Flair aufmarschieren. Dann ist es Zeit f\u00fcr die offizielle Pr\u00e4sentation des Vertical Nasego mit allen gro\u00dfen Namen am Start und zum Abschluss gibt es Live-Musik mit dem lokalen K\u00fcnstler Chico Nember.<br \/>\nAm Samstag, den 24. September, wird das Rennen vertikal sein: 4,2 km mit 1000 Metern positivem H\u00f6henunterschied. Der Vertical Nasego ist kurz, aber unbarmherzig, startet im Zentrum von Casto und endet auf der Corna di Savallo auf 1436 Metern. Nach der Herausforderung gibt es eine Vorschau auf die H\u00f6hepunkte des Rennens und die Pr\u00e4sentation der Troph\u00e4e Nasego und ihrer Elite-Athleten. Zum Abschluss legte ein DJ unter dem Sternenhimmel auf, um die Anstrengungen mit Rhythmus und L\u00e4cheln zu feiern.<br \/>\nDer Sonntag, 25. Mai, ist der H\u00f6hepunkt. Die Troph\u00e4e Nasego, 21,5 km mit 1330 H\u00f6henmetern, stellt die weltbesten Spezialisten auf einer technischen Strecke, die die Schutzh\u00fctten Paradiso und Nasego ber\u00fchrt, auf die Probe. Parallel dazu stehen auch die Kleinen wieder im Rampenlicht mit dem Nasego Kids Sprint: Sprintbatterien auf der letzten Strecke des offiziellen Rennens, um gro\u00df zu tr\u00e4umen und den Nervenkitzel der Ziellinie wie die Champions zu erleben.<br \/>\nDas gro\u00dfe Finale ist ein kollektives Fest: Preisverleihung, Abschlussfeier der Nasego Six Nations und Super Team Memorial Damiano Guerra, gefolgt von einem dritten Mal mit DJ-Set zusammen mit den Weltcup-Siegern.<br \/>\nIm Valsabbia ist der Berglauf viel mehr als nur ein Sport. Er ist ein Lebensstil, eine Art und Weise, das Gebiet aufzuwerten, eine Gelegenheit, um zu empfangen und zu begeistern. Eine Veranstaltung, die jedes Jahr w\u00e4chst und die in der Lage ist, Wettkampfgeist und langsamen Tourismus, Leistung und Landschaft zu verbinden. Und Casto ist das Herzst\u00fcck: eine kleine Gemeinde, die sich die Nachhaltigkeit auf die Fahnen geschrieben hat (sie ist energieautark) und den Berglauf zu einer treibenden Kraft f\u00fcr Kultur, Sch\u00f6nheit und Zukunft gemacht hat.<\/p>\n<p>&nbsp;<\/p>\n","protected":false},"excerpt":{"rendered":"<p>Berglauf, aber nicht nur, in Casto, nur einen Steinwurf vom Gardasee entfernt<\/p>\n","protected":false},"author":9,"featured_media":17851,"comment_status":"open","ping_status":"open","sticky":false,"template":"","format":"standard","meta":[],"categories":[2,4,5,6],"tags":[2889,5457,5458,23,26,5459,726,5460,5461],"news-destination":[],"news-source":[],"is_homepage":[],"ta_other":[],"featured_media_details":{"width":1024,"height":768,"file":"2025\/05\/DY4_10633-1024x768-1.jpeg","sizes":{"medium":{"file":"DY4_10633-1024x768-1-300x225.jpeg","width":300,"height":225,"mime-type":"image\/jpeg","source_url":"https:\/\/www.gardaseezeitung.it\/gardaseezeitung_new\/de\/wp-content\/uploads\/sites\/2\/2025\/05\/DY4_10633-1024x768-1-300x225.jpeg"},"thumbnail":{"file":"DY4_10633-1024x768-1-150x150.jpeg","width":150,"height":150,"mime-type":"image\/jpeg","source_url":"https:\/\/www.gardaseezeitung.it\/gardaseezeitung_new\/de\/wp-content\/uploads\/sites\/2\/2025\/05\/DY4_10633-1024x768-1-150x150.jpeg"},"medium_large":{"file":"DY4_10633-1024x768-1-768x576.jpeg","width":768,"height":576,"mime-type":"image\/jpeg","source_url":"https:\/\/www.gardaseezeitung.it\/gardaseezeitung_new\/de\/wp-content\/uploads\/sites\/2\/2025\/05\/DY4_10633-1024x768-1-768x576.jpeg"},"big_image":{"file":"DY4_10633-1024x768-1-750x563.jpeg","width":750,"height":563,"mime-type":"image\/jpeg","source_url":"https:\/\/www.gardaseezeitung.it\/gardaseezeitung_new\/de\/wp-content\/uploads\/sites\/2\/2025\/05\/DY4_10633-1024x768-1-750x563.jpeg"},"guest-author-32":{"file":"DY4_10633-1024x768-1-32x32.jpeg","width":32,"height":32,"mime-type":"image\/jpeg","source_url":"https:\/\/www.gardaseezeitung.it\/gardaseezeitung_new\/de\/wp-content\/uploads\/sites\/2\/2025\/05\/DY4_10633-1024x768-1-32x32.jpeg"},"guest-author-50":{"file":"DY4_10633-1024x768-1-50x50.jpeg","width":50,"height":50,"mime-type":"image\/jpeg","source_url":"https:\/\/www.gardaseezeitung.it\/gardaseezeitung_new\/de\/wp-content\/uploads\/sites\/2\/2025\/05\/DY4_10633-1024x768-1-50x50.jpeg"},"guest-author-64":{"file":"DY4_10633-1024x768-1-64x64.jpeg","width":64,"height":64,"mime-type":"image\/jpeg","source_url":"https:\/\/www.gardaseezeitung.it\/gardaseezeitung_new\/de\/wp-content\/uploads\/sites\/2\/2025\/05\/DY4_10633-1024x768-1-64x64.jpeg"},"guest-author-96":{"file":"DY4_10633-1024x768-1-96x96.jpeg","width":96,"height":96,"mime-type":"image\/jpeg","source_url":"https:\/\/www.gardaseezeitung.it\/gardaseezeitung_new\/de\/wp-content\/uploads\/sites\/2\/2025\/05\/DY4_10633-1024x768-1-96x96.jpeg"},"guest-author-128":{"file":"DY4_10633-1024x768-1-128x128.jpeg","width":128,"height":128,"mime-type":"image\/jpeg","source_url":"https:\/\/www.gardaseezeitung.it\/gardaseezeitung_new\/de\/wp-content\/uploads\/sites\/2\/2025\/05\/DY4_10633-1024x768-1-128x128.jpeg"},"full":{"file":"DY4_10633-1024x768-1.jpeg","width":1024,"height":768,"mime_type":"","source_url":"https:\/\/www.gardaseezeitung.it\/gardaseezeitung_new\/de\/wp-content\/uploads\/sites\/2\/2025\/05\/DY4_10633-1024x768-1.jpeg"}},"image_meta":{"aperture":"0","credit":"Damiano Benedetto\/ corsainmontagna.it","camera":"","caption":"Casto, Brecia, Italy. May, 18th, 2019. Vertical Nasego 4,3 km 1.000 mt D+, Trofeo Nasego 21,42km start from Casto (424 m.a.s.l.) to the top at Rifugio Nasego (1.270 m.a.s.l.) and than down to the arrive at ABCF sporting center in  Famea (700 m.a.s.l.) 1.336 mt D+ 1.039 mt D-. 2019's Italian Mountain Running Championship. Damiano Benedetto\/ corsainmontagna.it","created_timestamp":"1558175903","copyright":"damianobenedettophoto","focal_length":"0","iso":"0","shutter_speed":"0","title":"Vertical\/ Trofeo Nasego 2019 Italian Mountain Running Championship","orientation":"1","keywords":["Vertical\/ Trofeo Nasego 2019 Italian Mountain Running Championship"]}},"_links":{"self":[{"href":"https:\/\/www.gardaseezeitung.it\/gardaseezeitung_new\/de\/wp-json\/wp\/v2\/posts\/17852"}],"collection":[{"href":"https:\/\/www.gardaseezeitung.it\/gardaseezeitung_new\/de\/wp-json\/wp\/v2\/posts"}],"about":[{"href":"https:\/\/www.gardaseezeitung.it\/gardaseezeitung_new\/de\/wp-json\/wp\/v2\/types\/post"}],"author":[{"embeddable":true,"href":"https:\/\/www.gardaseezeitung.it\/gardaseezeitung_new\/de\/wp-json\/wp\/v2\/users\/9"}],"replies":[{"embeddable":true,"href":"https:\/\/www.gardaseezeitung.it\/gardaseezeitung_new\/de\/wp-json\/wp\/v2\/comments?post=17852"}],"version-history":[{"count":0,"href":"https:\/\/www.gardaseezeitung.it\/gardaseezeitung_new\/de\/wp-json\/wp\/v2\/posts\/17852\/revisions"}],"wp:featuredmedia":[{"embeddable":true,"href":"https:\/\/www.gardaseezeitung.it\/gardaseezeitung_new\/de\/wp-json\/wp\/v2\/media\/17851"}],"wp:attachment":[{"href":"https:\/\/www.gardaseezeitung.it\/gardaseezeitung_new\/de\/wp-json\/wp\/v2\/media?parent=17852"}],"wp:term":[{"taxonomy":"category","embeddable":true,"href":"https:\/\/www.gardaseezeitung.it\/gardaseezeitung_new\/de\/wp-json\/wp\/v2\/categories?post=17852"},{"taxonomy":"post_tag","embeddable":true,"href":"https:\/\/www.gardaseezeitung.it\/gardaseezeitung_new\/de\/wp-json\/wp\/v2\/tags?post=17852"},{"taxonomy":"news-destination","embeddable":true,"href":"https:\/\/www.gardaseezeitung.it\/gardaseezeitung_new\/de\/wp-json\/wp\/v2\/news-destination?post=17852"},{"taxonomy":"news-source","embeddable":true,"href":"https:\/\/www.gardaseezeitung.it\/gardaseezeitung_new\/de\/wp-json\/wp\/v2\/news-source?post=17852"},{"taxonomy":"is_homepage","embeddable":true,"href":"https:\/\/www.gardaseezeitung.it\/gardaseezeitung_new\/de\/wp-json\/wp\/v2\/is_homepage?post=17852"},{"taxonomy":"ta_other","embeddable":true,"href":"https:\/\/www.gardaseezeitung.it\/gardaseezeitung_new\/de\/wp-json\/wp\/v2\/ta_other?post=17852"}],"curies":[{"name":"wp","href":"https:\/\/api.w.org\/{rel}","templated":true}]}}