{"id":17859,"date":"2025-05-13T00:48:32","date_gmt":"2025-05-12T22:48:32","guid":{"rendered":"https:\/\/euwps05.newsmemory.com\/gardaseezeitung_new\/de\/2025\/05\/13\/desenzano-15-mai-einweihung-der-neuen-seepromenade\/"},"modified":"2025-05-13T00:48:48","modified_gmt":"2025-05-12T22:48:48","slug":"desenzano-15-mai-einweihung-der-neuen-seepromenade","status":"publish","type":"post","link":"https:\/\/www.gardaseezeitung.it\/2025\/05\/13\/desenzano-15-mai-einweihung-der-neuen-seepromenade\/","title":{"rendered":"Desenzano, am 15. Mai Einweihung der neuen Seepromenade"},"content":{"rendered":"<p>&nbsp;<\/p>\n<p>Nach Jahren des Wartens, der Kontroversen und allerlei Unw\u00e4gbarkeiten (die Schlie\u00dfung des Feltrinelli-Strandes wurde viel diskutiert) und kurz vor Beginn der Sommersaison wird die neue Seepromenade von Desenzano am 15. Mai offiziell eingeweiht.<\/p>\n<p>Alles ist bereit f\u00fcr eine neue Seepromenade aus hellen Tonalite-Granitplatten und Rosso Verona-Stein f\u00fcr eine 10 Meter lange Verl\u00e4ngerung zum Gardasee hin, einen neuen Feltrinelli-Steg (der allerdings auf den urspr\u00fcnglichen Pylonen ruht), Designerm\u00f6bel, eine Beleuchtungsanlage, einen Rad- und Fu\u00dfweg mit B\u00e4umen und Gr\u00fcnfl\u00e4chen, die B\u00fcrger und Touristen willkommen hei\u00dfen. Au\u00dferdem ist Platz f\u00fcr den Sockel, auf dem die Statue des K\u00fcnstlers Walter Xausa aufgestellt werden soll, sowie f\u00fcr B\u00e4nke und einen atemberaubenden Blick auf den Benaco. Eigens f\u00fcr die Sitze des Raums, in dem das Kunstwerk untergebracht werden soll, wurden St\u00fccke aus rotem Veroneser Marmor wiederverwendet, aus denen die urspr\u00fcngliche Seepromenade aus den 1930er Jahren bestand.<\/p>\n<p>Zur Vervollst\u00e4ndigung der Infrastruktur, die fast 3,7 Millionen Euro gekostet hat, waren auch Arbeiten an der Entw\u00e4sserung und der Ableitung des Wildwassers erforderlich. Neue Rohre und Durchl\u00e4sse k\u00f6nnen nun einen maximalen Durchfluss von 10.815 Kubikmetern pro Sekunde ableiten, w\u00e4hrend die beiden Abfl\u00fcsse am See mit einer Durchflussmenge von 4.670 Kubikmetern pro Sekunde verbessert wurden.<\/p>\n<p>Der dritte Teil des Projekts muss noch bis zum Herbst warten, aber in der Zwischenzeit ist am Seeufer von Desenzano bereits Party angesagt.<\/p>\n","protected":false},"excerpt":{"rendered":"<p>Nach Abschluss des zweiten Bauabschnitts ist an der Seepromenade von Desenzano bereits Party angesagt<\/p>\n","protected":false},"author":9,"featured_media":17858,"comment_status":"open","ping_status":"open","sticky":false,"template":"","format":"standard","meta":[],"categories":[2,6,3],"tags":[131,4351,23,26,2103,5467],"news-destination":[],"news-source":[],"is_homepage":[],"ta_other":[],"featured_media_details":{"width":1200,"height":800,"file":"2025\/05\/lungolago-desenzano-rendering-2.jpg","sizes":{"medium":{"file":"lungolago-desenzano-rendering-2-300x200.jpg","width":300,"height":200,"mime-type":"image\/jpeg","source_url":"https:\/\/www.gardaseezeitung.it\/gardaseezeitung_new\/de\/wp-content\/uploads\/sites\/2\/2025\/05\/lungolago-desenzano-rendering-2-300x200.jpg"},"large":{"file":"lungolago-desenzano-rendering-2-1024x683.jpg","width":1024,"height":683,"mime-type":"image\/jpeg","source_url":"https:\/\/www.gardaseezeitung.it\/gardaseezeitung_new\/de\/wp-content\/uploads\/sites\/2\/2025\/05\/lungolago-desenzano-rendering-2-1024x683.jpg"},"thumbnail":{"file":"lungolago-desenzano-rendering-2-150x150.jpg","width":150,"height":150,"mime-type":"image\/jpeg","source_url":"https:\/\/www.gardaseezeitung.it\/gardaseezeitung_new\/de\/wp-content\/uploads\/sites\/2\/2025\/05\/lungolago-desenzano-rendering-2-150x150.jpg"},"medium_large":{"file":"lungolago-desenzano-rendering-2-768x512.jpg","width":768,"height":512,"mime-type":"image\/jpeg","source_url":"https:\/\/www.gardaseezeitung.it\/gardaseezeitung_new\/de\/wp-content\/uploads\/sites\/2\/2025\/05\/lungolago-desenzano-rendering-2-768x512.jpg"},"big_image":{"file":"lungolago-desenzano-rendering-2-750x500.jpg","width":750,"height":500,"mime-type":"image\/jpeg","source_url":"https:\/\/www.gardaseezeitung.it\/gardaseezeitung_new\/de\/wp-content\/uploads\/sites\/2\/2025\/05\/lungolago-desenzano-rendering-2-750x500.jpg"},"guest-author-32":{"file":"lungolago-desenzano-rendering-2-32x32.jpg","width":32,"height":32,"mime-type":"image\/jpeg","source_url":"https:\/\/www.gardaseezeitung.it\/gardaseezeitung_new\/de\/wp-content\/uploads\/sites\/2\/2025\/05\/lungolago-desenzano-rendering-2-32x32.jpg"},"guest-author-50":{"file":"lungolago-desenzano-rendering-2-50x50.jpg","width":50,"height":50,"mime-type":"image\/jpeg","source_url":"https:\/\/www.gardaseezeitung.it\/gardaseezeitung_new\/de\/wp-content\/uploads\/sites\/2\/2025\/05\/lungolago-desenzano-rendering-2-50x50.jpg"},"guest-author-64":{"file":"lungolago-desenzano-rendering-2-64x64.jpg","width":64,"height":64,"mime-type":"image\/jpeg","source_url":"https:\/\/www.gardaseezeitung.it\/gardaseezeitung_new\/de\/wp-content\/uploads\/sites\/2\/2025\/05\/lungolago-desenzano-rendering-2-64x64.jpg"},"guest-author-96":{"file":"lungolago-desenzano-rendering-2-96x96.jpg","width":96,"height":96,"mime-type":"image\/jpeg","source_url":"https:\/\/www.gardaseezeitung.it\/gardaseezeitung_new\/de\/wp-content\/uploads\/sites\/2\/2025\/05\/lungolago-desenzano-rendering-2-96x96.jpg"},"guest-author-128":{"file":"lungolago-desenzano-rendering-2-128x128.jpg","width":128,"height":128,"mime-type":"image\/jpeg","source_url":"https:\/\/www.gardaseezeitung.it\/gardaseezeitung_new\/de\/wp-content\/uploads\/sites\/2\/2025\/05\/lungolago-desenzano-rendering-2-128x128.jpg"},"full":{"file":"lungolago-desenzano-rendering-2.jpg","width":1200,"height":800,"mime_type":"","source_url":"https:\/\/www.gardaseezeitung.it\/gardaseezeitung_new\/de\/wp-content\/uploads\/sites\/2\/2025\/05\/lungolago-desenzano-rendering-2.jpg"}},"image_meta":{"aperture":"0","credit":"","camera":"","caption":"","created_timestamp":"0","copyright":"","focal_length":"0","iso":"0","shutter_speed":"0","title":"","orientation":"0","keywords":[]}},"_links":{"self":[{"href":"https:\/\/www.gardaseezeitung.it\/gardaseezeitung_new\/de\/wp-json\/wp\/v2\/posts\/17859"}],"collection":[{"href":"https:\/\/www.gardaseezeitung.it\/gardaseezeitung_new\/de\/wp-json\/wp\/v2\/posts"}],"about":[{"href":"https:\/\/www.gardaseezeitung.it\/gardaseezeitung_new\/de\/wp-json\/wp\/v2\/types\/post"}],"author":[{"embeddable":true,"href":"https:\/\/www.gardaseezeitung.it\/gardaseezeitung_new\/de\/wp-json\/wp\/v2\/users\/9"}],"replies":[{"embeddable":true,"href":"https:\/\/www.gardaseezeitung.it\/gardaseezeitung_new\/de\/wp-json\/wp\/v2\/comments?post=17859"}],"version-history":[{"count":1,"href":"https:\/\/www.gardaseezeitung.it\/gardaseezeitung_new\/de\/wp-json\/wp\/v2\/posts\/17859\/revisions"}],"predecessor-version":[{"id":17861,"href":"https:\/\/www.gardaseezeitung.it\/gardaseezeitung_new\/de\/wp-json\/wp\/v2\/posts\/17859\/revisions\/17861"}],"wp:featuredmedia":[{"embeddable":true,"href":"https:\/\/www.gardaseezeitung.it\/gardaseezeitung_new\/de\/wp-json\/wp\/v2\/media\/17858"}],"wp:attachment":[{"href":"https:\/\/www.gardaseezeitung.it\/gardaseezeitung_new\/de\/wp-json\/wp\/v2\/media?parent=17859"}],"wp:term":[{"taxonomy":"category","embeddable":true,"href":"https:\/\/www.gardaseezeitung.it\/gardaseezeitung_new\/de\/wp-json\/wp\/v2\/categories?post=17859"},{"taxonomy":"post_tag","embeddable":true,"href":"https:\/\/www.gardaseezeitung.it\/gardaseezeitung_new\/de\/wp-json\/wp\/v2\/tags?post=17859"},{"taxonomy":"news-destination","embeddable":true,"href":"https:\/\/www.gardaseezeitung.it\/gardaseezeitung_new\/de\/wp-json\/wp\/v2\/news-destination?post=17859"},{"taxonomy":"news-source","embeddable":true,"href":"https:\/\/www.gardaseezeitung.it\/gardaseezeitung_new\/de\/wp-json\/wp\/v2\/news-source?post=17859"},{"taxonomy":"is_homepage","embeddable":true,"href":"https:\/\/www.gardaseezeitung.it\/gardaseezeitung_new\/de\/wp-json\/wp\/v2\/is_homepage?post=17859"},{"taxonomy":"ta_other","embeddable":true,"href":"https:\/\/www.gardaseezeitung.it\/gardaseezeitung_new\/de\/wp-json\/wp\/v2\/ta_other?post=17859"}],"curies":[{"name":"wp","href":"https:\/\/api.w.org\/{rel}","templated":true}]}}