{"id":17862,"date":"2025-05-14T04:32:01","date_gmt":"2025-05-14T02:32:01","guid":{"rendered":"https:\/\/euwps05.newsmemory.com\/gardaseezeitung_new\/de\/2025\/05\/14\/blaue-flagge-2025-vier-straende-gardasee-ausgezeichnet\/"},"modified":"2025-05-16T14:02:01","modified_gmt":"2025-05-16T12:02:01","slug":"blaue-flagge-2025-vier-straende-gardasee-ausgezeichnet","status":"publish","type":"post","link":"https:\/\/www.gardaseezeitung.it\/2025\/05\/14\/blaue-flagge-2025-vier-straende-gardasee-ausgezeichnet\/","title":{"rendered":"Blaue Flagge 2025, vier Str\u00e4nde am Gardasee ausgezeichnet"},"content":{"rendered":"<p>&nbsp;<\/p>\n<p>Toscolano Maderno, Sirmione und Gardone Riviera sind die Gemeinden am Gardasee, die sich die Blaue Flagge 2025 gesichert haben. Genauer gesagt sind die besten Str\u00e4nde: <em>Lido Azzurro<\/em> in Toscolano Maderno, die Str\u00e4nde <em>Lido<\/em> und <em>Casin\u00f2<\/em> in Gardone und <em>Lido delle Grotte (Spiaggia Giamaica)<\/em> in Sirmione.<\/p>\n<p>Die Blaue Flagge ist eine internationale Auszeichnung, die jedes Jahr in 49 L\u00e4ndern, urspr\u00fcnglich nur in Europa, seit kurzem auch au\u00dferhalb Europas, mit Unterst\u00fctzung und Beteiligung der beiden UN-Organisationen UNEP (Umweltprogramm der Vereinten Nationen) und UNWTO (Welttourismusorganisation), mit denen die FEE (Stiftung f\u00fcr Umweltbildung) ein globales Partnerschaftsabkommen unterzeichnet hat und die von der UNESCO als weltweit f\u00fchrend im Bereich der Umweltbildung und Bildung f\u00fcr nachhaltige Entwicklung anerkannt ist.<\/p>\n<p>Die Blaue Flagge ist ein freiwilliges Umweltzeichen, das an Badeorte vergeben wird, die Kriterien f\u00fcr eine nachhaltige Bewirtschaftung des Gebiets erf\u00fcllen. Hauptziel dieses Programms ist es, die lokale Politik zahlreicher K\u00fcstenorte auf einen Prozess der \u00f6kologischen Nachhaltigkeit auszurichten.<\/p>\n<p>Die Blaue Flagge wird auf der Grundlage von 32 Kriterien des Programms vergeben, die regelm\u00e4\u00dfig aktualisiert werden, um die teilnehmenden lokalen Verwaltungen zu veranlassen, sich f\u00fcr die L\u00f6sung und Verbesserung der Probleme im Zusammenhang mit der Raumordnung im Hinblick auf einen sorgf\u00e4ltigen Umweltschutz einzusetzen, erkl\u00e4rt die Fee Italia, die der internationalen NGO Foundation for Environmental Education angeh\u00f6rt.<\/p>\n<p>&nbsp;<\/p>\n","protected":false},"excerpt":{"rendered":"<p>In ganz Italien wurden 246 Gemeinden ausgezeichnet, was 11,5 % der weltweit ausgezeichneten Str\u00e4nde entspricht<\/p>\n","protected":false},"author":9,"featured_media":16940,"comment_status":"open","ping_status":"open","sticky":false,"template":"","format":"standard","meta":[],"categories":[2,3],"tags":[2724,23,26,33,4366,5468,31,5469,344,5470,5471],"news-destination":[],"news-source":[],"is_homepage":[],"ta_other":[],"featured_media_details":{"width":826,"height":516,"file":"2024\/08\/8x5-Regola-equilibrio-Maccaferri-David-PSF2021-agosto-2024.jpg","sizes":{"medium":{"file":"8x5-Regola-equilibrio-Maccaferri-David-PSF2021-agosto-2024-300x187.jpg","width":300,"height":187,"mime-type":"image\/jpeg","source_url":"https:\/\/www.gardaseezeitung.it\/gardaseezeitung_new\/de\/wp-content\/uploads\/sites\/2\/2024\/08\/8x5-Regola-equilibrio-Maccaferri-David-PSF2021-agosto-2024-300x187.jpg"},"thumbnail":{"file":"8x5-Regola-equilibrio-Maccaferri-David-PSF2021-agosto-2024-150x150.jpg","width":150,"height":150,"mime-type":"image\/jpeg","source_url":"https:\/\/www.gardaseezeitung.it\/gardaseezeitung_new\/de\/wp-content\/uploads\/sites\/2\/2024\/08\/8x5-Regola-equilibrio-Maccaferri-David-PSF2021-agosto-2024-150x150.jpg"},"medium_large":{"file":"8x5-Regola-equilibrio-Maccaferri-David-PSF2021-agosto-2024-768x480.jpg","width":768,"height":480,"mime-type":"image\/jpeg","source_url":"https:\/\/www.gardaseezeitung.it\/gardaseezeitung_new\/de\/wp-content\/uploads\/sites\/2\/2024\/08\/8x5-Regola-equilibrio-Maccaferri-David-PSF2021-agosto-2024-768x480.jpg"},"big_image":{"file":"8x5-Regola-equilibrio-Maccaferri-David-PSF2021-agosto-2024-750x469.jpg","width":750,"height":469,"mime-type":"image\/jpeg","source_url":"https:\/\/www.gardaseezeitung.it\/gardaseezeitung_new\/de\/wp-content\/uploads\/sites\/2\/2024\/08\/8x5-Regola-equilibrio-Maccaferri-David-PSF2021-agosto-2024-750x469.jpg"},"guest-author-32":{"file":"8x5-Regola-equilibrio-Maccaferri-David-PSF2021-agosto-2024-32x32.jpg","width":32,"height":32,"mime-type":"image\/jpeg","source_url":"https:\/\/www.gardaseezeitung.it\/gardaseezeitung_new\/de\/wp-content\/uploads\/sites\/2\/2024\/08\/8x5-Regola-equilibrio-Maccaferri-David-PSF2021-agosto-2024-32x32.jpg"},"guest-author-50":{"file":"8x5-Regola-equilibrio-Maccaferri-David-PSF2021-agosto-2024-50x50.jpg","width":50,"height":50,"mime-type":"image\/jpeg","source_url":"https:\/\/www.gardaseezeitung.it\/gardaseezeitung_new\/de\/wp-content\/uploads\/sites\/2\/2024\/08\/8x5-Regola-equilibrio-Maccaferri-David-PSF2021-agosto-2024-50x50.jpg"},"guest-author-64":{"file":"8x5-Regola-equilibrio-Maccaferri-David-PSF2021-agosto-2024-64x64.jpg","width":64,"height":64,"mime-type":"image\/jpeg","source_url":"https:\/\/www.gardaseezeitung.it\/gardaseezeitung_new\/de\/wp-content\/uploads\/sites\/2\/2024\/08\/8x5-Regola-equilibrio-Maccaferri-David-PSF2021-agosto-2024-64x64.jpg"},"guest-author-96":{"file":"8x5-Regola-equilibrio-Maccaferri-David-PSF2021-agosto-2024-96x96.jpg","width":96,"height":96,"mime-type":"image\/jpeg","source_url":"https:\/\/www.gardaseezeitung.it\/gardaseezeitung_new\/de\/wp-content\/uploads\/sites\/2\/2024\/08\/8x5-Regola-equilibrio-Maccaferri-David-PSF2021-agosto-2024-96x96.jpg"},"guest-author-128":{"file":"8x5-Regola-equilibrio-Maccaferri-David-PSF2021-agosto-2024-128x128.jpg","width":128,"height":128,"mime-type":"image\/jpeg","source_url":"https:\/\/www.gardaseezeitung.it\/gardaseezeitung_new\/de\/wp-content\/uploads\/sites\/2\/2024\/08\/8x5-Regola-equilibrio-Maccaferri-David-PSF2021-agosto-2024-128x128.jpg"},"full":{"file":"8x5-Regola-equilibrio-Maccaferri-David-PSF2021-agosto-2024.jpg","width":826,"height":516,"mime_type":"","source_url":"https:\/\/www.gardaseezeitung.it\/gardaseezeitung_new\/de\/wp-content\/uploads\/sites\/2\/2024\/08\/8x5-Regola-equilibrio-Maccaferri-David-PSF2021-agosto-2024.jpg"}},"image_meta":{"aperture":"0","credit":"","camera":"","caption":"","created_timestamp":"0","copyright":"","focal_length":"0","iso":"0","shutter_speed":"0","title":"","orientation":"1","keywords":[]}},"_links":{"self":[{"href":"https:\/\/www.gardaseezeitung.it\/gardaseezeitung_new\/de\/wp-json\/wp\/v2\/posts\/17862"}],"collection":[{"href":"https:\/\/www.gardaseezeitung.it\/gardaseezeitung_new\/de\/wp-json\/wp\/v2\/posts"}],"about":[{"href":"https:\/\/www.gardaseezeitung.it\/gardaseezeitung_new\/de\/wp-json\/wp\/v2\/types\/post"}],"author":[{"embeddable":true,"href":"https:\/\/www.gardaseezeitung.it\/gardaseezeitung_new\/de\/wp-json\/wp\/v2\/users\/9"}],"replies":[{"embeddable":true,"href":"https:\/\/www.gardaseezeitung.it\/gardaseezeitung_new\/de\/wp-json\/wp\/v2\/comments?post=17862"}],"version-history":[{"count":1,"href":"https:\/\/www.gardaseezeitung.it\/gardaseezeitung_new\/de\/wp-json\/wp\/v2\/posts\/17862\/revisions"}],"predecessor-version":[{"id":17863,"href":"https:\/\/www.gardaseezeitung.it\/gardaseezeitung_new\/de\/wp-json\/wp\/v2\/posts\/17862\/revisions\/17863"}],"wp:featuredmedia":[{"embeddable":true,"href":"https:\/\/www.gardaseezeitung.it\/gardaseezeitung_new\/de\/wp-json\/wp\/v2\/media\/16940"}],"wp:attachment":[{"href":"https:\/\/www.gardaseezeitung.it\/gardaseezeitung_new\/de\/wp-json\/wp\/v2\/media?parent=17862"}],"wp:term":[{"taxonomy":"category","embeddable":true,"href":"https:\/\/www.gardaseezeitung.it\/gardaseezeitung_new\/de\/wp-json\/wp\/v2\/categories?post=17862"},{"taxonomy":"post_tag","embeddable":true,"href":"https:\/\/www.gardaseezeitung.it\/gardaseezeitung_new\/de\/wp-json\/wp\/v2\/tags?post=17862"},{"taxonomy":"news-destination","embeddable":true,"href":"https:\/\/www.gardaseezeitung.it\/gardaseezeitung_new\/de\/wp-json\/wp\/v2\/news-destination?post=17862"},{"taxonomy":"news-source","embeddable":true,"href":"https:\/\/www.gardaseezeitung.it\/gardaseezeitung_new\/de\/wp-json\/wp\/v2\/news-source?post=17862"},{"taxonomy":"is_homepage","embeddable":true,"href":"https:\/\/www.gardaseezeitung.it\/gardaseezeitung_new\/de\/wp-json\/wp\/v2\/is_homepage?post=17862"},{"taxonomy":"ta_other","embeddable":true,"href":"https:\/\/www.gardaseezeitung.it\/gardaseezeitung_new\/de\/wp-json\/wp\/v2\/ta_other?post=17862"}],"curies":[{"name":"wp","href":"https:\/\/api.w.org\/{rel}","templated":true}]}}