{"id":17865,"date":"2025-05-15T00:47:24","date_gmt":"2025-05-14T22:47:24","guid":{"rendered":"https:\/\/euwps05.newsmemory.com\/gardaseezeitung_new\/de\/2025\/05\/15\/vom-16-bis-18-maerz-kehrt-franciacorta-fiore-nach-bornato-zurueck\/"},"modified":"2025-05-16T15:25:58","modified_gmt":"2025-05-16T13:25:58","slug":"vom-16-bis-18-maerz-kehrt-franciacorta-fiore-nach-bornato-zurueck","status":"publish","type":"post","link":"https:\/\/www.gardaseezeitung.it\/2025\/05\/15\/vom-16-bis-18-maerz-kehrt-franciacorta-fiore-nach-bornato-zurueck\/","title":{"rendered":"Vom 16. bis 18. M\u00e4rz kehrt \u201eFranciacorta in Fiore\u201c nach Bornato zur\u00fcck"},"content":{"rendered":"<p>&nbsp;<\/p>\n<p>\u201eFranciacorta in Fiore\u201c ist eine beliebte und renommierte Pflanzen- und Blumenschau. In diesem Jahr wird die 26. Ausgabe der Initiative organisiert. Vom 16. bis zum 18. Mai wird der Borgo Antico von Bornato erneut zur Kulisse f\u00fcr Blumen- und Pflanzeninstallationen zahlreicher Aussteller: botanische Werke, die sich mit der althergebrachten Architektur verflechten.<\/p>\n<p>Seit 1999 \u2013 Jahr der ersten Ausgabe \u2013 ist es das Ziel dieser Veranstaltung, mit Blumen und Pflanzen von dem Territorium zu erz\u00e4hlen. Jedes Jahr findet das Event unter einem anderen Motto statt. Im vergangenen Jahr war es \u201eBlumen und Bienen. Essenz des Lebens und unendliche S\u00fc\u00dfe\u201c. In diesem Jahr ist das Thema hingegen \u201eAria tra fiori di mille colori\u201c (Luft zwischen Blumen der verschiedensten Farben). Mit ihm soll die Sch\u00f6nheit und die Vielfalt der Blumenwelt gefeiert werden. \u201eLuft ist Bewegung und Transformation. Sie ist grundlegend f\u00fcr das Leben der Blumen und erm\u00f6glicht die Best\u00e4ubung, den Prozess, der die Regeneration und den Fortbestand der Pflanzenwelt sichert. Luft ist aber auch ein kostbares Gut, das es zu erhalten und immer sauberer zu machen gilt. Pflanzen und B\u00e4ume spielen eine grundlegende Rolle, indem sie die Luft filtern und die Qualit\u00e4t der Umwelt, in der wir leben, verbessern\u201c, so Cristian Faita, Referent f\u00fcr die F\u00f6rderung des Gebiets von Cazzago San Martino.<\/p>\n<p>Bei Redaktionsschluss lag das diesj\u00e4hrige Programm noch nicht vor, doch die wohl wichtigste Neuheit wurde bereits bekannt gegeben: ein komplett erneuerter Ausstellungsparcours erwartet die Besucher. Das detaillierte Programm wird in den kommenden Tagen unter <i>www.franciacortainfiore.it<\/i> zu finden sein.<\/p>\n<p>&nbsp;<\/p>\n","protected":false},"excerpt":{"rendered":"<p>Die Altstadt ist erneut Schauplatz f\u00fcr Blumen- und Pflanzeninstallationen, botanische Kunstwerke, die sich mit der traditionellen Architektur vermischen<\/p>\n","protected":false},"author":9,"featured_media":17864,"comment_status":"open","ping_status":"open","sticky":false,"template":"","format":"standard","meta":[],"categories":[2,4,5],"tags":[871,4901,5472,5473,4903,23,26],"news-destination":[],"news-source":[],"is_homepage":[],"ta_other":[],"featured_media_details":{"width":1354,"height":903,"file":"2025\/05\/Franciacorta-in-fiore-1.jpg","sizes":{"medium":{"file":"Franciacorta-in-fiore-1-300x200.jpg","width":300,"height":200,"mime-type":"image\/jpeg","source_url":"https:\/\/www.gardaseezeitung.it\/gardaseezeitung_new\/de\/wp-content\/uploads\/sites\/2\/2025\/05\/Franciacorta-in-fiore-1-300x200.jpg"},"large":{"file":"Franciacorta-in-fiore-1-1024x683.jpg","width":1024,"height":683,"mime-type":"image\/jpeg","source_url":"https:\/\/www.gardaseezeitung.it\/gardaseezeitung_new\/de\/wp-content\/uploads\/sites\/2\/2025\/05\/Franciacorta-in-fiore-1-1024x683.jpg"},"thumbnail":{"file":"Franciacorta-in-fiore-1-150x150.jpg","width":150,"height":150,"mime-type":"image\/jpeg","source_url":"https:\/\/www.gardaseezeitung.it\/gardaseezeitung_new\/de\/wp-content\/uploads\/sites\/2\/2025\/05\/Franciacorta-in-fiore-1-150x150.jpg"},"medium_large":{"file":"Franciacorta-in-fiore-1-768x512.jpg","width":768,"height":512,"mime-type":"image\/jpeg","source_url":"https:\/\/www.gardaseezeitung.it\/gardaseezeitung_new\/de\/wp-content\/uploads\/sites\/2\/2025\/05\/Franciacorta-in-fiore-1-768x512.jpg"},"big_image":{"file":"Franciacorta-in-fiore-1-750x500.jpg","width":750,"height":500,"mime-type":"image\/jpeg","source_url":"https:\/\/www.gardaseezeitung.it\/gardaseezeitung_new\/de\/wp-content\/uploads\/sites\/2\/2025\/05\/Franciacorta-in-fiore-1-750x500.jpg"},"guest-author-32":{"file":"Franciacorta-in-fiore-1-32x32.jpg","width":32,"height":32,"mime-type":"image\/jpeg","source_url":"https:\/\/www.gardaseezeitung.it\/gardaseezeitung_new\/de\/wp-content\/uploads\/sites\/2\/2025\/05\/Franciacorta-in-fiore-1-32x32.jpg"},"guest-author-50":{"file":"Franciacorta-in-fiore-1-50x50.jpg","width":50,"height":50,"mime-type":"image\/jpeg","source_url":"https:\/\/www.gardaseezeitung.it\/gardaseezeitung_new\/de\/wp-content\/uploads\/sites\/2\/2025\/05\/Franciacorta-in-fiore-1-50x50.jpg"},"guest-author-64":{"file":"Franciacorta-in-fiore-1-64x64.jpg","width":64,"height":64,"mime-type":"image\/jpeg","source_url":"https:\/\/www.gardaseezeitung.it\/gardaseezeitung_new\/de\/wp-content\/uploads\/sites\/2\/2025\/05\/Franciacorta-in-fiore-1-64x64.jpg"},"guest-author-96":{"file":"Franciacorta-in-fiore-1-96x96.jpg","width":96,"height":96,"mime-type":"image\/jpeg","source_url":"https:\/\/www.gardaseezeitung.it\/gardaseezeitung_new\/de\/wp-content\/uploads\/sites\/2\/2025\/05\/Franciacorta-in-fiore-1-96x96.jpg"},"guest-author-128":{"file":"Franciacorta-in-fiore-1-128x128.jpg","width":128,"height":128,"mime-type":"image\/jpeg","source_url":"https:\/\/www.gardaseezeitung.it\/gardaseezeitung_new\/de\/wp-content\/uploads\/sites\/2\/2025\/05\/Franciacorta-in-fiore-1-128x128.jpg"},"full":{"file":"Franciacorta-in-fiore-1.jpg","width":1354,"height":903,"mime_type":"","source_url":"https:\/\/www.gardaseezeitung.it\/gardaseezeitung_new\/de\/wp-content\/uploads\/sites\/2\/2025\/05\/Franciacorta-in-fiore-1.jpg"}},"image_meta":{"aperture":"0","credit":"","camera":"","caption":"","created_timestamp":"0","copyright":"","focal_length":"0","iso":"0","shutter_speed":"0","title":"","orientation":"0","keywords":[]}},"_links":{"self":[{"href":"https:\/\/www.gardaseezeitung.it\/gardaseezeitung_new\/de\/wp-json\/wp\/v2\/posts\/17865"}],"collection":[{"href":"https:\/\/www.gardaseezeitung.it\/gardaseezeitung_new\/de\/wp-json\/wp\/v2\/posts"}],"about":[{"href":"https:\/\/www.gardaseezeitung.it\/gardaseezeitung_new\/de\/wp-json\/wp\/v2\/types\/post"}],"author":[{"embeddable":true,"href":"https:\/\/www.gardaseezeitung.it\/gardaseezeitung_new\/de\/wp-json\/wp\/v2\/users\/9"}],"replies":[{"embeddable":true,"href":"https:\/\/www.gardaseezeitung.it\/gardaseezeitung_new\/de\/wp-json\/wp\/v2\/comments?post=17865"}],"version-history":[{"count":1,"href":"https:\/\/www.gardaseezeitung.it\/gardaseezeitung_new\/de\/wp-json\/wp\/v2\/posts\/17865\/revisions"}],"predecessor-version":[{"id":17869,"href":"https:\/\/www.gardaseezeitung.it\/gardaseezeitung_new\/de\/wp-json\/wp\/v2\/posts\/17865\/revisions\/17869"}],"wp:featuredmedia":[{"embeddable":true,"href":"https:\/\/www.gardaseezeitung.it\/gardaseezeitung_new\/de\/wp-json\/wp\/v2\/media\/17864"}],"wp:attachment":[{"href":"https:\/\/www.gardaseezeitung.it\/gardaseezeitung_new\/de\/wp-json\/wp\/v2\/media?parent=17865"}],"wp:term":[{"taxonomy":"category","embeddable":true,"href":"https:\/\/www.gardaseezeitung.it\/gardaseezeitung_new\/de\/wp-json\/wp\/v2\/categories?post=17865"},{"taxonomy":"post_tag","embeddable":true,"href":"https:\/\/www.gardaseezeitung.it\/gardaseezeitung_new\/de\/wp-json\/wp\/v2\/tags?post=17865"},{"taxonomy":"news-destination","embeddable":true,"href":"https:\/\/www.gardaseezeitung.it\/gardaseezeitung_new\/de\/wp-json\/wp\/v2\/news-destination?post=17865"},{"taxonomy":"news-source","embeddable":true,"href":"https:\/\/www.gardaseezeitung.it\/gardaseezeitung_new\/de\/wp-json\/wp\/v2\/news-source?post=17865"},{"taxonomy":"is_homepage","embeddable":true,"href":"https:\/\/www.gardaseezeitung.it\/gardaseezeitung_new\/de\/wp-json\/wp\/v2\/is_homepage?post=17865"},{"taxonomy":"ta_other","embeddable":true,"href":"https:\/\/www.gardaseezeitung.it\/gardaseezeitung_new\/de\/wp-json\/wp\/v2\/ta_other?post=17865"}],"curies":[{"name":"wp","href":"https:\/\/api.w.org\/{rel}","templated":true}]}}