{"id":17884,"date":"2025-06-05T15:39:20","date_gmt":"2025-06-05T13:39:20","guid":{"rendered":"https:\/\/euwps05.newsmemory.com\/gardaseezeitung_new\/de\/2025\/06\/05\/vom-6-bis-8-juni-findet-das-malcesine-indipendent-music-festival-statt\/"},"modified":"2025-06-12T15:43:38","modified_gmt":"2025-06-12T13:43:38","slug":"vom-6-bis-8-juni-findet-das-malcesine-indipendent-music-festival-statt","status":"publish","type":"post","link":"https:\/\/www.gardaseezeitung.it\/2025\/06\/05\/vom-6-bis-8-juni-findet-das-malcesine-indipendent-music-festival-statt\/","title":{"rendered":"Vom 6. bis 8. Juni findet das \u201eMalcesine Independent Music Festival\u201c statt"},"content":{"rendered":"<p>&nbsp;<\/p>\n<p>Malcesine bereitet sich auf ein neues Musikfestival vor, das direkt ins Herz der unabh\u00e4ngigen Kreativit\u00e4t zielt. Am Wochenende vom 6. bis 8. Juni findet in Paina die erste Ausgabe des Malcesine Indipendent Music Festival statt, einer Veranstaltung, die der Musik von Songwritern gewidmet ist.<\/p>\n<p>An drei aufeinanderfolgenden Abenden ab 20.45 Uhr treten auf der B\u00fchne K\u00fcnstler aus ganz Italien auf, die aufgrund ihres originellen Stils und ihrer F\u00e4higkeit, neue und authentische Musiksprachen zum Ausdruck zu bringen, ausgew\u00e4hlt wurden. Es werden auch Namen aus der Region des Gardasees vertreten sein, was die lokale Verankerung eines Projekts best\u00e4tigt, das weit blickt, aber aus der N\u00e4he entstanden ist.<\/p>\n<p>Die Er\u00f6ffnung des Festivals am Freitag, 6. Juni, \u00fcbernimmt Chiara Ragnini, eine raffinierte Singer-Songwriterin aus Ligurien, die bereits auf den B\u00fchnen des Club Tenco stand und mit K\u00fcnstlern wie Vinicio Capossela und Paolo Jannacci zusammengearbeitet hat. Anschlie\u00dfend wird der vielseitige Porfirio Rubirosa, Gewinner zahlreicher Preise f\u00fcr Songwriting, eine \u00fcberraschende und unkonventionelle Show pr\u00e4sentieren, die seinem unverwechselbaren Stil entspricht.<\/p>\n<p>Am Samstag, den 7. Juni, stehen die aus den Marken stammende Band Capabr\u00f2, die f\u00fcr die mitrei\u00dfende Energie ihrer Konzerte und die scharfe Ironie ihrer Texte bekannt ist, und der friaulische Rapper Doro Gjat, authentische Stimme der Karniolen mit einer k\u00fcnstlerischen Laufbahn, die Wurzeln und Moderne verbindet und vom Kollektiv Carnicats zu einer soliden Solokarriere f\u00fchrte, im Mittelpunkt.<\/p>\n<p>Den Abschluss bilden am Sonntag, 8. Juni, Elia Truschelli, ein junger Singer-Songwriter aus Verona, der Folk und Poesie in emotional facettenreichen Songs verbindet, und die Bastard Sons of Dioniso, ein Power-Trio aus dem Trentino, das mit dem zweiten Platz bei X Factor 2009 das gro\u00dfe Publikum erobert hat. Mit acht Alben, einer zwanzigj\u00e4hrigen Karriere und renommierten Auszeichnungen wie der Targa Tenco wird die Band die ganze Kraft ihres unverwechselbaren Sounds auf die B\u00fchne bringen.<\/p>\n<p>&nbsp;<\/p>\n","protected":false},"excerpt":{"rendered":"<p>Termin in Paina. K\u00fcnstler aus ganz Italien und gro\u00dfes Finale mit den Bastard Sons of Dioniso<\/p>\n","protected":false},"author":9,"featured_media":17885,"comment_status":"open","ping_status":"open","sticky":false,"template":"","format":"standard","meta":[],"categories":[2,4,5,3],"tags":[23,26,170,5479],"news-destination":[],"news-source":[],"is_homepage":[],"ta_other":[],"featured_media_details":{"width":1600,"height":717,"file":"2025\/06\/5b58bc08-52f8-e105-e16a-2534ccc77486-1.jpg","sizes":{"medium":{"file":"5b58bc08-52f8-e105-e16a-2534ccc77486-1-300x134.jpg","width":300,"height":134,"mime-type":"image\/jpeg","source_url":"https:\/\/www.gardaseezeitung.it\/gardaseezeitung_new\/de\/wp-content\/uploads\/sites\/2\/2025\/06\/5b58bc08-52f8-e105-e16a-2534ccc77486-1-300x134.jpg"},"large":{"file":"5b58bc08-52f8-e105-e16a-2534ccc77486-1-1024x459.jpg","width":1024,"height":459,"mime-type":"image\/jpeg","source_url":"https:\/\/www.gardaseezeitung.it\/gardaseezeitung_new\/de\/wp-content\/uploads\/sites\/2\/2025\/06\/5b58bc08-52f8-e105-e16a-2534ccc77486-1-1024x459.jpg"},"thumbnail":{"file":"5b58bc08-52f8-e105-e16a-2534ccc77486-1-150x150.jpg","width":150,"height":150,"mime-type":"image\/jpeg","source_url":"https:\/\/www.gardaseezeitung.it\/gardaseezeitung_new\/de\/wp-content\/uploads\/sites\/2\/2025\/06\/5b58bc08-52f8-e105-e16a-2534ccc77486-1-150x150.jpg"},"medium_large":{"file":"5b58bc08-52f8-e105-e16a-2534ccc77486-1-768x344.jpg","width":768,"height":344,"mime-type":"image\/jpeg","source_url":"https:\/\/www.gardaseezeitung.it\/gardaseezeitung_new\/de\/wp-content\/uploads\/sites\/2\/2025\/06\/5b58bc08-52f8-e105-e16a-2534ccc77486-1-768x344.jpg"},"1536x1536":{"file":"5b58bc08-52f8-e105-e16a-2534ccc77486-1-1536x688.jpg","width":1536,"height":688,"mime-type":"image\/jpeg","source_url":"https:\/\/www.gardaseezeitung.it\/gardaseezeitung_new\/de\/wp-content\/uploads\/sites\/2\/2025\/06\/5b58bc08-52f8-e105-e16a-2534ccc77486-1-1536x688.jpg"},"big_image":{"file":"5b58bc08-52f8-e105-e16a-2534ccc77486-1-750x336.jpg","width":750,"height":336,"mime-type":"image\/jpeg","source_url":"https:\/\/www.gardaseezeitung.it\/gardaseezeitung_new\/de\/wp-content\/uploads\/sites\/2\/2025\/06\/5b58bc08-52f8-e105-e16a-2534ccc77486-1-750x336.jpg"},"guest-author-32":{"file":"5b58bc08-52f8-e105-e16a-2534ccc77486-1-32x32.jpg","width":32,"height":32,"mime-type":"image\/jpeg","source_url":"https:\/\/www.gardaseezeitung.it\/gardaseezeitung_new\/de\/wp-content\/uploads\/sites\/2\/2025\/06\/5b58bc08-52f8-e105-e16a-2534ccc77486-1-32x32.jpg"},"guest-author-50":{"file":"5b58bc08-52f8-e105-e16a-2534ccc77486-1-50x50.jpg","width":50,"height":50,"mime-type":"image\/jpeg","source_url":"https:\/\/www.gardaseezeitung.it\/gardaseezeitung_new\/de\/wp-content\/uploads\/sites\/2\/2025\/06\/5b58bc08-52f8-e105-e16a-2534ccc77486-1-50x50.jpg"},"guest-author-64":{"file":"5b58bc08-52f8-e105-e16a-2534ccc77486-1-64x64.jpg","width":64,"height":64,"mime-type":"image\/jpeg","source_url":"https:\/\/www.gardaseezeitung.it\/gardaseezeitung_new\/de\/wp-content\/uploads\/sites\/2\/2025\/06\/5b58bc08-52f8-e105-e16a-2534ccc77486-1-64x64.jpg"},"guest-author-96":{"file":"5b58bc08-52f8-e105-e16a-2534ccc77486-1-96x96.jpg","width":96,"height":96,"mime-type":"image\/jpeg","source_url":"https:\/\/www.gardaseezeitung.it\/gardaseezeitung_new\/de\/wp-content\/uploads\/sites\/2\/2025\/06\/5b58bc08-52f8-e105-e16a-2534ccc77486-1-96x96.jpg"},"guest-author-128":{"file":"5b58bc08-52f8-e105-e16a-2534ccc77486-1-128x128.jpg","width":128,"height":128,"mime-type":"image\/jpeg","source_url":"https:\/\/www.gardaseezeitung.it\/gardaseezeitung_new\/de\/wp-content\/uploads\/sites\/2\/2025\/06\/5b58bc08-52f8-e105-e16a-2534ccc77486-1-128x128.jpg"},"full":{"file":"5b58bc08-52f8-e105-e16a-2534ccc77486-1.jpg","width":1600,"height":717,"mime_type":"","source_url":"https:\/\/www.gardaseezeitung.it\/gardaseezeitung_new\/de\/wp-content\/uploads\/sites\/2\/2025\/06\/5b58bc08-52f8-e105-e16a-2534ccc77486-1.jpg"}},"image_meta":{"aperture":"0","credit":"","camera":"","caption":"","created_timestamp":"0","copyright":"","focal_length":"0","iso":"0","shutter_speed":"0","title":"","orientation":"0","keywords":[]}},"_links":{"self":[{"href":"https:\/\/www.gardaseezeitung.it\/gardaseezeitung_new\/de\/wp-json\/wp\/v2\/posts\/17884"}],"collection":[{"href":"https:\/\/www.gardaseezeitung.it\/gardaseezeitung_new\/de\/wp-json\/wp\/v2\/posts"}],"about":[{"href":"https:\/\/www.gardaseezeitung.it\/gardaseezeitung_new\/de\/wp-json\/wp\/v2\/types\/post"}],"author":[{"embeddable":true,"href":"https:\/\/www.gardaseezeitung.it\/gardaseezeitung_new\/de\/wp-json\/wp\/v2\/users\/9"}],"replies":[{"embeddable":true,"href":"https:\/\/www.gardaseezeitung.it\/gardaseezeitung_new\/de\/wp-json\/wp\/v2\/comments?post=17884"}],"version-history":[{"count":1,"href":"https:\/\/www.gardaseezeitung.it\/gardaseezeitung_new\/de\/wp-json\/wp\/v2\/posts\/17884\/revisions"}],"predecessor-version":[{"id":17886,"href":"https:\/\/www.gardaseezeitung.it\/gardaseezeitung_new\/de\/wp-json\/wp\/v2\/posts\/17884\/revisions\/17886"}],"wp:featuredmedia":[{"embeddable":true,"href":"https:\/\/www.gardaseezeitung.it\/gardaseezeitung_new\/de\/wp-json\/wp\/v2\/media\/17885"}],"wp:attachment":[{"href":"https:\/\/www.gardaseezeitung.it\/gardaseezeitung_new\/de\/wp-json\/wp\/v2\/media?parent=17884"}],"wp:term":[{"taxonomy":"category","embeddable":true,"href":"https:\/\/www.gardaseezeitung.it\/gardaseezeitung_new\/de\/wp-json\/wp\/v2\/categories?post=17884"},{"taxonomy":"post_tag","embeddable":true,"href":"https:\/\/www.gardaseezeitung.it\/gardaseezeitung_new\/de\/wp-json\/wp\/v2\/tags?post=17884"},{"taxonomy":"news-destination","embeddable":true,"href":"https:\/\/www.gardaseezeitung.it\/gardaseezeitung_new\/de\/wp-json\/wp\/v2\/news-destination?post=17884"},{"taxonomy":"news-source","embeddable":true,"href":"https:\/\/www.gardaseezeitung.it\/gardaseezeitung_new\/de\/wp-json\/wp\/v2\/news-source?post=17884"},{"taxonomy":"is_homepage","embeddable":true,"href":"https:\/\/www.gardaseezeitung.it\/gardaseezeitung_new\/de\/wp-json\/wp\/v2\/is_homepage?post=17884"},{"taxonomy":"ta_other","embeddable":true,"href":"https:\/\/www.gardaseezeitung.it\/gardaseezeitung_new\/de\/wp-json\/wp\/v2\/ta_other?post=17884"}],"curies":[{"name":"wp","href":"https:\/\/api.w.org\/{rel}","templated":true}]}}