{"id":17889,"date":"2025-06-12T15:49:27","date_gmt":"2025-06-12T13:49:27","guid":{"rendered":"http:\/\/euwps06.newsmemory.com\/gardaseezeitung_new\/de\/2025\/06\/12\/verona-freitag-13-juni-die-arena-premiere-ist-da\/"},"modified":"2025-06-19T16:17:05","modified_gmt":"2025-06-19T14:17:05","slug":"verona-freitag-13-juni-die-arena-premiere-ist-da","status":"publish","type":"post","link":"https:\/\/www.gardaseezeitung.it\/2025\/06\/12\/verona-freitag-13-juni-die-arena-premiere-ist-da\/","title":{"rendered":"Verona, Freitag 13. Juni: Die Arena Premiere ist da"},"content":{"rendered":"<p>&nbsp;<\/p>\n<p>Am morgigen Freitag, dem 13. Juni, hebt sich der Vorhang f\u00fcr die 102. Opernfestspiele in der Arena di Verona: Verdis Nabucco, ein intensives, biblisch inspiriertes Chorfresko, das zum \u201eSoundtrack\u201c des italienischen Risorgimento geworden ist, wird in einer in jeder Hinsicht neuen Inszenierung des Vision\u00e4rs Stefano Poda wiederaufgenommen. Die Oper wird zu einer zeitlosen Reise zwischen Konflikt und Vers\u00f6hnung, zwischen Stolz und Hoffnung, zwischen Humanismus und Technologie: Die verfeindeten V\u00f6lker in Nabucco sind alle Menschen, alle V\u00f6lker, von gestern, heute und vielleicht morgen, die sich durch eine gewaltsame und schmerzhafte Trennung, aber mit der Hoffnung auf eine neue Wiedervereinigung entdecken. Eine Inszenierung, die auch eine gro\u00dfe technische Herausforderung f\u00fcr die Mitarbeiter der Arena und die zahlreichen beteiligten Werkst\u00e4tten darstellt, mit noch nie dagewesenen L\u00f6sungen f\u00fcr die 3.000 Kost\u00fcme und spektakul\u00e4ren B\u00fchneneffekte. Auf der B\u00fchne stehen 400 Darsteller, Mimen, Figuranten, Ballo, die in noch nie dagewesenen Choreographien k\u00e4mpfen, und nat\u00fcrlich der Chor, der wahre Protagonist der Oper.<\/p>\n<p>Es ist der neue Nabucco von Giuseppe Verdi, unterzeichnet von Stefano Poda, den Rai Cultura am Samstag, den 21. Juni um 21.20 Uhr auf Rai 3 anl\u00e4sslich des Weltmusiktages in Zusammenarbeit mit dem Kulturministeriumvorstellt. An diesem Abend unter der Regie von Fabrizio Guttuso Alaimo treten Cristiana Capotondi und Alessandro Preziosi auf.<\/p>\n<p>Auf der B\u00fchne stehen internationale Opernstars, angef\u00fchrt von Amartuvshin Enkhbat, einer imposanten Stimme, die in den entlegenen H\u00f6hen der Mongolei geboren wurde und heute ein f\u00fchrender Verdi-Bariton ist. Neben ihm Anna Pirozzi in der unnachgiebigen Rolle der Abigaille, Vasilisa Berzhanskaya (Fenena), Francesco Meli (Ismaele), Roberto Tagliavini (Zaccaria), Carlo Bosi (Abdallo), Gabriele Sagona (Hohepriester von Belo) und Daniela Cappiello (Anna). \u00dcber 160 Mitwirkende im Chor unter der Leitung von Roberto Gabbiani und 120 imOrchester der Stiftung Arena unter der Leitung des erfahrenen Maestros Pinchas Steinberg, der 25 Jahre nach seinem Deb\u00fct in der Arena seine lang erwartete R\u00fcckkehr nach Verona feiert.<\/p>\n<p>Ein Titel, der in der Arena seit jeher f\u00fcr seine eigentliche und spektakul\u00e4re chorische Qualit\u00e4t geliebt wird, ist in der neuen Inszenierung Nabucco bereits als \u201eatomar\u201c definiert worden: in seinem Reichtum und seiner Multimedialit\u00e4t stellt er auch eine gro\u00dfe technische Herausforderung f\u00fcr die Mitarbeiter der Arena und die zahlreichen beteiligten Werkst\u00e4tten dar, mit noch nie dagewesenen L\u00f6sungen f\u00fcr Kost\u00fcme und B\u00fchneneffekte. Gro\u00dfe symbolische Elemente und innovative Lichtdesigns verbinden sich auf der B\u00fchne mit Verdis Drama, das von einem Konflikt nicht nur zwischen den V\u00f6lkern, sondern auch in jedem Einzelnen, zwischen Stolz, Gewissen und Hoffnung erz\u00e4hlt. Eine Idee des permanenten Konflikts, die in jedem Moment der Inszenierung durch verschiedene Visionen des Krieges, vom bedrohlichen postmodernen S\u00e4belrasseln bis zur Atomrakete, dekliniert wird.<\/p>\n<p>\u201eZwei Polarit\u00e4ten ziehen sich w\u00e4hrend der gesamten B\u00fchnenhandlung an und sto\u00dfen sich ab\u201c, erkl\u00e4rt Stefano Poda, \u201cbis zu einem Punkt maximaler Absto\u00dfung und Spaltung, um dann zur Synthese des Finales zu gelangen, in dem die beiden Gegens\u00e4tze vers\u00f6hnt werden. Die Metapher ist die der Bindungen zwischen atomaren Teilchen: Die Materie entsteht aus ihrer Vereinigung, aber der Mensch hat entdeckt, wie man sie trennen kann, was zu einer totalen Zerst\u00f6rung f\u00fchrt. Der technologische Fortschritt macht alles m\u00f6glich, und Nabucco z\u00f6gert nicht, seine materielle \u00dcberlegenheit gegen die Besiegten einzusetzen, bis hin zu dramatischen Konsequenzen: Die Lehre dieses Meisterwerks ist, dass die Rationalit\u00e4t, um gut gef\u00fchrt zu werden, die Spiritualit\u00e4t nicht au\u00dfer Acht lassen darf\u201c.<\/p>\n<p>Auf der B\u00fchne steht der Gegensatz zwischen Vernunft und Glauben, zwischen Technik und Philosophie. Zwei scheinbar unterschiedliche Werte, zwei Dimensionen, die durch ebenso viele Halbkugeln repr\u00e4sentiert werden, imposante technische Installationen, die sich drehen, um sich im Finale wieder zu vereinen. Wie der Mensch, der sich erst trennt und entzweit und dann wieder aufbaut und vereint, in der Hoffnung, die Harmonie wiederzufinden. \u00dcber dem Kopf schwebt eine gro\u00dfe Sanduhr, Symbol der Zeit und Erinnerung an die Vanitas\u201c, bereit, das Leben zu zerbrechen und von der Zeit und der Sterblichkeit zu befreien. Und eine \u201eatomare\u201c Explosion, die 80 Jahre nach Hiroshima und Nagasaki sowohl eine Warnung als auch eine Reflexion \u00fcber den Selbstzerst\u00f6rungstrieb des Menschen ist. Sie erinnert aber auch an die generative Explosion, die die Menschheit hervorbrachte, den Urknall. Eine Hochzeit der K\u00fcnste und Disziplinen. Dazu geh\u00f6rt auch das Fechten, der \u00fcberraschende Protagonist der von Poda unterzeichneten Choreographien, f\u00fcr die mehr als 200 K\u00fcnstler ausgebildet werden.<\/p>\n<p>Die Oper wird auch am Samstag, den 14. Juni wiederholt, mit neuen Deb\u00fcts in der Besetzung: Maria Jos\u00e8 Siri, Galeano Salas, Alexander Vinogradov, Matteo Macchioni, Elisabetta Zizzo. Bei allen Auff\u00fchrungen bis September werden die gr\u00f6\u00dften Darsteller von heute in der Arena auftreten: Anna Netrebko wird an drei Abenden (17., 24., 31.7.) zum ersten Mal in Italien die Rolle der Abigaille, der B\u00f6sewichtin der Oper, spielen, Olga Maslova (ab 9. August) an der Seite von Aigul Achmetschinas Fenena. Die Baritonpartien werden von Luca Salsi und Youngjun Park \u00fcbernommen, w\u00e4hrend Christian Van Horn und Simon Lim sich in der Rolle des Zaccaria abwechseln werden. Nabucco ist nur der erste von 51 Auff\u00fchrungsabenden des Festivals 2025, das bis zum 6. September f\u00fcnf Opern und f\u00fcnf Konzerte und Ballette umfasst. Die bereits im letzten Sommer geltenden Anfangszeiten werden best\u00e4tigt: Im Juni beginnen die Vorstellungen um 21.30 Uhr, im Juli um 21.15 Uhr und im August und September hebt sich der Vorhang um 21 Uhr. Karten f\u00fcr alle Termine sind bereits auf arena.it, auf den sozialen Kan\u00e4len der Arena di Verona und auf Ticketone erh\u00e4ltlich . Besondere Erm\u00e4\u00dfigungen sind f\u00fcr Personen unter 30 Jahren und \u00fcber 65 Jahren vorgesehen.<\/p>\n<p>&nbsp;<\/p>\n","protected":false},"excerpt":{"rendered":"<p>Die 102. Opernfestspiele werden mit einem \u201eAtomaren&#8220; Nabucco er\u00f6ffnet<\/p>\n","protected":false},"author":9,"featured_media":17902,"comment_status":"open","ping_status":"open","sticky":false,"template":"","format":"standard","meta":[],"categories":[2,4,5],"tags":[5478,97,36,1100,5479,1668,5480,60,5481,23,26,490,646,4729,147,3925,5482,38],"news-destination":[],"news-source":[],"is_homepage":[],"ta_other":[],"featured_media_details":{"width":2560,"height":1707,"file":"2025\/06\/Nabucco_140625_EnneviFoto_DSCF4189-scaled.jpg","sizes":{"medium":{"file":"Nabucco_140625_EnneviFoto_DSCF4189-scaled-300x200.jpg","width":300,"height":200,"mime-type":"image\/jpeg","source_url":"https:\/\/www.gardaseezeitung.it\/gardaseezeitung_new\/de\/wp-content\/uploads\/sites\/2\/2025\/06\/Nabucco_140625_EnneviFoto_DSCF4189-scaled-300x200.jpg"},"large":{"file":"Nabucco_140625_EnneviFoto_DSCF4189-scaled-1024x683.jpg","width":1024,"height":683,"mime-type":"image\/jpeg","source_url":"https:\/\/www.gardaseezeitung.it\/gardaseezeitung_new\/de\/wp-content\/uploads\/sites\/2\/2025\/06\/Nabucco_140625_EnneviFoto_DSCF4189-scaled-1024x683.jpg"},"thumbnail":{"file":"Nabucco_140625_EnneviFoto_DSCF4189-scaled-150x150.jpg","width":150,"height":150,"mime-type":"image\/jpeg","source_url":"https:\/\/www.gardaseezeitung.it\/gardaseezeitung_new\/de\/wp-content\/uploads\/sites\/2\/2025\/06\/Nabucco_140625_EnneviFoto_DSCF4189-scaled-150x150.jpg"},"medium_large":{"file":"Nabucco_140625_EnneviFoto_DSCF4189-scaled-768x512.jpg","width":768,"height":512,"mime-type":"image\/jpeg","source_url":"https:\/\/www.gardaseezeitung.it\/gardaseezeitung_new\/de\/wp-content\/uploads\/sites\/2\/2025\/06\/Nabucco_140625_EnneviFoto_DSCF4189-scaled-768x512.jpg"},"1536x1536":{"file":"Nabucco_140625_EnneviFoto_DSCF4189-scaled-1536x1024.jpg","width":1536,"height":1024,"mime-type":"image\/jpeg","source_url":"https:\/\/www.gardaseezeitung.it\/gardaseezeitung_new\/de\/wp-content\/uploads\/sites\/2\/2025\/06\/Nabucco_140625_EnneviFoto_DSCF4189-scaled-1536x1024.jpg"},"2048x2048":{"file":"Nabucco_140625_EnneviFoto_DSCF4189-scaled-2048x1366.jpg","width":2048,"height":1366,"mime-type":"image\/jpeg","source_url":"https:\/\/www.gardaseezeitung.it\/gardaseezeitung_new\/de\/wp-content\/uploads\/sites\/2\/2025\/06\/Nabucco_140625_EnneviFoto_DSCF4189-scaled-2048x1366.jpg"},"big_image":{"file":"Nabucco_140625_EnneviFoto_DSCF4189-scaled-750x500.jpg","width":750,"height":500,"mime-type":"image\/jpeg","source_url":"https:\/\/www.gardaseezeitung.it\/gardaseezeitung_new\/de\/wp-content\/uploads\/sites\/2\/2025\/06\/Nabucco_140625_EnneviFoto_DSCF4189-scaled-750x500.jpg"},"guest-author-32":{"file":"Nabucco_140625_EnneviFoto_DSCF4189-scaled-32x32.jpg","width":32,"height":32,"mime-type":"image\/jpeg","source_url":"https:\/\/www.gardaseezeitung.it\/gardaseezeitung_new\/de\/wp-content\/uploads\/sites\/2\/2025\/06\/Nabucco_140625_EnneviFoto_DSCF4189-scaled-32x32.jpg"},"guest-author-50":{"file":"Nabucco_140625_EnneviFoto_DSCF4189-scaled-50x50.jpg","width":50,"height":50,"mime-type":"image\/jpeg","source_url":"https:\/\/www.gardaseezeitung.it\/gardaseezeitung_new\/de\/wp-content\/uploads\/sites\/2\/2025\/06\/Nabucco_140625_EnneviFoto_DSCF4189-scaled-50x50.jpg"},"guest-author-64":{"file":"Nabucco_140625_EnneviFoto_DSCF4189-scaled-64x64.jpg","width":64,"height":64,"mime-type":"image\/jpeg","source_url":"https:\/\/www.gardaseezeitung.it\/gardaseezeitung_new\/de\/wp-content\/uploads\/sites\/2\/2025\/06\/Nabucco_140625_EnneviFoto_DSCF4189-scaled-64x64.jpg"},"guest-author-96":{"file":"Nabucco_140625_EnneviFoto_DSCF4189-scaled-96x96.jpg","width":96,"height":96,"mime-type":"image\/jpeg","source_url":"https:\/\/www.gardaseezeitung.it\/gardaseezeitung_new\/de\/wp-content\/uploads\/sites\/2\/2025\/06\/Nabucco_140625_EnneviFoto_DSCF4189-scaled-96x96.jpg"},"guest-author-128":{"file":"Nabucco_140625_EnneviFoto_DSCF4189-scaled-128x128.jpg","width":128,"height":128,"mime-type":"image\/jpeg","source_url":"https:\/\/www.gardaseezeitung.it\/gardaseezeitung_new\/de\/wp-content\/uploads\/sites\/2\/2025\/06\/Nabucco_140625_EnneviFoto_DSCF4189-scaled-128x128.jpg"},"full":{"file":"Nabucco_140625_EnneviFoto_DSCF4189-scaled.jpg","width":2560,"height":1707,"mime_type":"","source_url":"https:\/\/www.gardaseezeitung.it\/gardaseezeitung_new\/de\/wp-content\/uploads\/sites\/2\/2025\/06\/Nabucco_140625_EnneviFoto_DSCF4189-scaled.jpg"}},"image_meta":{"aperture":"0","credit":"","camera":"","caption":"","created_timestamp":"0","copyright":"","focal_length":"0","iso":"0","shutter_speed":"0","title":"","orientation":"0","keywords":[]}},"_links":{"self":[{"href":"https:\/\/www.gardaseezeitung.it\/gardaseezeitung_new\/de\/wp-json\/wp\/v2\/posts\/17889"}],"collection":[{"href":"https:\/\/www.gardaseezeitung.it\/gardaseezeitung_new\/de\/wp-json\/wp\/v2\/posts"}],"about":[{"href":"https:\/\/www.gardaseezeitung.it\/gardaseezeitung_new\/de\/wp-json\/wp\/v2\/types\/post"}],"author":[{"embeddable":true,"href":"https:\/\/www.gardaseezeitung.it\/gardaseezeitung_new\/de\/wp-json\/wp\/v2\/users\/9"}],"replies":[{"embeddable":true,"href":"https:\/\/www.gardaseezeitung.it\/gardaseezeitung_new\/de\/wp-json\/wp\/v2\/comments?post=17889"}],"version-history":[{"count":2,"href":"https:\/\/www.gardaseezeitung.it\/gardaseezeitung_new\/de\/wp-json\/wp\/v2\/posts\/17889\/revisions"}],"predecessor-version":[{"id":17903,"href":"https:\/\/www.gardaseezeitung.it\/gardaseezeitung_new\/de\/wp-json\/wp\/v2\/posts\/17889\/revisions\/17903"}],"wp:featuredmedia":[{"embeddable":true,"href":"https:\/\/www.gardaseezeitung.it\/gardaseezeitung_new\/de\/wp-json\/wp\/v2\/media\/17902"}],"wp:attachment":[{"href":"https:\/\/www.gardaseezeitung.it\/gardaseezeitung_new\/de\/wp-json\/wp\/v2\/media?parent=17889"}],"wp:term":[{"taxonomy":"category","embeddable":true,"href":"https:\/\/www.gardaseezeitung.it\/gardaseezeitung_new\/de\/wp-json\/wp\/v2\/categories?post=17889"},{"taxonomy":"post_tag","embeddable":true,"href":"https:\/\/www.gardaseezeitung.it\/gardaseezeitung_new\/de\/wp-json\/wp\/v2\/tags?post=17889"},{"taxonomy":"news-destination","embeddable":true,"href":"https:\/\/www.gardaseezeitung.it\/gardaseezeitung_new\/de\/wp-json\/wp\/v2\/news-destination?post=17889"},{"taxonomy":"news-source","embeddable":true,"href":"https:\/\/www.gardaseezeitung.it\/gardaseezeitung_new\/de\/wp-json\/wp\/v2\/news-source?post=17889"},{"taxonomy":"is_homepage","embeddable":true,"href":"https:\/\/www.gardaseezeitung.it\/gardaseezeitung_new\/de\/wp-json\/wp\/v2\/is_homepage?post=17889"},{"taxonomy":"ta_other","embeddable":true,"href":"https:\/\/www.gardaseezeitung.it\/gardaseezeitung_new\/de\/wp-json\/wp\/v2\/ta_other?post=17889"}],"curies":[{"name":"wp","href":"https:\/\/api.w.org\/{rel}","templated":true}]}}