{"id":17911,"date":"2025-06-24T23:03:17","date_gmt":"2025-06-24T21:03:17","guid":{"rendered":"https:\/\/euwps05.newsmemory.com\/gardaseezeitung_new\/de\/2025\/06\/24\/brennerautobahn-bestaetigt-fuehrungskraefte-reichhalter-und-cattoni-behalten-das-steuer\/"},"modified":"2025-06-24T23:03:19","modified_gmt":"2025-06-24T21:03:19","slug":"brennerautobahn-bestaetigt-fuehrungskraefte-reichhalter-und-cattoni-behalten-das-steuer","status":"publish","type":"post","link":"https:\/\/www.gardaseezeitung.it\/2025\/06\/24\/brennerautobahn-bestaetigt-fuehrungskraefte-reichhalter-und-cattoni-behalten-das-steuer\/","title":{"rendered":"Brennerautobahn best\u00e4tigt F\u00fchrungskr\u00e4fte: Reichhalter und Cattoni behalten das Steuer"},"content":{"rendered":"<p>&nbsp;<\/p>\n<p>Die Gesellschafterversammlung der Brennerautobahn AG hat am heutigen Dienstag \u2013 wie vom Verwaltungsrat vorgeschlagen \u2013 den Jahresabschluss 2024 genehmigt. Dabei haben die Gesellschafter die Aussch\u00fcttung von Dividenden in der H\u00f6he von 23 Euro pro Aktie beschlossen, das entspricht insgesamt 35,29 Millionen Euro bei einem Gewinn von 97,92 Millionen Euro. Nach der Genehmigung der Bilanz 2024 ernannte die Versammlung einen neuen Verwaltungsrat, dessen Zusammensetzung klar auf Kontinuit\u00e4t setzt. Wie von den Gesellschaftern vorgeschlagen, bleibt Hartmann Reichhalter weiterhin Pr\u00e4sident des Verwaltungsrates, w\u00e4hrend Diego Cattoni erneut zum Gesch\u00e4ftsf\u00fchrer ernannt wurde. F\u00fcr beide ist es die dritte Amtszeit an der Spitze der Gesellschaft. Auch die Veroneserin Alessia Rotta wurde in ihrer Funktion als Vizepr\u00e4sidentin best\u00e4tigt. \u201eIn einer so sensiblen Phase auf dem Weg zur Vergabe der Autobahnkonzession\u201c, so Arno Kompatscher, Pr\u00e4sident der Autonomen Region Trentino-S\u00fcdtirol und Landeshauptmann der Autonomen Provinz Bozen, \u201ebraucht es pragmatische, gut durchdachte und verantwortungsvolle Entscheidungen, die auf Verl\u00e4sslichkeit und Stabilit\u00e4t setzen. Ziel sollte es sein, die besten Voraussetzungen f\u00fcr einen Green Corridor entlang der Brennerachse zu schaffen.\u201c Eine Linie, die auch der Landeshauptmann der Autonomen Provinz Trient, Maurizio Fugatti, best\u00e4tigt: \u201eDie neue Unternehmensf\u00fchrung hat die Aufgabe, den eingeschlagenen Weg fortzusetzen und sich den wichtigen Herausforderungen zu stellen, allen voran dem Vergabeverfahren f\u00fcr die Erneuerung der A22-Konzession um 50 Jahre, inklusive der Umsetzung des damit verbundenen Investitionsplans von 9,2 Milliarden Euro\u201c, betont Fugatti. \u201eEs ist dies ein bedeutendes Vorhaben der Verwaltung im Interesse der Gebiete entlang der Brennerautobahn, die eine zentrale Verkehrsinfrastruktur zwischen Nord- und S\u00fcdeuropa darstellt. Ebenso geht es um die Umsetzung von Projekten wie dem Green Corridor, um die Mobilit\u00e4t effizienter, nachhaltiger, sicherer und innovativer zu gestalten \u2013 stets unter Ber\u00fccksichtigung der Bed\u00fcrfnisse der beteiligten Bev\u00f6lkerung.\u201c<\/p>\n<p>Der Jahresabschluss 2024<\/p>\n<p>Der Jahresabschluss 2024 der Brennerautobahn AG f\u00e4llt \u00e4u\u00dferst zufriedenstellend aus: Mit 405,5 Millionen Euro Umsatz aus Verk\u00e4ufen konnte ein Gewinn von 97,92 Millionen Euro erreicht werden. 125,2 Millionen Euro wurden im vergangenen Jahr in Investitionen und Instandhaltungsarbeiten am Autobahnnetz investiert. Von den 74,6 Millionen Euro f\u00fcr Instandhaltungsarbeiten (+19,7%) entfiel mit 26,9 Millionen Euro der gr\u00f6\u00dfte Teil auf die Erneuerung der Fahrbahn, gefolgt von 11,6 Millionen Euro f\u00fcr Ingenieurbauten, 7,7 Millionen Euro f\u00fcr Beschilderung und Leitplanken sowie 7,5 Millionen f\u00fcr technische Anlagen. 50,6 Millionen Euro (+34,7% im Vergleich zu 2023) flossen in Investitionen, 75 Prozent davon in betriebliche Innovationen.<\/p>\n<p>Der neue Verwaltungsrat<\/p>\n<p>Die Wertsch\u00e4tzung der Gesellschafter f\u00fcr die bisherige Arbeit der Gesellschaft \u2013 sei es in der Verwaltung der Verkehrsader als auch in der Vorbereitung auf das Vergabeverfahren f\u00fcr die neue Konzession \u2013 f\u00fchrte zur Best\u00e4tigung der F\u00fchrungsspitze f\u00fcr eine dritte Amtszeit. Auf Vorschlag des Gesellschafters mit relativer Mehrheit, die Region Trentino-S\u00fcdtirol, wurden gemeinsam mit Diego Binelli und Martin Ausserdorfer einmal mehr Hartmann Reichhalter als Pr\u00e4sident und Diego Cattoni als Gesch\u00e4ftsf\u00fchrer best\u00e4tigt. Die Veroneser Gesellschafter nominierten gemeinsam mit dem Alessandro Montagnoli auch Alessia Rotta, die in ihrer Funktion als Vizepr\u00e4sidentin best\u00e4tigt wurde. Der neue Verwaltungsrat setzt sich wie folgt zusammen: Hartmann Reichhalter, Diego Cattoni, Martin Ausserdorfer, Diego Binelli, Astrid Kofler, Francesca Galassi, Mauro Bondi, Monika Schivari, Ugo Bernini, Giorgio Zanni, Alessandro Montagnoli, Alessia Rotta, Giovanni Aspes, Patrizia Rota Biasetti.<\/p>\n<p>\u201eIch glaube\u201c, betont Pr\u00e4sident Hartmann Reichhalter, \u201cDass die Gesellschafter einmal mehr ein starkes Zeichen der Einheit gesetzt haben. Es ist dies vielleicht unser bedeutendstes Kapital, denn es zeigt den besonderen Charakter dieser Gesellschaft: von den Gebieten f\u00fcr die Gebiete. Unsere Geschlossenheit wird auch im Vergabeverfahren ein entscheidender Faktor sein \u2013 ein Verfahren, das wir mit Entschlossenheit angehen werden.\u201d Gesch\u00e4ftsf\u00fchrer Diego Cattoni erg\u00e4nzt: \u201eWir sind uns dessen bewusst, dass unsere Gesellschafter uns sehr klar ein priorit\u00e4res Ziel vorgegeben haben: die neue Konzession zu erhalten. Wir werden mit aller Kraft weiterhin daran arbeiten, dass wir dieses Ziel sobald wie m\u00f6glich erreichen. Unsere Gebiete, Italien und Europa brauchen einen Brennerkorridor, der effizient und umweltbewusst ist. Es sind dies zwei Anforderungen, die sich miteinander vereinbaren lassen m\u00fcssen, f\u00fcr die aber die geplanten Investitionen entscheidend sind, die ohne Belastung der \u00f6ffentlichen Finanzen umgesetzt werden k\u00f6nnen.\u201c<\/p>\n<p>Neu benannt wurde auch der Aufsichtsrat der Gesellschaft, der sich wie folgt zusammensetzt: Rossana Tirone (Presidente), Elisena Marella, Martha Florian von Call, Benno Hofer und Tommaso Zanini.<\/p>\n<p>Die volle Aufmerksamkeit der F\u00fchrung und der Belegschaft der Gesellschaft wird sich nunmehr auf die Einreichung der Bewerbung f\u00fcr die neue Konzession richten, die vom Infrastruktur- und Verkehrsministerium ausgeschrieben worden ist \u2013 auf Basis eines eigeninitiierten PPP-Vorschlages der Brennerautobahn AG. Die Bewerbung soll in den n\u00e4chsten Tagen formalisiert werden \u2013 die Einreichfrist endet am 30. Juni.<\/p>\n","protected":false},"excerpt":{"rendered":"<p>Gesellschafter genehmigen Bilanz und nominieren neuen Verwaltungsrat. Rotta bleibt Vizepr\u00e4sidentin<\/p>\n","protected":false},"author":9,"featured_media":17910,"comment_status":"open","ping_status":"open","sticky":false,"template":"","format":"standard","meta":[],"categories":[2,6],"tags":[5497,5498,5499,5500,42,5501,5502,621,5503,5504,23,26,5505,5506,843,5507,5508,5509,5510,5511,5512,5513,5514],"news-destination":[],"news-source":[],"is_homepage":[],"ta_other":[],"featured_media_details":{"width":2048,"height":1365,"file":"2025\/06\/Cda-al-centro-Hartma-Reichhalter-e-Diego-Cattoni.jpg","sizes":{"medium":{"file":"Cda-al-centro-Hartma-Reichhalter-e-Diego-Cattoni-300x200.jpg","width":300,"height":200,"mime-type":"image\/jpeg","source_url":"https:\/\/www.gardaseezeitung.it\/gardaseezeitung_new\/de\/wp-content\/uploads\/sites\/2\/2025\/06\/Cda-al-centro-Hartma-Reichhalter-e-Diego-Cattoni-300x200.jpg"},"large":{"file":"Cda-al-centro-Hartma-Reichhalter-e-Diego-Cattoni-1024x683.jpg","width":1024,"height":683,"mime-type":"image\/jpeg","source_url":"https:\/\/www.gardaseezeitung.it\/gardaseezeitung_new\/de\/wp-content\/uploads\/sites\/2\/2025\/06\/Cda-al-centro-Hartma-Reichhalter-e-Diego-Cattoni-1024x683.jpg"},"thumbnail":{"file":"Cda-al-centro-Hartma-Reichhalter-e-Diego-Cattoni-150x150.jpg","width":150,"height":150,"mime-type":"image\/jpeg","source_url":"https:\/\/www.gardaseezeitung.it\/gardaseezeitung_new\/de\/wp-content\/uploads\/sites\/2\/2025\/06\/Cda-al-centro-Hartma-Reichhalter-e-Diego-Cattoni-150x150.jpg"},"medium_large":{"file":"Cda-al-centro-Hartma-Reichhalter-e-Diego-Cattoni-768x512.jpg","width":768,"height":512,"mime-type":"image\/jpeg","source_url":"https:\/\/www.gardaseezeitung.it\/gardaseezeitung_new\/de\/wp-content\/uploads\/sites\/2\/2025\/06\/Cda-al-centro-Hartma-Reichhalter-e-Diego-Cattoni-768x512.jpg"},"1536x1536":{"file":"Cda-al-centro-Hartma-Reichhalter-e-Diego-Cattoni-1536x1024.jpg","width":1536,"height":1024,"mime-type":"image\/jpeg","source_url":"https:\/\/www.gardaseezeitung.it\/gardaseezeitung_new\/de\/wp-content\/uploads\/sites\/2\/2025\/06\/Cda-al-centro-Hartma-Reichhalter-e-Diego-Cattoni-1536x1024.jpg"},"big_image":{"file":"Cda-al-centro-Hartma-Reichhalter-e-Diego-Cattoni-750x500.jpg","width":750,"height":500,"mime-type":"image\/jpeg","source_url":"https:\/\/www.gardaseezeitung.it\/gardaseezeitung_new\/de\/wp-content\/uploads\/sites\/2\/2025\/06\/Cda-al-centro-Hartma-Reichhalter-e-Diego-Cattoni-750x500.jpg"},"guest-author-32":{"file":"Cda-al-centro-Hartma-Reichhalter-e-Diego-Cattoni-32x32.jpg","width":32,"height":32,"mime-type":"image\/jpeg","source_url":"https:\/\/www.gardaseezeitung.it\/gardaseezeitung_new\/de\/wp-content\/uploads\/sites\/2\/2025\/06\/Cda-al-centro-Hartma-Reichhalter-e-Diego-Cattoni-32x32.jpg"},"guest-author-50":{"file":"Cda-al-centro-Hartma-Reichhalter-e-Diego-Cattoni-50x50.jpg","width":50,"height":50,"mime-type":"image\/jpeg","source_url":"https:\/\/www.gardaseezeitung.it\/gardaseezeitung_new\/de\/wp-content\/uploads\/sites\/2\/2025\/06\/Cda-al-centro-Hartma-Reichhalter-e-Diego-Cattoni-50x50.jpg"},"guest-author-64":{"file":"Cda-al-centro-Hartma-Reichhalter-e-Diego-Cattoni-64x64.jpg","width":64,"height":64,"mime-type":"image\/jpeg","source_url":"https:\/\/www.gardaseezeitung.it\/gardaseezeitung_new\/de\/wp-content\/uploads\/sites\/2\/2025\/06\/Cda-al-centro-Hartma-Reichhalter-e-Diego-Cattoni-64x64.jpg"},"guest-author-96":{"file":"Cda-al-centro-Hartma-Reichhalter-e-Diego-Cattoni-96x96.jpg","width":96,"height":96,"mime-type":"image\/jpeg","source_url":"https:\/\/www.gardaseezeitung.it\/gardaseezeitung_new\/de\/wp-content\/uploads\/sites\/2\/2025\/06\/Cda-al-centro-Hartma-Reichhalter-e-Diego-Cattoni-96x96.jpg"},"guest-author-128":{"file":"Cda-al-centro-Hartma-Reichhalter-e-Diego-Cattoni-128x128.jpg","width":128,"height":128,"mime-type":"image\/jpeg","source_url":"https:\/\/www.gardaseezeitung.it\/gardaseezeitung_new\/de\/wp-content\/uploads\/sites\/2\/2025\/06\/Cda-al-centro-Hartma-Reichhalter-e-Diego-Cattoni-128x128.jpg"},"full":{"file":"Cda-al-centro-Hartma-Reichhalter-e-Diego-Cattoni.jpg","width":2048,"height":1365,"mime_type":"","source_url":"https:\/\/www.gardaseezeitung.it\/gardaseezeitung_new\/de\/wp-content\/uploads\/sites\/2\/2025\/06\/Cda-al-centro-Hartma-Reichhalter-e-Diego-Cattoni.jpg"}},"image_meta":{"aperture":"0","credit":"","camera":"","caption":"","created_timestamp":"0","copyright":"Marco Parisi - info@marcoparisi.net","focal_length":"0","iso":"0","shutter_speed":"0","title":"","orientation":"0","keywords":[]}},"_links":{"self":[{"href":"https:\/\/www.gardaseezeitung.it\/gardaseezeitung_new\/de\/wp-json\/wp\/v2\/posts\/17911"}],"collection":[{"href":"https:\/\/www.gardaseezeitung.it\/gardaseezeitung_new\/de\/wp-json\/wp\/v2\/posts"}],"about":[{"href":"https:\/\/www.gardaseezeitung.it\/gardaseezeitung_new\/de\/wp-json\/wp\/v2\/types\/post"}],"author":[{"embeddable":true,"href":"https:\/\/www.gardaseezeitung.it\/gardaseezeitung_new\/de\/wp-json\/wp\/v2\/users\/9"}],"replies":[{"embeddable":true,"href":"https:\/\/www.gardaseezeitung.it\/gardaseezeitung_new\/de\/wp-json\/wp\/v2\/comments?post=17911"}],"version-history":[{"count":0,"href":"https:\/\/www.gardaseezeitung.it\/gardaseezeitung_new\/de\/wp-json\/wp\/v2\/posts\/17911\/revisions"}],"wp:featuredmedia":[{"embeddable":true,"href":"https:\/\/www.gardaseezeitung.it\/gardaseezeitung_new\/de\/wp-json\/wp\/v2\/media\/17910"}],"wp:attachment":[{"href":"https:\/\/www.gardaseezeitung.it\/gardaseezeitung_new\/de\/wp-json\/wp\/v2\/media?parent=17911"}],"wp:term":[{"taxonomy":"category","embeddable":true,"href":"https:\/\/www.gardaseezeitung.it\/gardaseezeitung_new\/de\/wp-json\/wp\/v2\/categories?post=17911"},{"taxonomy":"post_tag","embeddable":true,"href":"https:\/\/www.gardaseezeitung.it\/gardaseezeitung_new\/de\/wp-json\/wp\/v2\/tags?post=17911"},{"taxonomy":"news-destination","embeddable":true,"href":"https:\/\/www.gardaseezeitung.it\/gardaseezeitung_new\/de\/wp-json\/wp\/v2\/news-destination?post=17911"},{"taxonomy":"news-source","embeddable":true,"href":"https:\/\/www.gardaseezeitung.it\/gardaseezeitung_new\/de\/wp-json\/wp\/v2\/news-source?post=17911"},{"taxonomy":"is_homepage","embeddable":true,"href":"https:\/\/www.gardaseezeitung.it\/gardaseezeitung_new\/de\/wp-json\/wp\/v2\/is_homepage?post=17911"},{"taxonomy":"ta_other","embeddable":true,"href":"https:\/\/www.gardaseezeitung.it\/gardaseezeitung_new\/de\/wp-json\/wp\/v2\/ta_other?post=17911"}],"curies":[{"name":"wp","href":"https:\/\/api.w.org\/{rel}","templated":true}]}}