{"id":17926,"date":"2025-06-27T12:42:27","date_gmt":"2025-06-27T10:42:27","guid":{"rendered":"https:\/\/euwps05.newsmemory.com\/gardaseezeitung_new\/de\/2025\/06\/27\/salo-rekord-beim-schwimmen-380-anmeldungen-fuer-den-fondo-nel-golfo-28-juni\/"},"modified":"2025-06-27T14:23:42","modified_gmt":"2025-06-27T12:23:42","slug":"salo-rekord-beim-schwimmen-380-anmeldungen-fuer-den-fondo-nel-golfo-28-juni","status":"publish","type":"post","link":"https:\/\/www.gardaseezeitung.it\/2025\/06\/27\/salo-rekord-beim-schwimmen-380-anmeldungen-fuer-den-fondo-nel-golfo-28-juni\/","title":{"rendered":"Sal\u00f2, Rekord beim Schwimmen: 380 Anmeldungen f\u00fcr den Fondo nel Golfo am 28. Juni"},"content":{"rendered":"<p>&nbsp;<\/p>\n<p>Der Ruderverein Societ\u00e0 Canottieri Garda Sal\u00f2 verzeichnet einen neuen Teilnehmerrekord f\u00fcr die 12. Ausgabe seines Fondo nel Golfo, dem traditionellen Freiwasserschwimmwettbewerb, der am Samstag, dem 28. Juni, stattfindet. Nicht weniger als 380 Fans dieser Disziplin werden an dem Event teilnehmen: Seit einigen Tagen sind die Strecken von 4,5 und 3 km bereits ausverkauft, w\u00e4hrend f\u00fcr die 1,5-km-Strecke noch letzte Pl\u00e4tze verf\u00fcgbar sind. Um 18.40 Uhr startet die erste der drei Strecken (die 4,5 km lange), gefolgt von der 3 km langen und schlie\u00dflich der 1,5 km langen Strecke. F\u00fcr Schwimmbegeisterte beginnt der Sporttag jedoch bereits um 16.30 Uhr am Strand Sirena in der N\u00e4he des Sitzes des Rudervereins mit dem Wettkampf um den italienischen Regionaltitel im Langstreckenschwimmen f\u00fcr die Kategorien Ragazzi, Juniores und Assoluti, an dem 139 Athleten teilnehmen.<\/p>\n<p>Zu diesem Anlass wird der Schiffsverkehr w\u00e4hrend der Wettk\u00e4mpfe ausgesetzt, w\u00e4hrend die Sicherheit im Wasser durch die Mittel der K\u00fcstenwache und der Finanzpolizei sowie durch zahlreiche Mittel des Rudervereins Canottieri Garda mit \u00fcber 50 Freiwilligen gew\u00e4hrleistet wird.<\/p>\n<p>&nbsp;<\/p>\n","protected":false},"excerpt":{"rendered":"<p>F\u00fcr das traditionelle Freiwasserschwimmen sind die Strecken von 4,5 und 3 km bereits ausgebucht; f\u00fcr die 1,5-km-Strecke sind noch letzte Pl\u00e4tze verf\u00fcgbar<\/p>\n","protected":false},"author":9,"featured_media":17925,"comment_status":"open","ping_status":"open","sticky":false,"template":"","format":"standard","meta":[],"categories":[2,5,3],"tags":[5525,5526,23,26,167],"news-destination":[],"news-source":[],"is_homepage":[],"ta_other":[],"featured_media_details":{"width":1024,"height":688,"file":"2025\/06\/Screenshot-2025-06-27-alle-12.37-copia.jpg","sizes":{"medium":{"file":"Screenshot-2025-06-27-alle-12.37-copia-300x202.jpg","width":300,"height":202,"mime-type":"image\/jpeg","source_url":"https:\/\/www.gardaseezeitung.it\/gardaseezeitung_new\/de\/wp-content\/uploads\/sites\/2\/2025\/06\/Screenshot-2025-06-27-alle-12.37-copia-300x202.jpg"},"thumbnail":{"file":"Screenshot-2025-06-27-alle-12.37-copia-150x150.jpg","width":150,"height":150,"mime-type":"image\/jpeg","source_url":"https:\/\/www.gardaseezeitung.it\/gardaseezeitung_new\/de\/wp-content\/uploads\/sites\/2\/2025\/06\/Screenshot-2025-06-27-alle-12.37-copia-150x150.jpg"},"medium_large":{"file":"Screenshot-2025-06-27-alle-12.37-copia-768x516.jpg","width":768,"height":516,"mime-type":"image\/jpeg","source_url":"https:\/\/www.gardaseezeitung.it\/gardaseezeitung_new\/de\/wp-content\/uploads\/sites\/2\/2025\/06\/Screenshot-2025-06-27-alle-12.37-copia-768x516.jpg"},"big_image":{"file":"Screenshot-2025-06-27-alle-12.37-copia-750x504.jpg","width":750,"height":504,"mime-type":"image\/jpeg","source_url":"https:\/\/www.gardaseezeitung.it\/gardaseezeitung_new\/de\/wp-content\/uploads\/sites\/2\/2025\/06\/Screenshot-2025-06-27-alle-12.37-copia-750x504.jpg"},"guest-author-32":{"file":"Screenshot-2025-06-27-alle-12.37-copia-32x32.jpg","width":32,"height":32,"mime-type":"image\/jpeg","source_url":"https:\/\/www.gardaseezeitung.it\/gardaseezeitung_new\/de\/wp-content\/uploads\/sites\/2\/2025\/06\/Screenshot-2025-06-27-alle-12.37-copia-32x32.jpg"},"guest-author-50":{"file":"Screenshot-2025-06-27-alle-12.37-copia-50x50.jpg","width":50,"height":50,"mime-type":"image\/jpeg","source_url":"https:\/\/www.gardaseezeitung.it\/gardaseezeitung_new\/de\/wp-content\/uploads\/sites\/2\/2025\/06\/Screenshot-2025-06-27-alle-12.37-copia-50x50.jpg"},"guest-author-64":{"file":"Screenshot-2025-06-27-alle-12.37-copia-64x64.jpg","width":64,"height":64,"mime-type":"image\/jpeg","source_url":"https:\/\/www.gardaseezeitung.it\/gardaseezeitung_new\/de\/wp-content\/uploads\/sites\/2\/2025\/06\/Screenshot-2025-06-27-alle-12.37-copia-64x64.jpg"},"guest-author-96":{"file":"Screenshot-2025-06-27-alle-12.37-copia-96x96.jpg","width":96,"height":96,"mime-type":"image\/jpeg","source_url":"https:\/\/www.gardaseezeitung.it\/gardaseezeitung_new\/de\/wp-content\/uploads\/sites\/2\/2025\/06\/Screenshot-2025-06-27-alle-12.37-copia-96x96.jpg"},"guest-author-128":{"file":"Screenshot-2025-06-27-alle-12.37-copia-128x128.jpg","width":128,"height":128,"mime-type":"image\/jpeg","source_url":"https:\/\/www.gardaseezeitung.it\/gardaseezeitung_new\/de\/wp-content\/uploads\/sites\/2\/2025\/06\/Screenshot-2025-06-27-alle-12.37-copia-128x128.jpg"},"full":{"file":"Screenshot-2025-06-27-alle-12.37-copia.jpg","width":1024,"height":688,"mime_type":"","source_url":"https:\/\/www.gardaseezeitung.it\/gardaseezeitung_new\/de\/wp-content\/uploads\/sites\/2\/2025\/06\/Screenshot-2025-06-27-alle-12.37-copia.jpg"}},"image_meta":{"aperture":"0","credit":"","camera":"","caption":"","created_timestamp":"0","copyright":"","focal_length":"0","iso":"0","shutter_speed":"0","title":"","orientation":"1","keywords":[]}},"_links":{"self":[{"href":"https:\/\/www.gardaseezeitung.it\/gardaseezeitung_new\/de\/wp-json\/wp\/v2\/posts\/17926"}],"collection":[{"href":"https:\/\/www.gardaseezeitung.it\/gardaseezeitung_new\/de\/wp-json\/wp\/v2\/posts"}],"about":[{"href":"https:\/\/www.gardaseezeitung.it\/gardaseezeitung_new\/de\/wp-json\/wp\/v2\/types\/post"}],"author":[{"embeddable":true,"href":"https:\/\/www.gardaseezeitung.it\/gardaseezeitung_new\/de\/wp-json\/wp\/v2\/users\/9"}],"replies":[{"embeddable":true,"href":"https:\/\/www.gardaseezeitung.it\/gardaseezeitung_new\/de\/wp-json\/wp\/v2\/comments?post=17926"}],"version-history":[{"count":1,"href":"https:\/\/www.gardaseezeitung.it\/gardaseezeitung_new\/de\/wp-json\/wp\/v2\/posts\/17926\/revisions"}],"predecessor-version":[{"id":17928,"href":"https:\/\/www.gardaseezeitung.it\/gardaseezeitung_new\/de\/wp-json\/wp\/v2\/posts\/17926\/revisions\/17928"}],"wp:featuredmedia":[{"embeddable":true,"href":"https:\/\/www.gardaseezeitung.it\/gardaseezeitung_new\/de\/wp-json\/wp\/v2\/media\/17925"}],"wp:attachment":[{"href":"https:\/\/www.gardaseezeitung.it\/gardaseezeitung_new\/de\/wp-json\/wp\/v2\/media?parent=17926"}],"wp:term":[{"taxonomy":"category","embeddable":true,"href":"https:\/\/www.gardaseezeitung.it\/gardaseezeitung_new\/de\/wp-json\/wp\/v2\/categories?post=17926"},{"taxonomy":"post_tag","embeddable":true,"href":"https:\/\/www.gardaseezeitung.it\/gardaseezeitung_new\/de\/wp-json\/wp\/v2\/tags?post=17926"},{"taxonomy":"news-destination","embeddable":true,"href":"https:\/\/www.gardaseezeitung.it\/gardaseezeitung_new\/de\/wp-json\/wp\/v2\/news-destination?post=17926"},{"taxonomy":"news-source","embeddable":true,"href":"https:\/\/www.gardaseezeitung.it\/gardaseezeitung_new\/de\/wp-json\/wp\/v2\/news-source?post=17926"},{"taxonomy":"is_homepage","embeddable":true,"href":"https:\/\/www.gardaseezeitung.it\/gardaseezeitung_new\/de\/wp-json\/wp\/v2\/is_homepage?post=17926"},{"taxonomy":"ta_other","embeddable":true,"href":"https:\/\/www.gardaseezeitung.it\/gardaseezeitung_new\/de\/wp-json\/wp\/v2\/ta_other?post=17926"}],"curies":[{"name":"wp","href":"https:\/\/api.w.org\/{rel}","templated":true}]}}