{"id":17940,"date":"2025-07-03T00:14:42","date_gmt":"2025-07-02T22:14:42","guid":{"rendered":"https:\/\/euwps05.newsmemory.com\/gardaseezeitung_new\/de\/2025\/07\/03\/street-wine-drei-tage-verkostungen-und-musik-mit-blick-auf-den-see-garda\/"},"modified":"2025-07-03T00:15:35","modified_gmt":"2025-07-02T22:15:35","slug":"street-wine-drei-tage-verkostungen-und-musik-mit-blick-auf-den-see-garda","status":"publish","type":"post","link":"https:\/\/www.gardaseezeitung.it\/2025\/07\/03\/street-wine-drei-tage-verkostungen-und-musik-mit-blick-auf-den-see-garda\/","title":{"rendered":"Street Wine: Drei Tage Verkostungen und Musik mit Blick auf den See in Garda"},"content":{"rendered":"<p>&nbsp;<\/p>\n<p>Vom 5. bis 7. Juli kehrt Street Wine Garda zur\u00fcck, das Sommerfestival, das den Weinen und Aromen der Tradition gewidmet ist. Von 18 bis 23 Uhr kann man jeden Abend mit dem ikonischen Verkostungsset an der Seepromenade spazieren gehen, begleitet von Live-Musik, darunter Jazz, Geigen und Percussion. Der Zugang zum Festivalgel\u00e4nde ist frei und kostenlos, w\u00e4hrend die Verkostungen kostenpflichtig sind.<br \/>\n\u00dcber 150 Weine stehen zur Verkostung bereit, vertreten durch Weing\u00fcter, \u00d6lm\u00fchlen und Konsortien zum Schutz des Territoriums, begleitet von Bereichen, die typischen Produkten gewidmet sind, gef\u00fchrten Verkostungen und jeden Abend Meisterkursen zum Thema Garda DOP-\u00d6l. Eine sensorische und kulturelle Reise im Zeichen des bewussten Trinkens und der Freude am Zusammensein.<br \/>\nStreet Wine Garda ist auch ein Ort der Begegnung und des Erz\u00e4hlens: Die Winzer unterhalten sich mit den Besuchern, die \u00d6lproduzenten erz\u00e4hlen von ihrer Region, und Weinliebhaber k\u00f6nnen sich auf eine echte Walk-Around-Verkostung begeben und die hervorragenden Weine der verschiedenen Gebiete Venetiens und der angrenzenden Regionen entdecken. Von den H\u00fcgeln des Valpolicella und Soave bis zu den Rebsorten des Gardasees, auf einer Verkostungsreise, die die D\u00fcfte des Sees heraufbeschw\u00f6rt.<br \/>\nF\u00fcr neugierige Gaumen nimmt das Restaurant Regio Patio des historischen Hotels Regina Adelaide am Festival teil und bietet jeden Abend zwei Haute-Cuisine-Men\u00fcs an: \u201eGarda 100%\u201d, das den lokalen Spitzenprodukten in zeitgem\u00e4\u00dfer Interpretation gewidmet ist, und \u201eOrto\u201d, ein raffiniertes Men\u00fc f\u00fcr diejenigen, die pflanzliche Speisen bevorzugen. Die K\u00fcche wird von Chefkoch Andrea Costantini, der ehemaligen rechten Hand von Bruno Barbieri, geleitet.<br \/>\nAuch Streetfood-Angebote werden nicht fehlen, darunter Porchetta aus Ariccia, Arrosticini aus Amatrice, Produkte aus S\u00fcdtirol und die ber\u00fchmten Ri-Bisi: Arancini mit Reis und Erbsen aus Colognola ai Colli.<br \/>\nF\u00fcr eine ungezwungene Pause stehen bequeme Stehtische zur Verf\u00fcgung.<br \/>\nDie Atmosph\u00e4re wird jeden Abend durch ein akustisches Musikprogramm bereichert, das f\u00fcr das Publikum kostenlos zug\u00e4nglich ist:<br \/>\n\u00b7 Samstag, 5. Juli: Felicity \u2013 Piano Solo Concert<br \/>\n\u00b7 Sonntag, 6. Juli: Note dal Vivo mit Violinen und DJ-Set<br \/>\n\u00b7 Montag, 7. Juli: Zampe \u2013 One Man Band<br \/>\nAm Eingang der Veranstaltung wird eine Karte mit allen teilnehmenden Weing\u00fctern erh\u00e4ltlich sein. An der zentralen Kasse kann ein Verkostungsset zum Preis von 20 Euro erworben werden, das Folgendes umfasst:<br \/>\n\u00b7 8 Wertmarken<br \/>\n\u00b7 2 \u201eChicche\u201d (spezielle Kostproben vom Consorzio Garda DOC, Forno Bonomi und Ri-Bisi der Proloco von Colognola ai Colli)<br \/>\n\u00b7 1 Verkostungsglas<br \/>\nDer Zugang zum Festivalgel\u00e4nde ist frei und kostenlos, w\u00e4hrend die Verkostungen kostenpflichtig sind. Die Teilnehmer k\u00f6nnen sich frei zwischen den St\u00e4nden bewegen, an den Veranstaltungen teilnehmen und ein immersives Erlebnis genie\u00dfen.<br \/>\n\u201eWir freuen uns sehr, auch dieses Jahr wieder Street Wine Garda zu veranstalten\u201c, erkl\u00e4rt Davide Bendinelli, B\u00fcrgermeister der Gemeinde Garda, \u201eein Sommertermin, den man nicht verpassen sollte, eine Gelegenheit, auch Touristen italienische Weine und das \u00d6l Garda DOP kennenzulernen und zu verkosten\u201c.<\/p>\n<p>&nbsp;<\/p>\n","protected":false},"excerpt":{"rendered":"<p>Vom 5. bis 7. Juli 2025 verwandelt sich die Seepromenade Regina Adelaide in Garda in einen gro\u00dfen Open-Air-Weinkeller<\/p>\n","protected":false},"author":9,"featured_media":17939,"comment_status":"open","ping_status":"open","sticky":false,"template":"","format":"standard","meta":[],"categories":[2,5,3],"tags":[5533,23,26,2923],"news-destination":[],"news-source":[],"is_homepage":[],"ta_other":[],"featured_media_details":{"width":1280,"height":961,"file":"2025\/06\/Street-Wine-Garda.jpg","sizes":{"medium":{"file":"Street-Wine-Garda-300x225.jpg","width":300,"height":225,"mime-type":"image\/jpeg","source_url":"https:\/\/www.gardaseezeitung.it\/gardaseezeitung_new\/de\/wp-content\/uploads\/sites\/2\/2025\/06\/Street-Wine-Garda-300x225.jpg"},"large":{"file":"Street-Wine-Garda-1024x769.jpg","width":1024,"height":769,"mime-type":"image\/jpeg","source_url":"https:\/\/www.gardaseezeitung.it\/gardaseezeitung_new\/de\/wp-content\/uploads\/sites\/2\/2025\/06\/Street-Wine-Garda-1024x769.jpg"},"thumbnail":{"file":"Street-Wine-Garda-150x150.jpg","width":150,"height":150,"mime-type":"image\/jpeg","source_url":"https:\/\/www.gardaseezeitung.it\/gardaseezeitung_new\/de\/wp-content\/uploads\/sites\/2\/2025\/06\/Street-Wine-Garda-150x150.jpg"},"medium_large":{"file":"Street-Wine-Garda-768x577.jpg","width":768,"height":577,"mime-type":"image\/jpeg","source_url":"https:\/\/www.gardaseezeitung.it\/gardaseezeitung_new\/de\/wp-content\/uploads\/sites\/2\/2025\/06\/Street-Wine-Garda-768x577.jpg"},"big_image":{"file":"Street-Wine-Garda-750x563.jpg","width":750,"height":563,"mime-type":"image\/jpeg","source_url":"https:\/\/www.gardaseezeitung.it\/gardaseezeitung_new\/de\/wp-content\/uploads\/sites\/2\/2025\/06\/Street-Wine-Garda-750x563.jpg"},"guest-author-32":{"file":"Street-Wine-Garda-32x32.jpg","width":32,"height":32,"mime-type":"image\/jpeg","source_url":"https:\/\/www.gardaseezeitung.it\/gardaseezeitung_new\/de\/wp-content\/uploads\/sites\/2\/2025\/06\/Street-Wine-Garda-32x32.jpg"},"guest-author-50":{"file":"Street-Wine-Garda-50x50.jpg","width":50,"height":50,"mime-type":"image\/jpeg","source_url":"https:\/\/www.gardaseezeitung.it\/gardaseezeitung_new\/de\/wp-content\/uploads\/sites\/2\/2025\/06\/Street-Wine-Garda-50x50.jpg"},"guest-author-64":{"file":"Street-Wine-Garda-64x64.jpg","width":64,"height":64,"mime-type":"image\/jpeg","source_url":"https:\/\/www.gardaseezeitung.it\/gardaseezeitung_new\/de\/wp-content\/uploads\/sites\/2\/2025\/06\/Street-Wine-Garda-64x64.jpg"},"guest-author-96":{"file":"Street-Wine-Garda-96x96.jpg","width":96,"height":96,"mime-type":"image\/jpeg","source_url":"https:\/\/www.gardaseezeitung.it\/gardaseezeitung_new\/de\/wp-content\/uploads\/sites\/2\/2025\/06\/Street-Wine-Garda-96x96.jpg"},"guest-author-128":{"file":"Street-Wine-Garda-128x128.jpg","width":128,"height":128,"mime-type":"image\/jpeg","source_url":"https:\/\/www.gardaseezeitung.it\/gardaseezeitung_new\/de\/wp-content\/uploads\/sites\/2\/2025\/06\/Street-Wine-Garda-128x128.jpg"},"full":{"file":"Street-Wine-Garda.jpg","width":1280,"height":961,"mime_type":"","source_url":"https:\/\/www.gardaseezeitung.it\/gardaseezeitung_new\/de\/wp-content\/uploads\/sites\/2\/2025\/06\/Street-Wine-Garda.jpg"}},"image_meta":{"aperture":"0","credit":"","camera":"","caption":"","created_timestamp":"0","copyright":"","focal_length":"0","iso":"0","shutter_speed":"0","title":"","orientation":"0","keywords":[]}},"_links":{"self":[{"href":"https:\/\/www.gardaseezeitung.it\/gardaseezeitung_new\/de\/wp-json\/wp\/v2\/posts\/17940"}],"collection":[{"href":"https:\/\/www.gardaseezeitung.it\/gardaseezeitung_new\/de\/wp-json\/wp\/v2\/posts"}],"about":[{"href":"https:\/\/www.gardaseezeitung.it\/gardaseezeitung_new\/de\/wp-json\/wp\/v2\/types\/post"}],"author":[{"embeddable":true,"href":"https:\/\/www.gardaseezeitung.it\/gardaseezeitung_new\/de\/wp-json\/wp\/v2\/users\/9"}],"replies":[{"embeddable":true,"href":"https:\/\/www.gardaseezeitung.it\/gardaseezeitung_new\/de\/wp-json\/wp\/v2\/comments?post=17940"}],"version-history":[{"count":1,"href":"https:\/\/www.gardaseezeitung.it\/gardaseezeitung_new\/de\/wp-json\/wp\/v2\/posts\/17940\/revisions"}],"predecessor-version":[{"id":17958,"href":"https:\/\/www.gardaseezeitung.it\/gardaseezeitung_new\/de\/wp-json\/wp\/v2\/posts\/17940\/revisions\/17958"}],"wp:featuredmedia":[{"embeddable":true,"href":"https:\/\/www.gardaseezeitung.it\/gardaseezeitung_new\/de\/wp-json\/wp\/v2\/media\/17939"}],"wp:attachment":[{"href":"https:\/\/www.gardaseezeitung.it\/gardaseezeitung_new\/de\/wp-json\/wp\/v2\/media?parent=17940"}],"wp:term":[{"taxonomy":"category","embeddable":true,"href":"https:\/\/www.gardaseezeitung.it\/gardaseezeitung_new\/de\/wp-json\/wp\/v2\/categories?post=17940"},{"taxonomy":"post_tag","embeddable":true,"href":"https:\/\/www.gardaseezeitung.it\/gardaseezeitung_new\/de\/wp-json\/wp\/v2\/tags?post=17940"},{"taxonomy":"news-destination","embeddable":true,"href":"https:\/\/www.gardaseezeitung.it\/gardaseezeitung_new\/de\/wp-json\/wp\/v2\/news-destination?post=17940"},{"taxonomy":"news-source","embeddable":true,"href":"https:\/\/www.gardaseezeitung.it\/gardaseezeitung_new\/de\/wp-json\/wp\/v2\/news-source?post=17940"},{"taxonomy":"is_homepage","embeddable":true,"href":"https:\/\/www.gardaseezeitung.it\/gardaseezeitung_new\/de\/wp-json\/wp\/v2\/is_homepage?post=17940"},{"taxonomy":"ta_other","embeddable":true,"href":"https:\/\/www.gardaseezeitung.it\/gardaseezeitung_new\/de\/wp-json\/wp\/v2\/ta_other?post=17940"}],"curies":[{"name":"wp","href":"https:\/\/api.w.org\/{rel}","templated":true}]}}