{"id":17949,"date":"2025-06-03T00:18:05","date_gmt":"2025-06-02T22:18:05","guid":{"rendered":"https:\/\/euwps05.newsmemory.com\/gardaseezeitung_new\/de\/2025\/06\/03\/brentino-belluno-corteggiando-valdadige-und-der-palio-delle-botti\/"},"modified":"2025-06-30T17:30:04","modified_gmt":"2025-06-30T15:30:04","slug":"brentino-belluno-corteggiando-valdadige-und-der-palio-delle-botti","status":"publish","type":"post","link":"https:\/\/www.gardaseezeitung.it\/2025\/06\/03\/brentino-belluno-corteggiando-valdadige-und-der-palio-delle-botti\/","title":{"rendered":"Brentino Belluno | &#8222;Corteggiando in Valdadige&#8220; und der &#8222;Palio delle Botti&#8220;"},"content":{"rendered":"<p>In wenigen Wochen ist es wieder so weit: Brentino Belluno l\u00e4dt zum diesj\u00e4hrigen \u201eCorteggiando in Valdadige \u2013 In den H\u00f6fen des Etschtals\u201c ein. Vom 4. bis 6. Juli erwartet die Besucher ein stimmungsvolles Fest voller Emotionen, Traditionen und Unterhaltung \u2013 mit Musik, Stra\u00dfenzirkus, gutem Essen und einem besonderen Einblick in das l\u00e4ndliche Leben des Etschtals. Ein besonderes Highlight ist der traditionelle \u201ePalio Nazionale delle Botti\u201c, der nationale Fass-Wettlauf, bei dem verschiedene Orte Italiens gegeneinander antreten.<\/p>\n<p>Los geht \u201eCorteggiando\u201c am Donnerstag, dem 4. Juli, um 19.00 Uhr mit einem Majoretten-Auftritt. Ab 19.30 Uhr sorgen Holzspiele, Jongleure, Akrobaten, T\u00e4nzer und Zirkusk\u00fcnstler f\u00fcr ein abwechslungsreiches Programm, das Jung und Alt begeistert. Sp\u00e4ter am Abend heizt ein DJ den Besuchern musikalisch ein.<\/p>\n<p>Am Freitag, dem 5. Juli, beginnt das Fest um 16.30 Uhr mit der Pr\u00e4sentation des Palio della Botte. Danach ziehen Kinder und die antretenden Teams in einem Umzug durch den Ort, musikalisch begleitet von der Band \u201eFunkusin\u201c. Um 17.30 Uhr startet das gro\u00dfe Fassrennen, die Siegerehrung folgt um 18.30 Uhr. Am Abend sorgt ein nostalgischer Vintage-Zirkus, der durch die H\u00f6fe zieht, ab 20.00 Uhr f\u00fcr Unterhaltung, bevor um 22.00 Uhr erneut ein DJ f\u00fcr musikalische Stimmung sorgt.<\/p>\n<p>Der Samstag, 6. Juli, beginnt um 17.00 Uhr mit einer Parade des Vespa-Clubs aus Caprino Veronese. Ab 18.00 Uhr ist eine wandernde Zirkusshow in den Stra\u00dfen und H\u00f6fen unterwegs, bevor ab 18.30 Uhr ein DJ das Publikum musikalisch begleitet.<\/p>\n<p>Ein besonderes Erlebnis bieten am Samstag und Sonntag auch die didaktischen Bauernh\u00f6fe, betreut von den \u201eKleinen Z\u00fcchtern von Avio\u201c. Erg\u00e4nzt wird das Programm durch eine Ausstellung von Kinderzeichnungen der Grundschule sowie eine Gem\u00e4ldeausstellung im Ratssaal von Brentino.<\/p>\n<p>Die gastronomischen St\u00e4nde \u00f6ffnen am 4. Juli um 19.30 Uhr, am 5. Juli um 19.00 Uhr und am 6. Juli um 18.30 Uhr \u2013 mit zahlreichen regionalen K\u00f6stlichkeiten. Mehr auf Gardasee Zeitung #6, Seite 21.<\/p>\n<p>&nbsp;<\/p>\n<figure id=\"attachment_17948\" style=\"width: 640px\" class=\"wp-caption alignleft\"><img title=\"Brentino Belluno | \"Corteggiando in Valdadige\" und der \"Palio delle Botti\"\" loading=\"lazy\" class=\"size-large wp-image-17948\" src=\"https:\/\/www.gardaseezeitung.it\/gardaseezeitung_new\/de\/wp-content\/uploads\/sites\/2\/2025\/06\/IMG_1990.jpg\" alt=\"Brentino Belluno: Palio delle botti\" width=\"640\" height=\"853\" srcset=\"https:\/\/euwps05.newsmemory.com\/gardaseezeitung_new\/de\/wp-content\/uploads\/sites\/2\/2025\/06\/IMG_1990.jpg 1024w, https:\/\/euwps05.newsmemory.com\/gardaseezeitung_new\/de\/wp-content\/uploads\/sites\/2\/2025\/06\/IMG_1990-225x300.jpg 225w, https:\/\/euwps05.newsmemory.com\/gardaseezeitung_new\/de\/wp-content\/uploads\/sites\/2\/2025\/06\/IMG_1990-768x1024.jpg 768w, https:\/\/euwps05.newsmemory.com\/gardaseezeitung_new\/de\/wp-content\/uploads\/sites\/2\/2025\/06\/IMG_1990-750x1000.jpg 750w\" sizes=\"(max-width: 640px) 100vw, 640px\" \/><figcaption class=\"wp-caption-text\">Brentino Belluno: Palio delle botti<\/figcaption><\/figure>\n<p>&nbsp;<\/p>\n","protected":false},"excerpt":{"rendered":"<p>Vom 4. bis 6. Juli erwartet die Besucher ein stimmungsvolles Fest mit Musik, Stra\u00dfenzirkus, gutem Essen und einem besonderen Einblick in das l\u00e4ndliche Leben des Etschtals<\/p>\n","protected":false},"author":9,"featured_media":17947,"comment_status":"open","ping_status":"open","sticky":false,"template":"","format":"standard","meta":[],"categories":[2,4,5],"tags":[2227,5536,23,26,5537,981,165],"news-destination":[],"news-source":[],"is_homepage":[],"ta_other":[],"featured_media_details":{"width":1772,"height":1329,"file":"2025\/06\/20230701_211726.jpeg","sizes":{"medium":{"file":"20230701_211726-300x225.jpeg","width":300,"height":225,"mime-type":"image\/jpeg","source_url":"https:\/\/www.gardaseezeitung.it\/gardaseezeitung_new\/de\/wp-content\/uploads\/sites\/2\/2025\/06\/20230701_211726-300x225.jpeg"},"large":{"file":"20230701_211726-1024x768.jpeg","width":1024,"height":768,"mime-type":"image\/jpeg","source_url":"https:\/\/www.gardaseezeitung.it\/gardaseezeitung_new\/de\/wp-content\/uploads\/sites\/2\/2025\/06\/20230701_211726-1024x768.jpeg"},"thumbnail":{"file":"20230701_211726-150x150.jpeg","width":150,"height":150,"mime-type":"image\/jpeg","source_url":"https:\/\/www.gardaseezeitung.it\/gardaseezeitung_new\/de\/wp-content\/uploads\/sites\/2\/2025\/06\/20230701_211726-150x150.jpeg"},"medium_large":{"file":"20230701_211726-768x576.jpeg","width":768,"height":576,"mime-type":"image\/jpeg","source_url":"https:\/\/www.gardaseezeitung.it\/gardaseezeitung_new\/de\/wp-content\/uploads\/sites\/2\/2025\/06\/20230701_211726-768x576.jpeg"},"1536x1536":{"file":"20230701_211726-1536x1152.jpeg","width":1536,"height":1152,"mime-type":"image\/jpeg","source_url":"https:\/\/www.gardaseezeitung.it\/gardaseezeitung_new\/de\/wp-content\/uploads\/sites\/2\/2025\/06\/20230701_211726-1536x1152.jpeg"},"big_image":{"file":"20230701_211726-750x563.jpeg","width":750,"height":563,"mime-type":"image\/jpeg","source_url":"https:\/\/www.gardaseezeitung.it\/gardaseezeitung_new\/de\/wp-content\/uploads\/sites\/2\/2025\/06\/20230701_211726-750x563.jpeg"},"guest-author-32":{"file":"20230701_211726-32x32.jpeg","width":32,"height":32,"mime-type":"image\/jpeg","source_url":"https:\/\/www.gardaseezeitung.it\/gardaseezeitung_new\/de\/wp-content\/uploads\/sites\/2\/2025\/06\/20230701_211726-32x32.jpeg"},"guest-author-50":{"file":"20230701_211726-50x50.jpeg","width":50,"height":50,"mime-type":"image\/jpeg","source_url":"https:\/\/www.gardaseezeitung.it\/gardaseezeitung_new\/de\/wp-content\/uploads\/sites\/2\/2025\/06\/20230701_211726-50x50.jpeg"},"guest-author-64":{"file":"20230701_211726-64x64.jpeg","width":64,"height":64,"mime-type":"image\/jpeg","source_url":"https:\/\/www.gardaseezeitung.it\/gardaseezeitung_new\/de\/wp-content\/uploads\/sites\/2\/2025\/06\/20230701_211726-64x64.jpeg"},"guest-author-96":{"file":"20230701_211726-96x96.jpeg","width":96,"height":96,"mime-type":"image\/jpeg","source_url":"https:\/\/www.gardaseezeitung.it\/gardaseezeitung_new\/de\/wp-content\/uploads\/sites\/2\/2025\/06\/20230701_211726-96x96.jpeg"},"guest-author-128":{"file":"20230701_211726-128x128.jpeg","width":128,"height":128,"mime-type":"image\/jpeg","source_url":"https:\/\/www.gardaseezeitung.it\/gardaseezeitung_new\/de\/wp-content\/uploads\/sites\/2\/2025\/06\/20230701_211726-128x128.jpeg"},"full":{"file":"20230701_211726.jpeg","width":1772,"height":1329,"mime_type":"","source_url":"https:\/\/www.gardaseezeitung.it\/gardaseezeitung_new\/de\/wp-content\/uploads\/sites\/2\/2025\/06\/20230701_211726.jpeg"}},"image_meta":{"aperture":"0","credit":"","camera":"","caption":"","created_timestamp":"0","copyright":"","focal_length":"0","iso":"0","shutter_speed":"0","title":"","orientation":"1","keywords":[]}},"_links":{"self":[{"href":"https:\/\/www.gardaseezeitung.it\/gardaseezeitung_new\/de\/wp-json\/wp\/v2\/posts\/17949"}],"collection":[{"href":"https:\/\/www.gardaseezeitung.it\/gardaseezeitung_new\/de\/wp-json\/wp\/v2\/posts"}],"about":[{"href":"https:\/\/www.gardaseezeitung.it\/gardaseezeitung_new\/de\/wp-json\/wp\/v2\/types\/post"}],"author":[{"embeddable":true,"href":"https:\/\/www.gardaseezeitung.it\/gardaseezeitung_new\/de\/wp-json\/wp\/v2\/users\/9"}],"replies":[{"embeddable":true,"href":"https:\/\/www.gardaseezeitung.it\/gardaseezeitung_new\/de\/wp-json\/wp\/v2\/comments?post=17949"}],"version-history":[{"count":0,"href":"https:\/\/www.gardaseezeitung.it\/gardaseezeitung_new\/de\/wp-json\/wp\/v2\/posts\/17949\/revisions"}],"wp:featuredmedia":[{"embeddable":true,"href":"https:\/\/www.gardaseezeitung.it\/gardaseezeitung_new\/de\/wp-json\/wp\/v2\/media\/17947"}],"wp:attachment":[{"href":"https:\/\/www.gardaseezeitung.it\/gardaseezeitung_new\/de\/wp-json\/wp\/v2\/media?parent=17949"}],"wp:term":[{"taxonomy":"category","embeddable":true,"href":"https:\/\/www.gardaseezeitung.it\/gardaseezeitung_new\/de\/wp-json\/wp\/v2\/categories?post=17949"},{"taxonomy":"post_tag","embeddable":true,"href":"https:\/\/www.gardaseezeitung.it\/gardaseezeitung_new\/de\/wp-json\/wp\/v2\/tags?post=17949"},{"taxonomy":"news-destination","embeddable":true,"href":"https:\/\/www.gardaseezeitung.it\/gardaseezeitung_new\/de\/wp-json\/wp\/v2\/news-destination?post=17949"},{"taxonomy":"news-source","embeddable":true,"href":"https:\/\/www.gardaseezeitung.it\/gardaseezeitung_new\/de\/wp-json\/wp\/v2\/news-source?post=17949"},{"taxonomy":"is_homepage","embeddable":true,"href":"https:\/\/www.gardaseezeitung.it\/gardaseezeitung_new\/de\/wp-json\/wp\/v2\/is_homepage?post=17949"},{"taxonomy":"ta_other","embeddable":true,"href":"https:\/\/www.gardaseezeitung.it\/gardaseezeitung_new\/de\/wp-json\/wp\/v2\/ta_other?post=17949"}],"curies":[{"name":"wp","href":"https:\/\/api.w.org\/{rel}","templated":true}]}}