{"id":17952,"date":"2025-07-01T00:45:50","date_gmt":"2025-06-30T22:45:50","guid":{"rendered":"https:\/\/euwps05.newsmemory.com\/gardaseezeitung_new\/de\/2025\/07\/01\/riva-musica-2025-riva-del-garda\/"},"modified":"2025-07-01T18:04:32","modified_gmt":"2025-07-01T16:04:32","slug":"riva-musica-2025-riva-del-garda","status":"publish","type":"post","link":"https:\/\/www.gardaseezeitung.it\/2025\/07\/01\/riva-musica-2025-riva-del-garda\/","title":{"rendered":"Riva in Musica 2025 in Riva del Garda"},"content":{"rendered":"<p>&nbsp;<\/p>\n<p>An zwei besonderen Abenden verwandelt sich die Altstadt von Riva del Garda in eine lebendige Open-Air-B\u00fchne: Unter dem Motto \u201eRiva in Musica\u201c erf\u00fcllen zwischen 20 und 23 Uhr unterschiedlichste Kl\u00e4nge die Stra\u00dfen. K\u00fcnstler und Musikgruppen aller Genres bringen mit ihren Live-Auftritten die Stadt zum Klingen \u2013 sehr zur Freude von Urlaubsg\u00e4sten und Einheimischen. Ob bei einem erfrischenden Aperitif, einem genussvollen Abendessen oder einem entspannten Bummel durch die Gassen \u2013 musikalische Eindr\u00fccke begleiten die Besucher auf Schritt und Tritt und schaffen eine ganz besondere Atmosph\u00e4re. In diesem Jahr findet das musikalische Highlight am 3. und 7. Juli statt.<\/p>\n<p>&nbsp;<\/p>\n","protected":false},"excerpt":{"rendered":"<p>Unter dem Motto \u201eRiva in Musica\u201c erf\u00fcllen zwischen 20 und 23 Uhr unterschiedlichste Kl\u00e4nge die Stra\u00dfen<\/p>\n","protected":false},"author":9,"featured_media":17951,"comment_status":"open","ping_status":"open","sticky":false,"template":"","format":"standard","meta":[],"categories":[2,5,3],"tags":[23,4976,221,5538],"news-destination":[],"news-source":[],"is_homepage":[],"ta_other":[],"featured_media_details":{"width":1024,"height":631,"file":"2025\/06\/rivainmusica-copia.jpg","sizes":{"medium":{"file":"rivainmusica-copia-300x185.jpg","width":300,"height":185,"mime-type":"image\/jpeg","source_url":"https:\/\/www.gardaseezeitung.it\/gardaseezeitung_new\/de\/wp-content\/uploads\/sites\/2\/2025\/06\/rivainmusica-copia-300x185.jpg"},"thumbnail":{"file":"rivainmusica-copia-150x150.jpg","width":150,"height":150,"mime-type":"image\/jpeg","source_url":"https:\/\/www.gardaseezeitung.it\/gardaseezeitung_new\/de\/wp-content\/uploads\/sites\/2\/2025\/06\/rivainmusica-copia-150x150.jpg"},"medium_large":{"file":"rivainmusica-copia-768x473.jpg","width":768,"height":473,"mime-type":"image\/jpeg","source_url":"https:\/\/www.gardaseezeitung.it\/gardaseezeitung_new\/de\/wp-content\/uploads\/sites\/2\/2025\/06\/rivainmusica-copia-768x473.jpg"},"big_image":{"file":"rivainmusica-copia-750x462.jpg","width":750,"height":462,"mime-type":"image\/jpeg","source_url":"https:\/\/www.gardaseezeitung.it\/gardaseezeitung_new\/de\/wp-content\/uploads\/sites\/2\/2025\/06\/rivainmusica-copia-750x462.jpg"},"guest-author-32":{"file":"rivainmusica-copia-32x32.jpg","width":32,"height":32,"mime-type":"image\/jpeg","source_url":"https:\/\/www.gardaseezeitung.it\/gardaseezeitung_new\/de\/wp-content\/uploads\/sites\/2\/2025\/06\/rivainmusica-copia-32x32.jpg"},"guest-author-50":{"file":"rivainmusica-copia-50x50.jpg","width":50,"height":50,"mime-type":"image\/jpeg","source_url":"https:\/\/www.gardaseezeitung.it\/gardaseezeitung_new\/de\/wp-content\/uploads\/sites\/2\/2025\/06\/rivainmusica-copia-50x50.jpg"},"guest-author-64":{"file":"rivainmusica-copia-64x64.jpg","width":64,"height":64,"mime-type":"image\/jpeg","source_url":"https:\/\/www.gardaseezeitung.it\/gardaseezeitung_new\/de\/wp-content\/uploads\/sites\/2\/2025\/06\/rivainmusica-copia-64x64.jpg"},"guest-author-96":{"file":"rivainmusica-copia-96x96.jpg","width":96,"height":96,"mime-type":"image\/jpeg","source_url":"https:\/\/www.gardaseezeitung.it\/gardaseezeitung_new\/de\/wp-content\/uploads\/sites\/2\/2025\/06\/rivainmusica-copia-96x96.jpg"},"guest-author-128":{"file":"rivainmusica-copia-128x128.jpg","width":128,"height":128,"mime-type":"image\/jpeg","source_url":"https:\/\/www.gardaseezeitung.it\/gardaseezeitung_new\/de\/wp-content\/uploads\/sites\/2\/2025\/06\/rivainmusica-copia-128x128.jpg"},"full":{"file":"rivainmusica-copia.jpg","width":1024,"height":631,"mime_type":"","source_url":"https:\/\/www.gardaseezeitung.it\/gardaseezeitung_new\/de\/wp-content\/uploads\/sites\/2\/2025\/06\/rivainmusica-copia.jpg"}},"image_meta":{"aperture":"0","credit":"","camera":"","caption":"","created_timestamp":"0","copyright":"","focal_length":"0","iso":"0","shutter_speed":"0","title":"","orientation":"1","keywords":[]}},"_links":{"self":[{"href":"https:\/\/www.gardaseezeitung.it\/gardaseezeitung_new\/de\/wp-json\/wp\/v2\/posts\/17952"}],"collection":[{"href":"https:\/\/www.gardaseezeitung.it\/gardaseezeitung_new\/de\/wp-json\/wp\/v2\/posts"}],"about":[{"href":"https:\/\/www.gardaseezeitung.it\/gardaseezeitung_new\/de\/wp-json\/wp\/v2\/types\/post"}],"author":[{"embeddable":true,"href":"https:\/\/www.gardaseezeitung.it\/gardaseezeitung_new\/de\/wp-json\/wp\/v2\/users\/9"}],"replies":[{"embeddable":true,"href":"https:\/\/www.gardaseezeitung.it\/gardaseezeitung_new\/de\/wp-json\/wp\/v2\/comments?post=17952"}],"version-history":[{"count":2,"href":"https:\/\/www.gardaseezeitung.it\/gardaseezeitung_new\/de\/wp-json\/wp\/v2\/posts\/17952\/revisions"}],"predecessor-version":[{"id":17954,"href":"https:\/\/www.gardaseezeitung.it\/gardaseezeitung_new\/de\/wp-json\/wp\/v2\/posts\/17952\/revisions\/17954"}],"wp:featuredmedia":[{"embeddable":true,"href":"https:\/\/www.gardaseezeitung.it\/gardaseezeitung_new\/de\/wp-json\/wp\/v2\/media\/17951"}],"wp:attachment":[{"href":"https:\/\/www.gardaseezeitung.it\/gardaseezeitung_new\/de\/wp-json\/wp\/v2\/media?parent=17952"}],"wp:term":[{"taxonomy":"category","embeddable":true,"href":"https:\/\/www.gardaseezeitung.it\/gardaseezeitung_new\/de\/wp-json\/wp\/v2\/categories?post=17952"},{"taxonomy":"post_tag","embeddable":true,"href":"https:\/\/www.gardaseezeitung.it\/gardaseezeitung_new\/de\/wp-json\/wp\/v2\/tags?post=17952"},{"taxonomy":"news-destination","embeddable":true,"href":"https:\/\/www.gardaseezeitung.it\/gardaseezeitung_new\/de\/wp-json\/wp\/v2\/news-destination?post=17952"},{"taxonomy":"news-source","embeddable":true,"href":"https:\/\/www.gardaseezeitung.it\/gardaseezeitung_new\/de\/wp-json\/wp\/v2\/news-source?post=17952"},{"taxonomy":"is_homepage","embeddable":true,"href":"https:\/\/www.gardaseezeitung.it\/gardaseezeitung_new\/de\/wp-json\/wp\/v2\/is_homepage?post=17952"},{"taxonomy":"ta_other","embeddable":true,"href":"https:\/\/www.gardaseezeitung.it\/gardaseezeitung_new\/de\/wp-json\/wp\/v2\/ta_other?post=17952"}],"curies":[{"name":"wp","href":"https:\/\/api.w.org\/{rel}","templated":true}]}}