{"id":17963,"date":"2025-07-06T00:18:12","date_gmt":"2025-07-05T22:18:12","guid":{"rendered":"http:\/\/euwps06.newsmemory.com\/gardaseezeitung_new\/de\/2025\/07\/06\/lebhafte-abende-castelnuovo-del-garda\/"},"modified":"2025-07-06T00:18:43","modified_gmt":"2025-07-05T22:18:43","slug":"lebhafte-abende-castelnuovo-del-garda","status":"publish","type":"post","link":"https:\/\/www.gardaseezeitung.it\/2025\/07\/06\/lebhafte-abende-castelnuovo-del-garda\/","title":{"rendered":"Lebhafte Abende in Castelnuovo del Garda"},"content":{"rendered":"<p>&nbsp;<\/p>\n<p>Der Sommer in Castelnuovo del Garda ist abwechslungsreich und bietet zahlreiche Veranstaltungen, die die Abende nach einem Tag am See oder einer Entdeckungstour zu den sch\u00f6nsten Ecken des Gardasees och sch\u00f6ner machen.<\/p>\n<p>Das Garda Festival \u2013 Lake Garda International Music and Dance Festival \u2013 findet in seiner dritten Ausgabe statt und ist eines der mit Spannung erwarteten Events des Sommers mit Initiativen in einigen der sch\u00f6nsten Gardesaner Orte. Castelnuovo ist auch dieses Jahr wieder einer der Protagonisten: Die bezaubernde Atmosph\u00e4re des Brolo delle Melanie begleitet die ersten beiden gro\u00dfen Auff\u00fchrungen des Festivals, das von der Stadtverwaltung von Castelnuovo del Garda gef\u00f6rdert und von der Niccol\u00f2 Piccinni-Stiftung unter der Schirmherrschaft der Region Veneto organisiert wird.<\/p>\n<p>Am Samstag, den 12. Juli, l\u00e4dt um 21.15 Uhr das Kammerkonzert Grand Tour d\u2019Italie zu einer faszinierenden musikalischen Reise ein, die die Melodien der italienischen Volkstradition durch den einzigartigen Klang der Mandoline neu interpretiert. Eugenio Palumbo und das Virtuoso Mandolin Orchestra nehmen das Publikum mit auf eine Gran Tour, inspiriert von Johann Wolfgang von Goethes Reise durch das Bel Paese zu Ehren des reichen italienischen musikalischen Erbes.<\/p>\n<p>Am Sonntag, den 13. Juli, erklingt um 21.15 Uhr ein zeitloses Meisterwerk: Vivaldi \u2013 Die vier Jahreszeiten, aufgef\u00fchrt vom Orchestra La Magnifica Comunit\u00e0 unter der Leitung von Enrico Casazza, erste Violine der Musiciens du Prince dell&#8217;Op\u00e9ra de Monte-Carlo. F\u00fcr die Zuschauer bietet sich die Gelegenheit, eines der ber\u00fchmtesten St\u00fccke der klassischen Musik in einem au\u00dfergew\u00f6hnlichen Rahmen neu zu entdecken. Programm, Informationen und Tickets auf gardafestival.com.<\/p>\n<p>Erw\u00e4hnenswert ist auch der originelle Termin mit dem Open-Air-Kino am Donnerstag, den 17. Juli, um 21 Uhr auf dem Spielplatz der Grundschule in Sandr\u00e0 mit der Vorf\u00fchrung von \u201eThe General\u201c von Buster Keaton, untermalt von der Live-Klavierbegleitung von Maestro Federico Fuggini. Diese Veranstaltung findet in Zusammenarbeit mit dem Verein Amici per Sandr\u00e0 und mit Unterst\u00fctzung von RetEventi 2025, Regione Veneto, Provincia di Verona und Europe Direct statt.<\/p>\n<p>&nbsp;<\/p>\n","protected":false},"excerpt":{"rendered":"<p>Das Garda Festival \u2013 Lake Garda International Music and Dance Festival \u2013 findet in seiner dritten Ausgabe statt und ist eines der mit Spannung erwarteten Events des Sommers mit Initiativen in einigen der sch\u00f6nsten Gardesaner Orte<\/p>\n","protected":false},"author":9,"featured_media":17962,"comment_status":"open","ping_status":"open","sticky":false,"template":"","format":"standard","meta":[],"categories":[2,4,5],"tags":[5542,5543,5544,5545,5546,23,26,5547,5548,5549],"news-destination":[],"news-source":[],"is_homepage":[],"ta_other":[],"featured_media_details":{"width":1024,"height":683,"file":"2025\/07\/Garda_FestivalcTommaso_Del_Panta.jpg","sizes":{"medium":{"file":"Garda_FestivalcTommaso_Del_Panta-300x200.jpg","width":300,"height":200,"mime-type":"image\/jpeg","source_url":"https:\/\/www.gardaseezeitung.it\/gardaseezeitung_new\/de\/wp-content\/uploads\/sites\/2\/2025\/07\/Garda_FestivalcTommaso_Del_Panta-300x200.jpg"},"thumbnail":{"file":"Garda_FestivalcTommaso_Del_Panta-150x150.jpg","width":150,"height":150,"mime-type":"image\/jpeg","source_url":"https:\/\/www.gardaseezeitung.it\/gardaseezeitung_new\/de\/wp-content\/uploads\/sites\/2\/2025\/07\/Garda_FestivalcTommaso_Del_Panta-150x150.jpg"},"medium_large":{"file":"Garda_FestivalcTommaso_Del_Panta-768x512.jpg","width":768,"height":512,"mime-type":"image\/jpeg","source_url":"https:\/\/www.gardaseezeitung.it\/gardaseezeitung_new\/de\/wp-content\/uploads\/sites\/2\/2025\/07\/Garda_FestivalcTommaso_Del_Panta-768x512.jpg"},"big_image":{"file":"Garda_FestivalcTommaso_Del_Panta-750x500.jpg","width":750,"height":500,"mime-type":"image\/jpeg","source_url":"https:\/\/www.gardaseezeitung.it\/gardaseezeitung_new\/de\/wp-content\/uploads\/sites\/2\/2025\/07\/Garda_FestivalcTommaso_Del_Panta-750x500.jpg"},"guest-author-32":{"file":"Garda_FestivalcTommaso_Del_Panta-32x32.jpg","width":32,"height":32,"mime-type":"image\/jpeg","source_url":"https:\/\/www.gardaseezeitung.it\/gardaseezeitung_new\/de\/wp-content\/uploads\/sites\/2\/2025\/07\/Garda_FestivalcTommaso_Del_Panta-32x32.jpg"},"guest-author-50":{"file":"Garda_FestivalcTommaso_Del_Panta-50x50.jpg","width":50,"height":50,"mime-type":"image\/jpeg","source_url":"https:\/\/www.gardaseezeitung.it\/gardaseezeitung_new\/de\/wp-content\/uploads\/sites\/2\/2025\/07\/Garda_FestivalcTommaso_Del_Panta-50x50.jpg"},"guest-author-64":{"file":"Garda_FestivalcTommaso_Del_Panta-64x64.jpg","width":64,"height":64,"mime-type":"image\/jpeg","source_url":"https:\/\/www.gardaseezeitung.it\/gardaseezeitung_new\/de\/wp-content\/uploads\/sites\/2\/2025\/07\/Garda_FestivalcTommaso_Del_Panta-64x64.jpg"},"guest-author-96":{"file":"Garda_FestivalcTommaso_Del_Panta-96x96.jpg","width":96,"height":96,"mime-type":"image\/jpeg","source_url":"https:\/\/www.gardaseezeitung.it\/gardaseezeitung_new\/de\/wp-content\/uploads\/sites\/2\/2025\/07\/Garda_FestivalcTommaso_Del_Panta-96x96.jpg"},"guest-author-128":{"file":"Garda_FestivalcTommaso_Del_Panta-128x128.jpg","width":128,"height":128,"mime-type":"image\/jpeg","source_url":"https:\/\/www.gardaseezeitung.it\/gardaseezeitung_new\/de\/wp-content\/uploads\/sites\/2\/2025\/07\/Garda_FestivalcTommaso_Del_Panta-128x128.jpg"},"full":{"file":"Garda_FestivalcTommaso_Del_Panta.jpg","width":1024,"height":683,"mime_type":"","source_url":"https:\/\/www.gardaseezeitung.it\/gardaseezeitung_new\/de\/wp-content\/uploads\/sites\/2\/2025\/07\/Garda_FestivalcTommaso_Del_Panta.jpg"}},"image_meta":{"aperture":"2.8","credit":"Tommaso Del Panta","camera":"NIKON D850","caption":"","created_timestamp":"1720296012","copyright":"Tommaso Del Panta","focal_length":"24","iso":"12800","shutter_speed":"0.00625","title":"","orientation":"1","keywords":[]}},"_links":{"self":[{"href":"https:\/\/www.gardaseezeitung.it\/gardaseezeitung_new\/de\/wp-json\/wp\/v2\/posts\/17963"}],"collection":[{"href":"https:\/\/www.gardaseezeitung.it\/gardaseezeitung_new\/de\/wp-json\/wp\/v2\/posts"}],"about":[{"href":"https:\/\/www.gardaseezeitung.it\/gardaseezeitung_new\/de\/wp-json\/wp\/v2\/types\/post"}],"author":[{"embeddable":true,"href":"https:\/\/www.gardaseezeitung.it\/gardaseezeitung_new\/de\/wp-json\/wp\/v2\/users\/9"}],"replies":[{"embeddable":true,"href":"https:\/\/www.gardaseezeitung.it\/gardaseezeitung_new\/de\/wp-json\/wp\/v2\/comments?post=17963"}],"version-history":[{"count":1,"href":"https:\/\/www.gardaseezeitung.it\/gardaseezeitung_new\/de\/wp-json\/wp\/v2\/posts\/17963\/revisions"}],"predecessor-version":[{"id":17968,"href":"https:\/\/www.gardaseezeitung.it\/gardaseezeitung_new\/de\/wp-json\/wp\/v2\/posts\/17963\/revisions\/17968"}],"wp:featuredmedia":[{"embeddable":true,"href":"https:\/\/www.gardaseezeitung.it\/gardaseezeitung_new\/de\/wp-json\/wp\/v2\/media\/17962"}],"wp:attachment":[{"href":"https:\/\/www.gardaseezeitung.it\/gardaseezeitung_new\/de\/wp-json\/wp\/v2\/media?parent=17963"}],"wp:term":[{"taxonomy":"category","embeddable":true,"href":"https:\/\/www.gardaseezeitung.it\/gardaseezeitung_new\/de\/wp-json\/wp\/v2\/categories?post=17963"},{"taxonomy":"post_tag","embeddable":true,"href":"https:\/\/www.gardaseezeitung.it\/gardaseezeitung_new\/de\/wp-json\/wp\/v2\/tags?post=17963"},{"taxonomy":"news-destination","embeddable":true,"href":"https:\/\/www.gardaseezeitung.it\/gardaseezeitung_new\/de\/wp-json\/wp\/v2\/news-destination?post=17963"},{"taxonomy":"news-source","embeddable":true,"href":"https:\/\/www.gardaseezeitung.it\/gardaseezeitung_new\/de\/wp-json\/wp\/v2\/news-source?post=17963"},{"taxonomy":"is_homepage","embeddable":true,"href":"https:\/\/www.gardaseezeitung.it\/gardaseezeitung_new\/de\/wp-json\/wp\/v2\/is_homepage?post=17963"},{"taxonomy":"ta_other","embeddable":true,"href":"https:\/\/www.gardaseezeitung.it\/gardaseezeitung_new\/de\/wp-json\/wp\/v2\/ta_other?post=17963"}],"curies":[{"name":"wp","href":"https:\/\/api.w.org\/{rel}","templated":true}]}}