{"id":17984,"date":"2025-07-09T17:14:50","date_gmt":"2025-07-09T15:14:50","guid":{"rendered":"http:\/\/euwps06.newsmemory.com\/gardaseezeitung_new\/de\/2025\/07\/09\/donnerstag-den-10-juli-fest-der-agola-castelletto-di-brenzone\/"},"modified":"2025-07-09T17:14:55","modified_gmt":"2025-07-09T15:14:55","slug":"donnerstag-den-10-juli-fest-der-agola-castelletto-di-brenzone","status":"publish","type":"post","link":"https:\/\/www.gardaseezeitung.it\/2025\/07\/09\/donnerstag-den-10-juli-fest-der-agola-castelletto-di-brenzone\/","title":{"rendered":"Donnerstag, den 10. Juli: Fest der \u201eAgola\u201c in Castelletto di Brenzone"},"content":{"rendered":"<p>&nbsp;<\/p>\n<p>Am Donnerstag, den 10. Juli, sind in Castelletto um 10.30 Uhr eine Heilige Messe und eine Prozession der Madonna della Salute vorgesehen. Ab 19 Uhr \u00f6ffnen die gastronomischen St\u00e4nde. F\u00fcr die musikalische Unterhaltung sorgt <em>Klaus the Voice<\/em> und ab 21 Uhr ist eine Live-Show geplant. Den vollst\u00e4ndigen Artikel finden Sie auf Gardasee Zeitung #6, Seite 15.<\/p>\n<p>&nbsp;<\/p>\n","protected":false},"excerpt":{"rendered":"<p>F\u00fcr die musikalische Unterhaltung sorgt Klaus the Voice und ab 21 Uhr ist eine Live-Show geplant<\/p>\n","protected":false},"author":9,"featured_media":17983,"comment_status":"open","ping_status":"open","sticky":false,"template":"","format":"standard","meta":[],"categories":[2,5,3],"tags":[608,5552,5553],"news-destination":[],"news-source":[],"is_homepage":[],"ta_other":[],"featured_media_details":{"width":1024,"height":683,"file":"2025\/07\/Benedizione-Barche-festa-dell_Agola-1024x683-1.jpg","sizes":{"medium":{"file":"Benedizione-Barche-festa-dell_Agola-1024x683-1-300x200.jpg","width":300,"height":200,"mime-type":"image\/jpeg","source_url":"https:\/\/www.gardaseezeitung.it\/gardaseezeitung_new\/de\/wp-content\/uploads\/sites\/2\/2025\/07\/Benedizione-Barche-festa-dell_Agola-1024x683-1-300x200.jpg"},"thumbnail":{"file":"Benedizione-Barche-festa-dell_Agola-1024x683-1-150x150.jpg","width":150,"height":150,"mime-type":"image\/jpeg","source_url":"https:\/\/www.gardaseezeitung.it\/gardaseezeitung_new\/de\/wp-content\/uploads\/sites\/2\/2025\/07\/Benedizione-Barche-festa-dell_Agola-1024x683-1-150x150.jpg"},"medium_large":{"file":"Benedizione-Barche-festa-dell_Agola-1024x683-1-768x512.jpg","width":768,"height":512,"mime-type":"image\/jpeg","source_url":"https:\/\/www.gardaseezeitung.it\/gardaseezeitung_new\/de\/wp-content\/uploads\/sites\/2\/2025\/07\/Benedizione-Barche-festa-dell_Agola-1024x683-1-768x512.jpg"},"big_image":{"file":"Benedizione-Barche-festa-dell_Agola-1024x683-1-750x500.jpg","width":750,"height":500,"mime-type":"image\/jpeg","source_url":"https:\/\/www.gardaseezeitung.it\/gardaseezeitung_new\/de\/wp-content\/uploads\/sites\/2\/2025\/07\/Benedizione-Barche-festa-dell_Agola-1024x683-1-750x500.jpg"},"guest-author-32":{"file":"Benedizione-Barche-festa-dell_Agola-1024x683-1-32x32.jpg","width":32,"height":32,"mime-type":"image\/jpeg","source_url":"https:\/\/www.gardaseezeitung.it\/gardaseezeitung_new\/de\/wp-content\/uploads\/sites\/2\/2025\/07\/Benedizione-Barche-festa-dell_Agola-1024x683-1-32x32.jpg"},"guest-author-50":{"file":"Benedizione-Barche-festa-dell_Agola-1024x683-1-50x50.jpg","width":50,"height":50,"mime-type":"image\/jpeg","source_url":"https:\/\/www.gardaseezeitung.it\/gardaseezeitung_new\/de\/wp-content\/uploads\/sites\/2\/2025\/07\/Benedizione-Barche-festa-dell_Agola-1024x683-1-50x50.jpg"},"guest-author-64":{"file":"Benedizione-Barche-festa-dell_Agola-1024x683-1-64x64.jpg","width":64,"height":64,"mime-type":"image\/jpeg","source_url":"https:\/\/www.gardaseezeitung.it\/gardaseezeitung_new\/de\/wp-content\/uploads\/sites\/2\/2025\/07\/Benedizione-Barche-festa-dell_Agola-1024x683-1-64x64.jpg"},"guest-author-96":{"file":"Benedizione-Barche-festa-dell_Agola-1024x683-1-96x96.jpg","width":96,"height":96,"mime-type":"image\/jpeg","source_url":"https:\/\/www.gardaseezeitung.it\/gardaseezeitung_new\/de\/wp-content\/uploads\/sites\/2\/2025\/07\/Benedizione-Barche-festa-dell_Agola-1024x683-1-96x96.jpg"},"guest-author-128":{"file":"Benedizione-Barche-festa-dell_Agola-1024x683-1-128x128.jpg","width":128,"height":128,"mime-type":"image\/jpeg","source_url":"https:\/\/www.gardaseezeitung.it\/gardaseezeitung_new\/de\/wp-content\/uploads\/sites\/2\/2025\/07\/Benedizione-Barche-festa-dell_Agola-1024x683-1-128x128.jpg"},"full":{"file":"Benedizione-Barche-festa-dell_Agola-1024x683-1.jpg","width":1024,"height":683,"mime_type":"","source_url":"https:\/\/www.gardaseezeitung.it\/gardaseezeitung_new\/de\/wp-content\/uploads\/sites\/2\/2025\/07\/Benedizione-Barche-festa-dell_Agola-1024x683-1.jpg"}},"image_meta":{"aperture":"0","credit":"","camera":"","caption":"","created_timestamp":"0","copyright":"","focal_length":"0","iso":"0","shutter_speed":"0","title":"","orientation":"0","keywords":[]}},"_links":{"self":[{"href":"https:\/\/www.gardaseezeitung.it\/gardaseezeitung_new\/de\/wp-json\/wp\/v2\/posts\/17984"}],"collection":[{"href":"https:\/\/www.gardaseezeitung.it\/gardaseezeitung_new\/de\/wp-json\/wp\/v2\/posts"}],"about":[{"href":"https:\/\/www.gardaseezeitung.it\/gardaseezeitung_new\/de\/wp-json\/wp\/v2\/types\/post"}],"author":[{"embeddable":true,"href":"https:\/\/www.gardaseezeitung.it\/gardaseezeitung_new\/de\/wp-json\/wp\/v2\/users\/9"}],"replies":[{"embeddable":true,"href":"https:\/\/www.gardaseezeitung.it\/gardaseezeitung_new\/de\/wp-json\/wp\/v2\/comments?post=17984"}],"version-history":[{"count":0,"href":"https:\/\/www.gardaseezeitung.it\/gardaseezeitung_new\/de\/wp-json\/wp\/v2\/posts\/17984\/revisions"}],"wp:featuredmedia":[{"embeddable":true,"href":"https:\/\/www.gardaseezeitung.it\/gardaseezeitung_new\/de\/wp-json\/wp\/v2\/media\/17983"}],"wp:attachment":[{"href":"https:\/\/www.gardaseezeitung.it\/gardaseezeitung_new\/de\/wp-json\/wp\/v2\/media?parent=17984"}],"wp:term":[{"taxonomy":"category","embeddable":true,"href":"https:\/\/www.gardaseezeitung.it\/gardaseezeitung_new\/de\/wp-json\/wp\/v2\/categories?post=17984"},{"taxonomy":"post_tag","embeddable":true,"href":"https:\/\/www.gardaseezeitung.it\/gardaseezeitung_new\/de\/wp-json\/wp\/v2\/tags?post=17984"},{"taxonomy":"news-destination","embeddable":true,"href":"https:\/\/www.gardaseezeitung.it\/gardaseezeitung_new\/de\/wp-json\/wp\/v2\/news-destination?post=17984"},{"taxonomy":"news-source","embeddable":true,"href":"https:\/\/www.gardaseezeitung.it\/gardaseezeitung_new\/de\/wp-json\/wp\/v2\/news-source?post=17984"},{"taxonomy":"is_homepage","embeddable":true,"href":"https:\/\/www.gardaseezeitung.it\/gardaseezeitung_new\/de\/wp-json\/wp\/v2\/is_homepage?post=17984"},{"taxonomy":"ta_other","embeddable":true,"href":"https:\/\/www.gardaseezeitung.it\/gardaseezeitung_new\/de\/wp-json\/wp\/v2\/ta_other?post=17984"}],"curies":[{"name":"wp","href":"https:\/\/api.w.org\/{rel}","templated":true}]}}