{"id":18002,"date":"2025-07-11T17:40:58","date_gmt":"2025-07-11T15:40:58","guid":{"rendered":"https:\/\/euwps05.newsmemory.com\/gardaseezeitung_new\/de\/2025\/07\/11\/franciacorta-village-stars-und-shopping-bei-den-summer-nights\/"},"modified":"2025-07-11T17:41:00","modified_gmt":"2025-07-11T15:41:00","slug":"franciacorta-village-stars-und-shopping-bei-den-summer-nights","status":"publish","type":"post","link":"https:\/\/www.gardaseezeitung.it\/2025\/07\/11\/franciacorta-village-stars-und-shopping-bei-den-summer-nights\/","title":{"rendered":"Franciacorta Village: Stars und  Shopping bei den Summer Nights"},"content":{"rendered":"<p>&nbsp;<\/p>\n<p>Bereits zum dritten Mal in Folge laden die f\u00fcnf \u201eLand of Fashion\u201c-Villages \u2013 Franciacorta, Mantua, Palmanova, Valdichiana und Apulien \u2013 ab dem 11. Juli zu den beliebten \u201eSummer Nights\u201c ein.<\/p>\n<p>Ehreng\u00e4ste des diesj\u00e4hrigen Programms im Franciacorta Village sind J-Ax, Francesca Michielin und Sarah Toscano, die jeweils ab 21 Uhr auf der B\u00fchne am zentralen Platz auftreten. Die Auftritte finden in Zusammenarbeit mit Radio Number One, dem Medienpartner der Veranstaltung, statt.<\/p>\n<p>Auch 2025 bleibt das bew\u00e4hrte Konzept der Summer Nights erhalten: Das k\u00fcnstlerisch-kulturelle Format \u201eWorte und Musik\u201c kombiniert Konzerte und pers\u00f6nliche Gespr\u00e4che mit renommierten K\u00fcnstlern der italienischen Musikszene. Der Eintritt ist frei. Das Format bietet ein fesselndes Zusammenspiel aus Musik, Gedanken und Geschichten \u2013 ein Erlebnis unter dem Sternenhimmel.<\/p>\n<p>Die stimmungsvollen Abende sind zugleich eine ideale Gelegenheit, das Franciacorta Village in vollen Z\u00fcgen zu genie\u00dfen. Gastronomische Angebote bis Mitternacht und Shopping unter freiem Himmel schaffen eine entspannte und stilvolle Atmosph\u00e4re. Die Gesch\u00e4fte haben bis 23 Uhr ge\u00f6ffnet.<\/p>\n<p>Er\u00f6ffnet wird das Festival am Freitag, den 11. Juli, mit J-Ax \u2013 einem der beliebtesten Rapper, Singer-Songwriter, Radiomoderatoren, Produzenten und Autoren Italiens. Er erz\u00e4hlt an diesem Abend seine facettenreiche k\u00fcnstlerische Laufbahn und wechselt dabei zwischen Erz\u00e4hlungen eines intensiven Lebens und der Darbietung seiner bekanntesten Songs.<\/p>\n<p>\u201eWorte und Musik\u201c schafft Raum f\u00fcr pers\u00f6nliche Geschichten und erm\u00f6glicht den K\u00fcnstlern, diese in einem lebendigen Wechsel aus Musik und Gespr\u00e4ch mit dem Publikum zu pr\u00e4sentieren.<\/p>\n<p>Am Freitag, den 18. Juli, ebenfalls um 21 Uhr, ist Francesca Michielin zu Gast. Die S\u00e4ngerin, Songwriterin und Multiinstrumentalistin wurde 2011 durch ihren Sieg bei der f\u00fcnften Ausgabe von X-Factor bekannt. Ihre Karriere, die bereits in jungen Jahren als Bassistin einer Schulband begann, umfasst wichtige Etappen wie Erfolge bei den Music Awards, die Teilnahme am Sanremo Festival und am Eurovision Song Contest bekannt. Ein R\u00fcckblick auf ihre Laufbahn bietet die Gelegenheit, eine vielseitige K\u00fcnstlerin kennenzulernen \u2013 mit Hits wie Nessun grado di separazione, Fango in Paradiso und der aktuellen autobiografischen Single Francesca. Gleichzeitig gibt sie Einblicke in ihre Leidenschaften, etwa f\u00fcr den Sport und den Umweltschutz.<\/p>\n<p>Den Abschlussabend am Freitag, den 25. Juli, gestaltet Sarah Toscano. Die junge S\u00e4ngerin aus Pavia wurde einem breiten Fernsehpublikum durch ihren Sieg bei der Talentshow \u201eAmici di Maria de Filippi\u201c bekannt. Auch als Tennisspielerin hat sie sich etabliert. Mit emotionalen Songs und internationalen Kooperationen \u00fcberzeugt sie seitdem ein wachsendes Publikum. Ihr Auftritt beim diesj\u00e4hrigen Sanremo Festival mit dem Titel Amarcord brachte ihr ihre erste Goldene Schallplatte ein. Im April wurde sie vom Magazin Forbes Italia unter die einflussreichsten Italiener:innen unter 30 in der Kategorie Unterhaltung gew\u00e4hlt \u2013 hiervon und von vielem mehr wird sie bei der Veranstaltung berichten.<\/p>\n<p>Zum Ausklang jedes Abends begleitet das DJ-Set der Gruppe Splendido Splendente das sommerliche Shopping in den bis 23 Uhr ge\u00f6ffneten Gesch\u00e4ften. Das Programm:<\/p>\n<p>\u2022 Freitag, 11. Juli \u2013 21 Uhr: Worte und Musik mit J-Ax, im Gespr\u00e4ch mit Laura Basile (Radio Number One)<br \/>\n\u2022 Freitag, 18. Juli \u2013 21 Uhr: Worte und Musik mit Francesca Michielin, im Gespr\u00e4ch mit Laura Basile (Radio Number One)<br \/>\n\u2022 Freitag, 25. Juli \u2013 21 Uhr: Worte und Musik mit Sarah Toscano, im Gespr\u00e4ch mit Alvise Salerno (Radio Number One)<br \/>\n\u2022 DJ-Set Splendido Splendente jeweils im Anschluss<\/p>\n","protected":false},"excerpt":{"rendered":"<p>Bereits zum dritten Mal in Folge laden die f\u00fcnf \u201eLand of Fashion\u201c Villages an dem 11., 18. und 25. Juli zu den beliebten \u201eSummer Nights\u201c ein<\/p>\n","protected":false},"author":9,"featured_media":18001,"comment_status":"open","ping_status":"open","sticky":false,"template":"","format":"standard","meta":[],"categories":[2,4,5],"tags":[5559,1567,23,26,5560,1933,5561],"news-destination":[],"news-source":[],"is_homepage":[],"ta_other":[],"featured_media_details":{"width":833,"height":555,"file":"2025\/07\/Franciacorta-Village-Summer-Nights.jpg","sizes":{"medium":{"file":"Franciacorta-Village-Summer-Nights-300x200.jpg","width":300,"height":200,"mime-type":"image\/jpeg","source_url":"https:\/\/www.gardaseezeitung.it\/gardaseezeitung_new\/de\/wp-content\/uploads\/sites\/2\/2025\/07\/Franciacorta-Village-Summer-Nights-300x200.jpg"},"thumbnail":{"file":"Franciacorta-Village-Summer-Nights-150x150.jpg","width":150,"height":150,"mime-type":"image\/jpeg","source_url":"https:\/\/www.gardaseezeitung.it\/gardaseezeitung_new\/de\/wp-content\/uploads\/sites\/2\/2025\/07\/Franciacorta-Village-Summer-Nights-150x150.jpg"},"medium_large":{"file":"Franciacorta-Village-Summer-Nights-768x512.jpg","width":768,"height":512,"mime-type":"image\/jpeg","source_url":"https:\/\/www.gardaseezeitung.it\/gardaseezeitung_new\/de\/wp-content\/uploads\/sites\/2\/2025\/07\/Franciacorta-Village-Summer-Nights-768x512.jpg"},"big_image":{"file":"Franciacorta-Village-Summer-Nights-750x500.jpg","width":750,"height":500,"mime-type":"image\/jpeg","source_url":"https:\/\/www.gardaseezeitung.it\/gardaseezeitung_new\/de\/wp-content\/uploads\/sites\/2\/2025\/07\/Franciacorta-Village-Summer-Nights-750x500.jpg"},"guest-author-32":{"file":"Franciacorta-Village-Summer-Nights-32x32.jpg","width":32,"height":32,"mime-type":"image\/jpeg","source_url":"https:\/\/www.gardaseezeitung.it\/gardaseezeitung_new\/de\/wp-content\/uploads\/sites\/2\/2025\/07\/Franciacorta-Village-Summer-Nights-32x32.jpg"},"guest-author-50":{"file":"Franciacorta-Village-Summer-Nights-50x50.jpg","width":50,"height":50,"mime-type":"image\/jpeg","source_url":"https:\/\/www.gardaseezeitung.it\/gardaseezeitung_new\/de\/wp-content\/uploads\/sites\/2\/2025\/07\/Franciacorta-Village-Summer-Nights-50x50.jpg"},"guest-author-64":{"file":"Franciacorta-Village-Summer-Nights-64x64.jpg","width":64,"height":64,"mime-type":"image\/jpeg","source_url":"https:\/\/www.gardaseezeitung.it\/gardaseezeitung_new\/de\/wp-content\/uploads\/sites\/2\/2025\/07\/Franciacorta-Village-Summer-Nights-64x64.jpg"},"guest-author-96":{"file":"Franciacorta-Village-Summer-Nights-96x96.jpg","width":96,"height":96,"mime-type":"image\/jpeg","source_url":"https:\/\/www.gardaseezeitung.it\/gardaseezeitung_new\/de\/wp-content\/uploads\/sites\/2\/2025\/07\/Franciacorta-Village-Summer-Nights-96x96.jpg"},"guest-author-128":{"file":"Franciacorta-Village-Summer-Nights-128x128.jpg","width":128,"height":128,"mime-type":"image\/jpeg","source_url":"https:\/\/www.gardaseezeitung.it\/gardaseezeitung_new\/de\/wp-content\/uploads\/sites\/2\/2025\/07\/Franciacorta-Village-Summer-Nights-128x128.jpg"},"full":{"file":"Franciacorta-Village-Summer-Nights.jpg","width":833,"height":555,"mime_type":"","source_url":"https:\/\/www.gardaseezeitung.it\/gardaseezeitung_new\/de\/wp-content\/uploads\/sites\/2\/2025\/07\/Franciacorta-Village-Summer-Nights.jpg"}},"image_meta":{"aperture":"2.8","credit":"SARA PAMPURI","camera":"NIKON D850","caption":"","created_timestamp":"1720812812","copyright":"SARA PAMPURI","focal_length":"14","iso":"800","shutter_speed":"0.0125","title":"","orientation":"1","keywords":[]}},"_links":{"self":[{"href":"https:\/\/www.gardaseezeitung.it\/gardaseezeitung_new\/de\/wp-json\/wp\/v2\/posts\/18002"}],"collection":[{"href":"https:\/\/www.gardaseezeitung.it\/gardaseezeitung_new\/de\/wp-json\/wp\/v2\/posts"}],"about":[{"href":"https:\/\/www.gardaseezeitung.it\/gardaseezeitung_new\/de\/wp-json\/wp\/v2\/types\/post"}],"author":[{"embeddable":true,"href":"https:\/\/www.gardaseezeitung.it\/gardaseezeitung_new\/de\/wp-json\/wp\/v2\/users\/9"}],"replies":[{"embeddable":true,"href":"https:\/\/www.gardaseezeitung.it\/gardaseezeitung_new\/de\/wp-json\/wp\/v2\/comments?post=18002"}],"version-history":[{"count":0,"href":"https:\/\/www.gardaseezeitung.it\/gardaseezeitung_new\/de\/wp-json\/wp\/v2\/posts\/18002\/revisions"}],"wp:featuredmedia":[{"embeddable":true,"href":"https:\/\/www.gardaseezeitung.it\/gardaseezeitung_new\/de\/wp-json\/wp\/v2\/media\/18001"}],"wp:attachment":[{"href":"https:\/\/www.gardaseezeitung.it\/gardaseezeitung_new\/de\/wp-json\/wp\/v2\/media?parent=18002"}],"wp:term":[{"taxonomy":"category","embeddable":true,"href":"https:\/\/www.gardaseezeitung.it\/gardaseezeitung_new\/de\/wp-json\/wp\/v2\/categories?post=18002"},{"taxonomy":"post_tag","embeddable":true,"href":"https:\/\/www.gardaseezeitung.it\/gardaseezeitung_new\/de\/wp-json\/wp\/v2\/tags?post=18002"},{"taxonomy":"news-destination","embeddable":true,"href":"https:\/\/www.gardaseezeitung.it\/gardaseezeitung_new\/de\/wp-json\/wp\/v2\/news-destination?post=18002"},{"taxonomy":"news-source","embeddable":true,"href":"https:\/\/www.gardaseezeitung.it\/gardaseezeitung_new\/de\/wp-json\/wp\/v2\/news-source?post=18002"},{"taxonomy":"is_homepage","embeddable":true,"href":"https:\/\/www.gardaseezeitung.it\/gardaseezeitung_new\/de\/wp-json\/wp\/v2\/is_homepage?post=18002"},{"taxonomy":"ta_other","embeddable":true,"href":"https:\/\/www.gardaseezeitung.it\/gardaseezeitung_new\/de\/wp-json\/wp\/v2\/ta_other?post=18002"}],"curies":[{"name":"wp","href":"https:\/\/api.w.org\/{rel}","templated":true}]}}