{"id":18012,"date":"2025-07-24T19:08:09","date_gmt":"2025-07-24T17:08:09","guid":{"rendered":"https:\/\/euwps05.newsmemory.com\/gardaseezeitung_new\/de\/2025\/07\/24\/der-steg-von-ronchi-castelnuovo-wiedereroeffnet\/"},"modified":"2025-07-24T19:09:32","modified_gmt":"2025-07-24T17:09:32","slug":"der-steg-von-ronchi-castelnuovo-wiedereroeffnet","status":"publish","type":"post","link":"https:\/\/www.gardaseezeitung.it\/2025\/07\/24\/der-steg-von-ronchi-castelnuovo-wiedereroeffnet\/","title":{"rendered":"Der Steg von Ronchi in Castelnuovo wiederer\u00f6ffnet"},"content":{"rendered":"<p>&nbsp;<\/p>\n<p>In Ronchi ist der majest\u00e4tische Steg des Sees, der 20 Jahre lang zu einem Haufen bauf\u00e4lliger Bretter und Pf\u00e4hle verkommen war, wieder benutzbar. Ein perfekter Sonnenuntergang bildete am Dienstag den Rahmen f\u00fcr die Einweihung der Struktur, die von Gianluca Coletta, Tourismusunternehmer und Inhaber der Unternehmen Gardavoyager und Garda Cruise, die die Struktur f\u00fcr die Bootsvermietung, die Organisation von Bootstouren und die Vermarktung von touristischen Erlebnissen verwalten werden, saniert wurde.<\/p>\n<p>Die Abmessungen der Anlegestelle sind unver\u00e4ndert: 61,5 Meter L\u00e4nge, sechs Meter Breite des Stegs, die sich in dem \u00fcberdachten \u201eBalkon\u201c am Ende zum See hin auf 17 Meter erweitern. Das urspr\u00fcngliche Bauwerk wurde vor etwa 20 Jahren errichtet, um den Touristen die M\u00f6glichkeit zu geben, Gardaland mit regul\u00e4ren Booten zu erreichen, wurde aber nur kurze Zeit genutzt und dann aufgegeben.<\/p>\n<p>Die Gesellschaft Garda Cruise hat eine 20-j\u00e4hrige Konzession f\u00fcr die Anlegestelle erhalten, die nun als Basis f\u00fcr den Verleih von Motorbooten und Booten, als Start- und Zielpunkt f\u00fcr touristische Erlebnistouren und als Erfrischungsstation mit Bar und Tischen im \u00fcberdachten Teil, der eine Terrasse bildet, dient. Der Landbereich wurde au\u00dferdem mit einem Informationspunkt und Toiletten, Tischen, Holzb\u00e4nken, Sitzgelegenheiten und einem Fahrradst\u00e4nder ausgestattet.<\/p>\n<p>&nbsp;<\/p>\n","protected":false},"excerpt":{"rendered":"<p>Der massive Steg wurde nach zwanzig Jahren der Vernachl\u00e4ssigung restauriert<\/p>\n","protected":false},"author":9,"featured_media":18011,"comment_status":"open","ping_status":"open","sticky":false,"template":"","format":"standard","meta":[],"categories":[2,3],"tags":[115,5563,5564,23,26,5565,5203],"news-destination":[],"news-source":[],"is_homepage":[],"ta_other":[],"featured_media_details":{"width":2048,"height":1365,"file":"2025\/07\/522617959_10233450079627532_1226579540370137037_n.jpg","sizes":{"medium":{"file":"522617959_10233450079627532_1226579540370137037_n-300x200.jpg","width":300,"height":200,"mime-type":"image\/jpeg","source_url":"https:\/\/www.gardaseezeitung.it\/gardaseezeitung_new\/de\/wp-content\/uploads\/sites\/2\/2025\/07\/522617959_10233450079627532_1226579540370137037_n-300x200.jpg"},"large":{"file":"522617959_10233450079627532_1226579540370137037_n-1024x683.jpg","width":1024,"height":683,"mime-type":"image\/jpeg","source_url":"https:\/\/www.gardaseezeitung.it\/gardaseezeitung_new\/de\/wp-content\/uploads\/sites\/2\/2025\/07\/522617959_10233450079627532_1226579540370137037_n-1024x683.jpg"},"thumbnail":{"file":"522617959_10233450079627532_1226579540370137037_n-150x150.jpg","width":150,"height":150,"mime-type":"image\/jpeg","source_url":"https:\/\/www.gardaseezeitung.it\/gardaseezeitung_new\/de\/wp-content\/uploads\/sites\/2\/2025\/07\/522617959_10233450079627532_1226579540370137037_n-150x150.jpg"},"medium_large":{"file":"522617959_10233450079627532_1226579540370137037_n-768x512.jpg","width":768,"height":512,"mime-type":"image\/jpeg","source_url":"https:\/\/www.gardaseezeitung.it\/gardaseezeitung_new\/de\/wp-content\/uploads\/sites\/2\/2025\/07\/522617959_10233450079627532_1226579540370137037_n-768x512.jpg"},"1536x1536":{"file":"522617959_10233450079627532_1226579540370137037_n-1536x1024.jpg","width":1536,"height":1024,"mime-type":"image\/jpeg","source_url":"https:\/\/www.gardaseezeitung.it\/gardaseezeitung_new\/de\/wp-content\/uploads\/sites\/2\/2025\/07\/522617959_10233450079627532_1226579540370137037_n-1536x1024.jpg"},"big_image":{"file":"522617959_10233450079627532_1226579540370137037_n-750x500.jpg","width":750,"height":500,"mime-type":"image\/jpeg","source_url":"https:\/\/www.gardaseezeitung.it\/gardaseezeitung_new\/de\/wp-content\/uploads\/sites\/2\/2025\/07\/522617959_10233450079627532_1226579540370137037_n-750x500.jpg"},"guest-author-32":{"file":"522617959_10233450079627532_1226579540370137037_n-32x32.jpg","width":32,"height":32,"mime-type":"image\/jpeg","source_url":"https:\/\/www.gardaseezeitung.it\/gardaseezeitung_new\/de\/wp-content\/uploads\/sites\/2\/2025\/07\/522617959_10233450079627532_1226579540370137037_n-32x32.jpg"},"guest-author-50":{"file":"522617959_10233450079627532_1226579540370137037_n-50x50.jpg","width":50,"height":50,"mime-type":"image\/jpeg","source_url":"https:\/\/www.gardaseezeitung.it\/gardaseezeitung_new\/de\/wp-content\/uploads\/sites\/2\/2025\/07\/522617959_10233450079627532_1226579540370137037_n-50x50.jpg"},"guest-author-64":{"file":"522617959_10233450079627532_1226579540370137037_n-64x64.jpg","width":64,"height":64,"mime-type":"image\/jpeg","source_url":"https:\/\/www.gardaseezeitung.it\/gardaseezeitung_new\/de\/wp-content\/uploads\/sites\/2\/2025\/07\/522617959_10233450079627532_1226579540370137037_n-64x64.jpg"},"guest-author-96":{"file":"522617959_10233450079627532_1226579540370137037_n-96x96.jpg","width":96,"height":96,"mime-type":"image\/jpeg","source_url":"https:\/\/www.gardaseezeitung.it\/gardaseezeitung_new\/de\/wp-content\/uploads\/sites\/2\/2025\/07\/522617959_10233450079627532_1226579540370137037_n-96x96.jpg"},"guest-author-128":{"file":"522617959_10233450079627532_1226579540370137037_n-128x128.jpg","width":128,"height":128,"mime-type":"image\/jpeg","source_url":"https:\/\/www.gardaseezeitung.it\/gardaseezeitung_new\/de\/wp-content\/uploads\/sites\/2\/2025\/07\/522617959_10233450079627532_1226579540370137037_n-128x128.jpg"},"full":{"file":"522617959_10233450079627532_1226579540370137037_n.jpg","width":2048,"height":1365,"mime_type":"","source_url":"https:\/\/www.gardaseezeitung.it\/gardaseezeitung_new\/de\/wp-content\/uploads\/sites\/2\/2025\/07\/522617959_10233450079627532_1226579540370137037_n.jpg"}},"image_meta":{"aperture":"0","credit":"ZENO ENZO 25","camera":"","caption":"LIDO DEI RONCHI","created_timestamp":"0","copyright":"\u00a9 ZENO FOCUS 25","focal_length":"0","iso":"0","shutter_speed":"0","title":"LIDO DEI RONCHI","orientation":"0","keywords":[]}},"_links":{"self":[{"href":"https:\/\/www.gardaseezeitung.it\/gardaseezeitung_new\/de\/wp-json\/wp\/v2\/posts\/18012"}],"collection":[{"href":"https:\/\/www.gardaseezeitung.it\/gardaseezeitung_new\/de\/wp-json\/wp\/v2\/posts"}],"about":[{"href":"https:\/\/www.gardaseezeitung.it\/gardaseezeitung_new\/de\/wp-json\/wp\/v2\/types\/post"}],"author":[{"embeddable":true,"href":"https:\/\/www.gardaseezeitung.it\/gardaseezeitung_new\/de\/wp-json\/wp\/v2\/users\/9"}],"replies":[{"embeddable":true,"href":"https:\/\/www.gardaseezeitung.it\/gardaseezeitung_new\/de\/wp-json\/wp\/v2\/comments?post=18012"}],"version-history":[{"count":1,"href":"https:\/\/www.gardaseezeitung.it\/gardaseezeitung_new\/de\/wp-json\/wp\/v2\/posts\/18012\/revisions"}],"predecessor-version":[{"id":18013,"href":"https:\/\/www.gardaseezeitung.it\/gardaseezeitung_new\/de\/wp-json\/wp\/v2\/posts\/18012\/revisions\/18013"}],"wp:featuredmedia":[{"embeddable":true,"href":"https:\/\/www.gardaseezeitung.it\/gardaseezeitung_new\/de\/wp-json\/wp\/v2\/media\/18011"}],"wp:attachment":[{"href":"https:\/\/www.gardaseezeitung.it\/gardaseezeitung_new\/de\/wp-json\/wp\/v2\/media?parent=18012"}],"wp:term":[{"taxonomy":"category","embeddable":true,"href":"https:\/\/www.gardaseezeitung.it\/gardaseezeitung_new\/de\/wp-json\/wp\/v2\/categories?post=18012"},{"taxonomy":"post_tag","embeddable":true,"href":"https:\/\/www.gardaseezeitung.it\/gardaseezeitung_new\/de\/wp-json\/wp\/v2\/tags?post=18012"},{"taxonomy":"news-destination","embeddable":true,"href":"https:\/\/www.gardaseezeitung.it\/gardaseezeitung_new\/de\/wp-json\/wp\/v2\/news-destination?post=18012"},{"taxonomy":"news-source","embeddable":true,"href":"https:\/\/www.gardaseezeitung.it\/gardaseezeitung_new\/de\/wp-json\/wp\/v2\/news-source?post=18012"},{"taxonomy":"is_homepage","embeddable":true,"href":"https:\/\/www.gardaseezeitung.it\/gardaseezeitung_new\/de\/wp-json\/wp\/v2\/is_homepage?post=18012"},{"taxonomy":"ta_other","embeddable":true,"href":"https:\/\/www.gardaseezeitung.it\/gardaseezeitung_new\/de\/wp-json\/wp\/v2\/ta_other?post=18012"}],"curies":[{"name":"wp","href":"https:\/\/api.w.org\/{rel}","templated":true}]}}