{"id":18015,"date":"2025-07-25T12:15:34","date_gmt":"2025-07-25T10:15:34","guid":{"rendered":"https:\/\/euwps05.newsmemory.com\/gardaseezeitung_new\/de\/2025\/07\/25\/sarah-toscano-stargast-heute-im-franciacorta-village\/"},"modified":"2025-07-25T12:29:36","modified_gmt":"2025-07-25T10:29:36","slug":"sarah-toscano-stargast-heute-im-franciacorta-village","status":"publish","type":"post","link":"https:\/\/www.gardaseezeitung.it\/2025\/07\/25\/sarah-toscano-stargast-heute-im-franciacorta-village\/","title":{"rendered":"Sarah Toscano: Stargast heute im Franciacorta Village"},"content":{"rendered":"<p data-start=\"2902\" data-end=\"3277\">Heute Abend Sarah Toscano ist der Stargast auf der B\u00fchne auf dem zentralen Platz des Franciacorta Village in Rodengo Saiano. Die Veranstaltung beginnt um 21:00 Uhr. Der Eintritt ist frei und bietet eine besondere Gelegenheit f\u00fcr Unterhaltung und Shopping.<\/p>\n<p data-start=\"3279\" data-end=\"3885\">Dem Fernsehpublikum ist die junge S\u00e4ngerin und Songwriterin aus Pavia durch ihren Sieg bei der letzten Ausgabe von Amici di Maria de Filippi auf Canale 5 bekannt. Sarah ist auch eine talentierte Tennisspielerin und hat sich mit tiefgr\u00fcndigen Liedern und internationalen Kooperationen einen Namen gemacht. Mit dem Song Amarcord nahm sie am Sanremo-Festival teil und erhielt daf\u00fcr ihre erste Goldene Schallplatte. Ein interessantes Detail, das sie bei Parole e Musica erz\u00e4hlen k\u00f6nnte: Im April wurde sie von Forbes Italia zu den einflussreichsten italienischen Unter-30 im Bereich Unterhaltung gez\u00e4hlt. Den Abschluss des Abends bildet ein DJ-Set der Gruppe Splendido Splendente, w\u00e4hrenddessen die Gesch\u00e4fte bis 23 Uhr f\u00fcr das Shopping unter den Sternen ge\u00f6ffnet bleiben.<\/p>\n<p data-start=\"4089\" data-end=\"4683\">Sarah Toscano wurde 2006 in Vigevano (Pavia) geboren. 2022 nahm sie an Area Sanremo teil, kam unter die Top 20 und gewann die Targa Vittorio De Scalzi. Im September 2023 trat sie in die Amici-Schule ein, schaffte es in die Liveshows und ver\u00f6ffentlichte mehrere beliebte Originalsongs. Touch\u00e9 erreichte \u00fcber 3 Millionen Streams auf Spotify, Viole e Violini \u00fcber 1,7 Millionen. Mappamondo erschien am 5. M\u00e4rz (2,5M Streams), Sexy Magica am 30. April (12M Streams), produziert von ROOM9. Ihr EP SARAH, ver\u00f6ffentlicht am 17. Mai bei Warner Music Italy, f\u00fchrte zum Sieg bei Amici 23.<\/p>\n<p data-start=\"4685\" data-end=\"5046\">Sie ging auf eine Instore-Tour und einen Summer Tour 2024 mit Auftritten u.a. in Mailand (Support f\u00fcr Black Eyed Peas, 16. Juli) und Olbia (Red Valley Festival, 17. August). Am 26. Juli erschien Roulette, am 4. Oktober Tacchi (fra le dita). Sie kollaborierte mit Bea &amp; her Business f\u00fcr die italienische Version von Safety Net (\u00fcber 2,3 Millionen Streams).<\/p>\n<p data-start=\"5048\" data-end=\"5498\">Amarcord, ihr Deb\u00fct beim Sanremo-Festival, wurde von Sarah gemeinsam mit Federica Abbate und Jacopo Ettorre geschrieben und vom Team ITACA produziert. \u00dcber 19,3 Millionen Streams. Ihr Solo-Live-Tournee endet im Oktober mit zwei ausverkauften Terminen in Mailand (18.10., Magazzini Generali) und Rom (25.10., Largo Venue). Ihr neuester Song ist Taki, die letzte Zusammenarbeit war mit Carl Brave (Perfect), der h\u00f6chste Neueinstieg in den Radios.<\/p>\n","protected":false},"excerpt":{"rendered":"<p>Heute Abend Sarah Toscano ist der Stargast auf der B\u00fchne auf dem zentralen Platz des Franciacorta Village in Rodengo Saiano. Die Veranstaltung beginnt um 21:00 Uhr<\/p>\n","protected":false},"author":9,"featured_media":18014,"comment_status":"open","ping_status":"open","sticky":false,"template":"","format":"standard","meta":[],"categories":[2,5],"tags":[1567,23,26,2527,5561],"news-destination":[],"news-source":[],"is_homepage":[],"ta_other":[],"featured_media_details":{"width":864,"height":528,"file":"2025\/07\/immagine-Sarah-Toscano-864x1080.jpeg.jpg","sizes":{"medium":{"file":"immagine-Sarah-Toscano-864x1080.jpeg-300x183.jpg","width":300,"height":183,"mime-type":"image\/jpeg","source_url":"https:\/\/www.gardaseezeitung.it\/gardaseezeitung_new\/de\/wp-content\/uploads\/sites\/2\/2025\/07\/immagine-Sarah-Toscano-864x1080.jpeg-300x183.jpg"},"thumbnail":{"file":"immagine-Sarah-Toscano-864x1080.jpeg-150x150.jpg","width":150,"height":150,"mime-type":"image\/jpeg","source_url":"https:\/\/www.gardaseezeitung.it\/gardaseezeitung_new\/de\/wp-content\/uploads\/sites\/2\/2025\/07\/immagine-Sarah-Toscano-864x1080.jpeg-150x150.jpg"},"medium_large":{"file":"immagine-Sarah-Toscano-864x1080.jpeg-768x469.jpg","width":768,"height":469,"mime-type":"image\/jpeg","source_url":"https:\/\/www.gardaseezeitung.it\/gardaseezeitung_new\/de\/wp-content\/uploads\/sites\/2\/2025\/07\/immagine-Sarah-Toscano-864x1080.jpeg-768x469.jpg"},"big_image":{"file":"immagine-Sarah-Toscano-864x1080.jpeg-750x458.jpg","width":750,"height":458,"mime-type":"image\/jpeg","source_url":"https:\/\/www.gardaseezeitung.it\/gardaseezeitung_new\/de\/wp-content\/uploads\/sites\/2\/2025\/07\/immagine-Sarah-Toscano-864x1080.jpeg-750x458.jpg"},"guest-author-32":{"file":"immagine-Sarah-Toscano-864x1080.jpeg-32x32.jpg","width":32,"height":32,"mime-type":"image\/jpeg","source_url":"https:\/\/www.gardaseezeitung.it\/gardaseezeitung_new\/de\/wp-content\/uploads\/sites\/2\/2025\/07\/immagine-Sarah-Toscano-864x1080.jpeg-32x32.jpg"},"guest-author-50":{"file":"immagine-Sarah-Toscano-864x1080.jpeg-50x50.jpg","width":50,"height":50,"mime-type":"image\/jpeg","source_url":"https:\/\/www.gardaseezeitung.it\/gardaseezeitung_new\/de\/wp-content\/uploads\/sites\/2\/2025\/07\/immagine-Sarah-Toscano-864x1080.jpeg-50x50.jpg"},"guest-author-64":{"file":"immagine-Sarah-Toscano-864x1080.jpeg-64x64.jpg","width":64,"height":64,"mime-type":"image\/jpeg","source_url":"https:\/\/www.gardaseezeitung.it\/gardaseezeitung_new\/de\/wp-content\/uploads\/sites\/2\/2025\/07\/immagine-Sarah-Toscano-864x1080.jpeg-64x64.jpg"},"guest-author-96":{"file":"immagine-Sarah-Toscano-864x1080.jpeg-96x96.jpg","width":96,"height":96,"mime-type":"image\/jpeg","source_url":"https:\/\/www.gardaseezeitung.it\/gardaseezeitung_new\/de\/wp-content\/uploads\/sites\/2\/2025\/07\/immagine-Sarah-Toscano-864x1080.jpeg-96x96.jpg"},"guest-author-128":{"file":"immagine-Sarah-Toscano-864x1080.jpeg-128x128.jpg","width":128,"height":128,"mime-type":"image\/jpeg","source_url":"https:\/\/www.gardaseezeitung.it\/gardaseezeitung_new\/de\/wp-content\/uploads\/sites\/2\/2025\/07\/immagine-Sarah-Toscano-864x1080.jpeg-128x128.jpg"},"full":{"file":"immagine-Sarah-Toscano-864x1080.jpeg.jpg","width":864,"height":528,"mime_type":"","source_url":"https:\/\/www.gardaseezeitung.it\/gardaseezeitung_new\/de\/wp-content\/uploads\/sites\/2\/2025\/07\/immagine-Sarah-Toscano-864x1080.jpeg.jpg"}},"image_meta":{"aperture":"0","credit":"","camera":"","caption":"","created_timestamp":"0","copyright":"","focal_length":"0","iso":"0","shutter_speed":"0","title":"","orientation":"1","keywords":[]}},"_links":{"self":[{"href":"https:\/\/www.gardaseezeitung.it\/gardaseezeitung_new\/de\/wp-json\/wp\/v2\/posts\/18015"}],"collection":[{"href":"https:\/\/www.gardaseezeitung.it\/gardaseezeitung_new\/de\/wp-json\/wp\/v2\/posts"}],"about":[{"href":"https:\/\/www.gardaseezeitung.it\/gardaseezeitung_new\/de\/wp-json\/wp\/v2\/types\/post"}],"author":[{"embeddable":true,"href":"https:\/\/www.gardaseezeitung.it\/gardaseezeitung_new\/de\/wp-json\/wp\/v2\/users\/9"}],"replies":[{"embeddable":true,"href":"https:\/\/www.gardaseezeitung.it\/gardaseezeitung_new\/de\/wp-json\/wp\/v2\/comments?post=18015"}],"version-history":[{"count":2,"href":"https:\/\/www.gardaseezeitung.it\/gardaseezeitung_new\/de\/wp-json\/wp\/v2\/posts\/18015\/revisions"}],"predecessor-version":[{"id":18017,"href":"https:\/\/www.gardaseezeitung.it\/gardaseezeitung_new\/de\/wp-json\/wp\/v2\/posts\/18015\/revisions\/18017"}],"wp:featuredmedia":[{"embeddable":true,"href":"https:\/\/www.gardaseezeitung.it\/gardaseezeitung_new\/de\/wp-json\/wp\/v2\/media\/18014"}],"wp:attachment":[{"href":"https:\/\/www.gardaseezeitung.it\/gardaseezeitung_new\/de\/wp-json\/wp\/v2\/media?parent=18015"}],"wp:term":[{"taxonomy":"category","embeddable":true,"href":"https:\/\/www.gardaseezeitung.it\/gardaseezeitung_new\/de\/wp-json\/wp\/v2\/categories?post=18015"},{"taxonomy":"post_tag","embeddable":true,"href":"https:\/\/www.gardaseezeitung.it\/gardaseezeitung_new\/de\/wp-json\/wp\/v2\/tags?post=18015"},{"taxonomy":"news-destination","embeddable":true,"href":"https:\/\/www.gardaseezeitung.it\/gardaseezeitung_new\/de\/wp-json\/wp\/v2\/news-destination?post=18015"},{"taxonomy":"news-source","embeddable":true,"href":"https:\/\/www.gardaseezeitung.it\/gardaseezeitung_new\/de\/wp-json\/wp\/v2\/news-source?post=18015"},{"taxonomy":"is_homepage","embeddable":true,"href":"https:\/\/www.gardaseezeitung.it\/gardaseezeitung_new\/de\/wp-json\/wp\/v2\/is_homepage?post=18015"},{"taxonomy":"ta_other","embeddable":true,"href":"https:\/\/www.gardaseezeitung.it\/gardaseezeitung_new\/de\/wp-json\/wp\/v2\/ta_other?post=18015"}],"curies":[{"name":"wp","href":"https:\/\/api.w.org\/{rel}","templated":true}]}}