{"id":18021,"date":"2025-07-27T08:42:07","date_gmt":"2025-07-27T06:42:07","guid":{"rendered":"http:\/\/euwps06.newsmemory.com\/gardaseezeitung_new\/de\/2025\/07\/27\/italienische-seen-der-gardasee-gewinnt-den-wettbewerb-der-auf-instagram-geteilten-fotos\/"},"modified":"2025-07-28T09:32:36","modified_gmt":"2025-07-28T07:32:36","slug":"italienische-seen-der-gardasee-gewinnt-den-wettbewerb-der-auf-instagram-geteilten-fotos","status":"publish","type":"post","link":"https:\/\/www.gardaseezeitung.it\/2025\/07\/27\/italienische-seen-der-gardasee-gewinnt-den-wettbewerb-der-auf-instagram-geteilten-fotos\/","title":{"rendered":"Italienische Seen: Der Gardasee gewinnt den Wettbewerb der auf Instagram geteilten Fotos"},"content":{"rendered":"<p>&nbsp;<\/p>\n<p>Anl\u00e4sslich der Sommersaison hat Omio (eine Plattform f\u00fcr die Buchung von Fl\u00fcgen, Z\u00fcgen, Bussen und F\u00e4hren) eine interessante Analyse der sch\u00f6nsten und beliebtesten Seen f\u00fcr einen Urlaub in Italien ver\u00f6ffentlicht. Reiseexperten haben verschiedene Faktoren untersucht: von der Wassertemperatur im Sommer (24,4 \u00b0C) \u00fcber Online-Bewertungen von Touristen bis hin zur Beliebtheit auf Instagram. Zusammen mit einer detaillierten Analyse der k\u00fcnstlichen Intelligenz wurde eine Rangliste der besten Seen in Italien erstellt.<\/p>\n<p>Mit \u00fcber 7.000 Kilometern K\u00fcste ist ein Urlaub am Meer immer verlockend, doch gerade in den Sommermonaten k\u00f6nnen die wichtigsten Badeorte besonders \u00fcberf\u00fcllt sein und die Unterk\u00fcnfte sind oft ausgebucht. Aus diesem Grund sind die italienischen Seen im Hinterland eine perfekte Alternative und echte Geheimtipps f\u00fcr einen erholsamen Urlaub am Wasser.<\/p>\n<p>In der Rangliste belegt der Gardasee in allen drei analysierten Kategorien den ersten Platz: 3,5 Millionen Beitr\u00e4ge auf Instagram, eine Ai-Bewertung von 92\/100 und eine durchschnittliche Online-Bewertung von 4,8. Der Comer See, der an zweiter Stelle steht, erreicht weniger als die H\u00e4lfte (1,7 Millionen, mit 90\/100 und 4,8), und der Lago Maggiore liegt noch darunter (1,5 Millionen, 4,7 bei Google, 88\/100 Bewertung).<\/p>\n<p>Um die Rangliste der besten Seen Italiens zu erstellen, wurden insgesamt 15 Seen mit ausgezeichneter Wasserqualit\u00e4t in Italien analysiert, mit dem Ziel, die besten Reiseziele f\u00fcr einen unvergesslichen Urlaub am See zu finden und so interessante Alternativen zu den oft \u00fcberf\u00fcllten K\u00fcstenorten anzubieten.<\/p>\n<p>&nbsp;<\/p>\n","protected":false},"excerpt":{"rendered":"<p>In der Rangliste erreicht der Gardasee insgesamt 3,5 Millionen Ver\u00f6ffentlichungen auf Instagram, eine Bewertung von 92\/100 und eine durchschnittliche Online-Bewertung von 4,8<\/p>\n","protected":false},"author":9,"featured_media":12899,"comment_status":"open","ping_status":"open","sticky":false,"template":"","format":"standard","meta":[],"categories":[2,4,3],"tags":[23,26,5570,5571],"news-destination":[],"news-source":[],"is_homepage":[],"ta_other":[],"featured_media_details":{"width":708,"height":472,"file":"2023\/03\/Gregorio-Fedele-Award-2016-708.jpg","sizes":{"thumbnail":{"file":"Gregorio-Fedele-Award-2016-708-150x150.jpg","width":150,"height":150,"mime-type":"image\/jpeg","source_url":"https:\/\/www.gardaseezeitung.it\/gardaseezeitung_new\/de\/wp-content\/uploads\/sites\/2\/2023\/03\/Gregorio-Fedele-Award-2016-708-150x150.jpg"},"medium":{"file":"Gregorio-Fedele-Award-2016-708-300x200.jpg","width":300,"height":200,"mime-type":"image\/jpeg","source_url":"https:\/\/www.gardaseezeitung.it\/gardaseezeitung_new\/de\/wp-content\/uploads\/sites\/2\/2023\/03\/Gregorio-Fedele-Award-2016-708-300x200.jpg"},"guest-author-32":{"file":"Gregorio-Fedele-Award-2016-708-32x32.jpg","width":32,"height":32,"mime-type":"image\/jpeg","source_url":"https:\/\/www.gardaseezeitung.it\/gardaseezeitung_new\/de\/wp-content\/uploads\/sites\/2\/2023\/03\/Gregorio-Fedele-Award-2016-708-32x32.jpg"},"guest-author-50":{"file":"Gregorio-Fedele-Award-2016-708-50x50.jpg","width":50,"height":50,"mime-type":"image\/jpeg","source_url":"https:\/\/www.gardaseezeitung.it\/gardaseezeitung_new\/de\/wp-content\/uploads\/sites\/2\/2023\/03\/Gregorio-Fedele-Award-2016-708-50x50.jpg"},"guest-author-64":{"file":"Gregorio-Fedele-Award-2016-708-64x64.jpg","width":64,"height":64,"mime-type":"image\/jpeg","source_url":"https:\/\/www.gardaseezeitung.it\/gardaseezeitung_new\/de\/wp-content\/uploads\/sites\/2\/2023\/03\/Gregorio-Fedele-Award-2016-708-64x64.jpg"},"guest-author-96":{"file":"Gregorio-Fedele-Award-2016-708-96x96.jpg","width":96,"height":96,"mime-type":"image\/jpeg","source_url":"https:\/\/www.gardaseezeitung.it\/gardaseezeitung_new\/de\/wp-content\/uploads\/sites\/2\/2023\/03\/Gregorio-Fedele-Award-2016-708-96x96.jpg"},"guest-author-128":{"file":"Gregorio-Fedele-Award-2016-708-128x128.jpg","width":128,"height":128,"mime-type":"image\/jpeg","source_url":"https:\/\/www.gardaseezeitung.it\/gardaseezeitung_new\/de\/wp-content\/uploads\/sites\/2\/2023\/03\/Gregorio-Fedele-Award-2016-708-128x128.jpg"},"full":{"file":"Gregorio-Fedele-Award-2016-708.jpg","width":708,"height":472,"mime_type":"","source_url":"https:\/\/www.gardaseezeitung.it\/gardaseezeitung_new\/de\/wp-content\/uploads\/sites\/2\/2023\/03\/Gregorio-Fedele-Award-2016-708.jpg"}},"image_meta":{"aperture":"0","credit":"","camera":"","caption":"","created_timestamp":"0","copyright":"","focal_length":"0","iso":"0","shutter_speed":"0","title":"","orientation":"1","keywords":[]}},"_links":{"self":[{"href":"https:\/\/www.gardaseezeitung.it\/gardaseezeitung_new\/de\/wp-json\/wp\/v2\/posts\/18021"}],"collection":[{"href":"https:\/\/www.gardaseezeitung.it\/gardaseezeitung_new\/de\/wp-json\/wp\/v2\/posts"}],"about":[{"href":"https:\/\/www.gardaseezeitung.it\/gardaseezeitung_new\/de\/wp-json\/wp\/v2\/types\/post"}],"author":[{"embeddable":true,"href":"https:\/\/www.gardaseezeitung.it\/gardaseezeitung_new\/de\/wp-json\/wp\/v2\/users\/9"}],"replies":[{"embeddable":true,"href":"https:\/\/www.gardaseezeitung.it\/gardaseezeitung_new\/de\/wp-json\/wp\/v2\/comments?post=18021"}],"version-history":[{"count":1,"href":"https:\/\/www.gardaseezeitung.it\/gardaseezeitung_new\/de\/wp-json\/wp\/v2\/posts\/18021\/revisions"}],"predecessor-version":[{"id":18022,"href":"https:\/\/www.gardaseezeitung.it\/gardaseezeitung_new\/de\/wp-json\/wp\/v2\/posts\/18021\/revisions\/18022"}],"wp:featuredmedia":[{"embeddable":true,"href":"https:\/\/www.gardaseezeitung.it\/gardaseezeitung_new\/de\/wp-json\/wp\/v2\/media\/12899"}],"wp:attachment":[{"href":"https:\/\/www.gardaseezeitung.it\/gardaseezeitung_new\/de\/wp-json\/wp\/v2\/media?parent=18021"}],"wp:term":[{"taxonomy":"category","embeddable":true,"href":"https:\/\/www.gardaseezeitung.it\/gardaseezeitung_new\/de\/wp-json\/wp\/v2\/categories?post=18021"},{"taxonomy":"post_tag","embeddable":true,"href":"https:\/\/www.gardaseezeitung.it\/gardaseezeitung_new\/de\/wp-json\/wp\/v2\/tags?post=18021"},{"taxonomy":"news-destination","embeddable":true,"href":"https:\/\/www.gardaseezeitung.it\/gardaseezeitung_new\/de\/wp-json\/wp\/v2\/news-destination?post=18021"},{"taxonomy":"news-source","embeddable":true,"href":"https:\/\/www.gardaseezeitung.it\/gardaseezeitung_new\/de\/wp-json\/wp\/v2\/news-source?post=18021"},{"taxonomy":"is_homepage","embeddable":true,"href":"https:\/\/www.gardaseezeitung.it\/gardaseezeitung_new\/de\/wp-json\/wp\/v2\/is_homepage?post=18021"},{"taxonomy":"ta_other","embeddable":true,"href":"https:\/\/www.gardaseezeitung.it\/gardaseezeitung_new\/de\/wp-json\/wp\/v2\/ta_other?post=18021"}],"curies":[{"name":"wp","href":"https:\/\/api.w.org\/{rel}","templated":true}]}}