{"id":1820,"date":"2015-07-12T16:08:36","date_gmt":"2015-07-12T16:08:36","guid":{"rendered":"http:\/\/euwp08.newsmemory.com\/gardaseezeitung_new\/de\/2015\/07\/12\/sicherheit-der-badegaste-steht-im-vordergrund\/"},"modified":"2019-05-28T21:04:46","modified_gmt":"2019-05-28T21:04:46","slug":"sicherheit-der-badegaste-steht-im-vordergrund","status":"publish","type":"post","link":"https:\/\/www.gardaseezeitung.it\/2015\/07\/12\/sicherheit-der-badegaste-steht-im-vordergrund\/","title":{"rendered":"Sicherheit der Badeg\u00e4ste steht im Vordergrund"},"content":{"rendered":"<p>In Bardolino haben die Gemeindeverwaltung und das \u00f6rtliche Komitee des Roten Kreuzes Garda Baldo eine \u00dcbereinkunft getroffen. Bereits seit fast zwanzig Jahren arbeitet man zusammen, und auch in diesem Jahr bietet man den Badeg\u00e4sten, die die Str\u00e4nde des Gemeindegebiets besuchen, einen medizinischen Dienst vom Wasser aus. Zum Einsatz kommt dabei die Wasserambulanz, deren St\u00fctzpunkt sich in Bardolino befindet. An Bord sind w\u00e4hrend der Eins\u00e4tze auch ein Arzt und ein Krankenpfleger. Ihnen stehen zwei Mitarbeiter des Roten Kreuzes zur Seite, die auf Seerettungen spezialisiert sind.<\/p>\n<p>In diesem Jahr kann das Team auch auf zwei neue \u201eMitglieder\u201c z\u00e4hlen: \u201eLucas 2\u201c und \u201eEzio\u201c. \u201eLucas 2\u201c ist ein hochmodernes Ger\u00e4t, mit dem man pr\u00e4zise Brustkorb-Kompressionen bei Herzstillstand ausf\u00fchren kann, w\u00e4hrend \u201eEzio\u201c ein System f\u00fcr Fl\u00fcssigkeitsinfusionen ist, das zum Einsatz kommt, wenn man Patienten mit Problemen von Gef\u00e4\u00dfzug\u00e4ngen behandeln muss.<\/p>\n<p>Die Wasserambulanz ist mit der modernsten Ausr\u00fcstung f\u00fcr Rettungseins\u00e4tze ausgestattet und eignet sich auch f\u00fcr Bergungseins\u00e4tze. Auf der Wasserambulanz kann auch ein Rov (Remotely Operated Vehicle) transportiert werden. Dieses Ger\u00e4t ist f\u00fcr Unterwasserbergungsaktionen bis in 150 Meter Tiefe geeignet.<\/p>\n<p>Die Wasserambulanz ist samstags von 14 bis 19 Uhr und sonntags von 10 bis 19 Uhr im Einsatz, und dies bis Mitte September. An den anderen Tagen und in den N\u00e4chten (von freitags bis sonntags) ist der Rettungsdienst bei Bedarf im Einsatz. Personal des Roten Kreuzes ist in diesem Fall im Bereitschaftsdienst.<\/p>\n<p>Dank weiterer \u00dcbereink\u00fcnfte mit dem Rettungsdienst 118, der K\u00fcstenwache (Notruf 1530) und anderen K\u00f6rperschaften des Gebiets wird so am See f\u00fcr die Sicherheit der Ferieng\u00e4ste garantiert.<\/p>\n<p>&nbsp;<\/p>\n","protected":false},"excerpt":{"rendered":"<p>Den Gemeinden am See liegt die Sicherheit der Urlauber sehr am Herzen. In Torri (siehe Artikel auf dieser Seite) und auch in Bardolino sind Initiativen angelaufen, mit denen f\u00fcr das Wohlergehen der Ferieng\u00e4ste garantiert werden soll, und dies im Speziellen an den Wochenenden, wenn der Gardasee besonders stark besucht ist.<\/p>\n","protected":false},"author":1,"featured_media":1821,"comment_status":"open","ping_status":"open","sticky":false,"template":"","format":"standard","meta":[],"categories":[3],"tags":[],"news-destination":[],"news-source":[],"is_homepage":[],"ta_other":[],"featured_media_details":{"width":620,"height":414,"file":"2019\/05\/23ce76f1ef571777aab7b7f966acff30.jpg","sizes":{"thumbnail":{"file":"23ce76f1ef571777aab7b7f966acff30-150x150.jpg","width":150,"height":150,"mime-type":"image\/jpeg","source_url":"https:\/\/www.gardaseezeitung.it\/gardaseezeitung_new\/de\/wp-content\/uploads\/sites\/2\/2019\/05\/23ce76f1ef571777aab7b7f966acff30-150x150.jpg"},"medium":{"file":"23ce76f1ef571777aab7b7f966acff30-300x200.jpg","width":300,"height":200,"mime-type":"image\/jpeg","source_url":"https:\/\/www.gardaseezeitung.it\/gardaseezeitung_new\/de\/wp-content\/uploads\/sites\/2\/2019\/05\/23ce76f1ef571777aab7b7f966acff30-300x200.jpg"},"full":{"file":"23ce76f1ef571777aab7b7f966acff30.jpg","width":620,"height":414,"mime_type":"","source_url":"https:\/\/www.gardaseezeitung.it\/gardaseezeitung_new\/de\/wp-content\/uploads\/sites\/2\/2019\/05\/23ce76f1ef571777aab7b7f966acff30.jpg"}},"image_meta":{"aperture":"0","credit":"","camera":"","caption":"","created_timestamp":"0","copyright":"","focal_length":"0","iso":"0","shutter_speed":"0","title":"","orientation":"0","keywords":[]}},"_links":{"self":[{"href":"https:\/\/www.gardaseezeitung.it\/gardaseezeitung_new\/de\/wp-json\/wp\/v2\/posts\/1820"}],"collection":[{"href":"https:\/\/www.gardaseezeitung.it\/gardaseezeitung_new\/de\/wp-json\/wp\/v2\/posts"}],"about":[{"href":"https:\/\/www.gardaseezeitung.it\/gardaseezeitung_new\/de\/wp-json\/wp\/v2\/types\/post"}],"author":[{"embeddable":true,"href":"https:\/\/www.gardaseezeitung.it\/gardaseezeitung_new\/de\/wp-json\/wp\/v2\/users\/1"}],"replies":[{"embeddable":true,"href":"https:\/\/www.gardaseezeitung.it\/gardaseezeitung_new\/de\/wp-json\/wp\/v2\/comments?post=1820"}],"version-history":[{"count":0,"href":"https:\/\/www.gardaseezeitung.it\/gardaseezeitung_new\/de\/wp-json\/wp\/v2\/posts\/1820\/revisions"}],"wp:featuredmedia":[{"embeddable":true,"href":"https:\/\/www.gardaseezeitung.it\/gardaseezeitung_new\/de\/wp-json\/wp\/v2\/media\/1821"}],"wp:attachment":[{"href":"https:\/\/www.gardaseezeitung.it\/gardaseezeitung_new\/de\/wp-json\/wp\/v2\/media?parent=1820"}],"wp:term":[{"taxonomy":"category","embeddable":true,"href":"https:\/\/www.gardaseezeitung.it\/gardaseezeitung_new\/de\/wp-json\/wp\/v2\/categories?post=1820"},{"taxonomy":"post_tag","embeddable":true,"href":"https:\/\/www.gardaseezeitung.it\/gardaseezeitung_new\/de\/wp-json\/wp\/v2\/tags?post=1820"},{"taxonomy":"news-destination","embeddable":true,"href":"https:\/\/www.gardaseezeitung.it\/gardaseezeitung_new\/de\/wp-json\/wp\/v2\/news-destination?post=1820"},{"taxonomy":"news-source","embeddable":true,"href":"https:\/\/www.gardaseezeitung.it\/gardaseezeitung_new\/de\/wp-json\/wp\/v2\/news-source?post=1820"},{"taxonomy":"is_homepage","embeddable":true,"href":"https:\/\/www.gardaseezeitung.it\/gardaseezeitung_new\/de\/wp-json\/wp\/v2\/is_homepage?post=1820"},{"taxonomy":"ta_other","embeddable":true,"href":"https:\/\/www.gardaseezeitung.it\/gardaseezeitung_new\/de\/wp-json\/wp\/v2\/ta_other?post=1820"}],"curies":[{"name":"wp","href":"https:\/\/api.w.org\/{rel}","templated":true}]}}