{"id":18219,"date":"2025-08-12T11:38:28","date_gmt":"2025-08-12T09:38:28","guid":{"rendered":"https:\/\/euwps05.newsmemory.com\/gardaseezeitung_new\/de\/2025\/08\/12\/bis-zum-16-august-findet-das-weinfest-san-martino-della-battaglia-statt\/"},"modified":"2025-08-12T11:40:05","modified_gmt":"2025-08-12T09:40:05","slug":"bis-zum-16-august-findet-das-weinfest-san-martino-della-battaglia-statt","status":"publish","type":"post","link":"https:\/\/www.gardaseezeitung.it\/2025\/08\/12\/bis-zum-16-august-findet-das-weinfest-san-martino-della-battaglia-statt\/","title":{"rendered":"Bis zum 16. August findet das Weinfest in San Martino della Battaglia statt"},"content":{"rendered":"<p>&nbsp;<\/p>\n<p>Vom 12. bis 16. August verwandelt sich das Sportzentrum von San Martino della Battaglia mit dem 48. Weinfest, einer Veranstaltung, die seit fast einem halben Jahrhundert die Region, ihre Gastfreundschaft und ihre Aromen feiert, in das pulsierende Herz des Sommers.<br \/>\nJede Ausgabe zieht Hunderte von Besuchern an, die neugierig sind, neue Aromen zu entdecken und die gesellige Atmosph\u00e4re zwischen den St\u00e4nden und den Tischen im Freien zu erleben. Unbestrittener Protagonist ist der Wein der Region, der zusammen mit typischen Gerichten serviert wird, die an den gastronomischen St\u00e4nden zubereitet werden. Von Wurstwaren \u00fcber Grillgerichte bis hin zu K\u00e4se und lokalen Spezialit\u00e4ten bietet jeder Abend die Gelegenheit, das Beste der Tradition in Gesellschaft zu genie\u00dfen.<br \/>\nJeden Abend finden auf der B\u00fchne Konzerte, Tanzabende und Shows statt, wobei verschiedene Musikrichtungen angeboten werden, um jeden Geschmack zu befriedigen. Auch nachmittags gibt es Aktivit\u00e4ten, Spiele und Sportveranstaltungen, w\u00e4hrend die Gastronomiest\u00e4nde um 19 Uhr \u00f6ffnen. Das Programm:<\/p>\n<p><em>Dienstag, 12. August<\/em><br \/>\nDas Fest beginnt um 19 Uhr mit der offiziellen Er\u00f6ffnung der Veranstaltung. Ab 21 Uhr gibt es Live-Musik und Tanz.<\/p>\n<p><em>Mittwoch, 13. August <\/em><br \/>\nUm 21 Uhr Konzert mit der Diapason Band, die Vasco Rossi Tribut zollt.<\/p>\n<p><em>Donnerstag, 14. August <\/em><br \/>\nAb 21 Uhr Tanzabend mit Mauro Levrini, der das Publikum bis sp\u00e4t in die Nacht zum Tanzen bringt.<\/p>\n<p><em>Freitag, 15. August \u2013 Ferragosto<\/em><br \/>\nDer Tag beginnt um 9 Uhr mit der Familien-Radtour, einem geselligen und sportlichen Moment f\u00fcr alle. Die Gastronomiest\u00e4nde \u00f6ffnen um 19 Uhr, w\u00e4hrend um 21 Uhr mit einer von Yano DJ animierten Disco-Afro-Nacht der Rhythmus wechselt.<\/p>\n<p><em>Samstag, 16. August<\/em><br \/>\nLetzte Gelegenheit, die gastronomischen Angebote zu genie\u00dfen, mit \u00d6ffnung der St\u00e4nde ab 19 Uhr. Das Fest endet mit Musik von Radio Studio+ ab 21 Uhr, f\u00fcr einen Abend, der Energie und Spa\u00df bis Mitternacht verspricht.<\/p>\n<p>&nbsp;<\/p>\n","protected":false},"excerpt":{"rendered":"<p>Eine Veranstaltung, die Tradition und Unterhaltung verbindet, bei der lokaler Wein auf typische K\u00fcche und Live-Musikabende trifft<\/p>\n","protected":false},"author":9,"featured_media":18218,"comment_status":"open","ping_status":"open","sticky":false,"template":"","format":"standard","meta":[],"categories":[2,4,5],"tags":[4400,23,26,1789,5594],"news-destination":[],"news-source":[],"is_homepage":[5577],"ta_other":[],"featured_media_details":{"width":1024,"height":667,"file":"2025\/08\/Screenshot-2025-08-12-alle-10.50.03.png","sizes":{"medium":{"file":"Screenshot-2025-08-12-alle-10.50.03-300x195.png","width":300,"height":195,"mime-type":"image\/png","source_url":"https:\/\/www.gardaseezeitung.it\/gardaseezeitung_new\/de\/wp-content\/uploads\/sites\/2\/2025\/08\/Screenshot-2025-08-12-alle-10.50.03-300x195.png"},"thumbnail":{"file":"Screenshot-2025-08-12-alle-10.50.03-150x150.png","width":150,"height":150,"mime-type":"image\/png","source_url":"https:\/\/www.gardaseezeitung.it\/gardaseezeitung_new\/de\/wp-content\/uploads\/sites\/2\/2025\/08\/Screenshot-2025-08-12-alle-10.50.03-150x150.png"},"medium_large":{"file":"Screenshot-2025-08-12-alle-10.50.03-768x500.png","width":768,"height":500,"mime-type":"image\/png","source_url":"https:\/\/www.gardaseezeitung.it\/gardaseezeitung_new\/de\/wp-content\/uploads\/sites\/2\/2025\/08\/Screenshot-2025-08-12-alle-10.50.03-768x500.png"},"big_image":{"file":"Screenshot-2025-08-12-alle-10.50.03-750x489.png","width":750,"height":489,"mime-type":"image\/png","source_url":"https:\/\/www.gardaseezeitung.it\/gardaseezeitung_new\/de\/wp-content\/uploads\/sites\/2\/2025\/08\/Screenshot-2025-08-12-alle-10.50.03-750x489.png"},"full":{"file":"Screenshot-2025-08-12-alle-10.50.03.png","width":1024,"height":667,"mime_type":"","source_url":"https:\/\/www.gardaseezeitung.it\/gardaseezeitung_new\/de\/wp-content\/uploads\/sites\/2\/2025\/08\/Screenshot-2025-08-12-alle-10.50.03.png"}},"image_meta":{"aperture":"0","credit":"","camera":"","caption":"","created_timestamp":"0","copyright":"","focal_length":"0","iso":"0","shutter_speed":"0","title":"","orientation":"0","keywords":[]}},"_links":{"self":[{"href":"https:\/\/www.gardaseezeitung.it\/gardaseezeitung_new\/de\/wp-json\/wp\/v2\/posts\/18219"}],"collection":[{"href":"https:\/\/www.gardaseezeitung.it\/gardaseezeitung_new\/de\/wp-json\/wp\/v2\/posts"}],"about":[{"href":"https:\/\/www.gardaseezeitung.it\/gardaseezeitung_new\/de\/wp-json\/wp\/v2\/types\/post"}],"author":[{"embeddable":true,"href":"https:\/\/www.gardaseezeitung.it\/gardaseezeitung_new\/de\/wp-json\/wp\/v2\/users\/9"}],"replies":[{"embeddable":true,"href":"https:\/\/www.gardaseezeitung.it\/gardaseezeitung_new\/de\/wp-json\/wp\/v2\/comments?post=18219"}],"version-history":[{"count":1,"href":"https:\/\/www.gardaseezeitung.it\/gardaseezeitung_new\/de\/wp-json\/wp\/v2\/posts\/18219\/revisions"}],"predecessor-version":[{"id":18221,"href":"https:\/\/www.gardaseezeitung.it\/gardaseezeitung_new\/de\/wp-json\/wp\/v2\/posts\/18219\/revisions\/18221"}],"wp:featuredmedia":[{"embeddable":true,"href":"https:\/\/www.gardaseezeitung.it\/gardaseezeitung_new\/de\/wp-json\/wp\/v2\/media\/18218"}],"wp:attachment":[{"href":"https:\/\/www.gardaseezeitung.it\/gardaseezeitung_new\/de\/wp-json\/wp\/v2\/media?parent=18219"}],"wp:term":[{"taxonomy":"category","embeddable":true,"href":"https:\/\/www.gardaseezeitung.it\/gardaseezeitung_new\/de\/wp-json\/wp\/v2\/categories?post=18219"},{"taxonomy":"post_tag","embeddable":true,"href":"https:\/\/www.gardaseezeitung.it\/gardaseezeitung_new\/de\/wp-json\/wp\/v2\/tags?post=18219"},{"taxonomy":"news-destination","embeddable":true,"href":"https:\/\/www.gardaseezeitung.it\/gardaseezeitung_new\/de\/wp-json\/wp\/v2\/news-destination?post=18219"},{"taxonomy":"news-source","embeddable":true,"href":"https:\/\/www.gardaseezeitung.it\/gardaseezeitung_new\/de\/wp-json\/wp\/v2\/news-source?post=18219"},{"taxonomy":"is_homepage","embeddable":true,"href":"https:\/\/www.gardaseezeitung.it\/gardaseezeitung_new\/de\/wp-json\/wp\/v2\/is_homepage?post=18219"},{"taxonomy":"ta_other","embeddable":true,"href":"https:\/\/www.gardaseezeitung.it\/gardaseezeitung_new\/de\/wp-json\/wp\/v2\/ta_other?post=18219"}],"curies":[{"name":"wp","href":"https:\/\/api.w.org\/{rel}","templated":true}]}}