{"id":1832,"date":"2015-10-05T21:23:09","date_gmt":"2015-10-05T21:23:09","guid":{"rendered":"http:\/\/euwp08.newsmemory.com\/gardaseezeitung_new\/de\/2015\/10\/05\/countdown-zum-lake-garda-marathon-lauft\/"},"modified":"2019-05-28T21:10:19","modified_gmt":"2019-05-28T21:10:19","slug":"countdown-zum-lake-garda-marathon-lauft","status":"publish","type":"post","link":"https:\/\/www.gardaseezeitung.it\/2015\/10\/05\/countdown-zum-lake-garda-marathon-lauft\/","title":{"rendered":"Countdown zum Lake Garda Marathon l\u00e4uft"},"content":{"rendered":"<p>Die Marathonstrecke ist auch wirklich einmalig: von Malcesine geht es auf der Gardesana-Stra\u00dfe in Richtung S\u00fcden nach Magugnano di Brenzone. Dann f\u00fchrt es die Athleten auf dem Radweg in Richtung Norden erneut nach Malcesine. Auf der \u00f6stlichen Gardesana wird das Rennen nach Torbole sul Garda fortgesetzt. Weitere Streckenabschnitte f\u00fchren \u00fcber die Linfano-Stra\u00dfe, \u00fcber den Radweg entlang des Sarca-Flusses und dann zur Seepromenade und zum Strand von Torbole.<br \/>Heute ist der Lake Garda Marathon nicht nur in Italien, sondern auch auf internationalem Level ein anerkannter und sehr beliebter Marathon. Die Anmeldefrist f\u00fcr die neunte Ausgabe des Sportevents ist bereits vor einigen Wochen angelaufen. Noch bis zum 16. Oktober werden Anmeldungen angenommen.<br \/>Der Lake Garda Marathon ist \u00fcbrigens nicht nur ein Marathon f\u00fcr die Profis. Neben der klassischen Marathon-Strecke erwartet man die Sportler auch noch mit dem \u201eGarda Run 30 km&#8220;, dem \u201eGarda Run 15 km&#8220; und dem \u201eTorbole Night Run&#8220; (am Abend des 17. Oktobers). Hinzu kommt der \u201eMarathon f\u00fcr die Forschung&#8220;.<br \/>Zu ihm k\u00f6nnen sich die Athleten, die an einem der vier oben genannten Wettl\u00e4ufe teilnehmen, zus\u00e4tzlich anmelden. Sie k\u00f6nnen sich einer bereits bestehenden Mannschaften anschlie\u00dfen oder eine eigene Mannschaft gr\u00fcnden. \u00dcber Facebook k\u00f6nnen sie Freunde, Kollegen und Bekannte \u00fcber ihre Teilnahme am Forschungs-Marathon informieren und so um Spenden bitten, die der Krebsforschung zu Gute kommen. Jedes Team gibt auch sein Spenden-Objektiv bekannt. Dank des Forschungs-Marathons entsteht ein \u201eWettkampf im Wettkampf&#8220;, denn jedes Team wird versuchen, sein Spendenziel zu erreichen und so als Sieger aus diesem Benefiz-Marathon hervorzugehen.<br \/>Weitere ausf\u00fchrliche Informationen zu den Rennstrecken und zu den Anmeldungsmodalit\u00e4ten sind online unter www.lakegardamarathon.com zu finden.[KH]<\/p>\n","protected":false},"excerpt":{"rendered":"<p>Der Countdown l\u00e4uft: am 18. Oktober f\u00e4llt der Startschuss zum neunten Lake Garda Marathon. Ins Leben gerufen wurde der Marathon mit dem Ziel, f\u00fcr das herrliche Gardesaner Gebiet zu werben und den Sportlern einen Wettkampf inmitten einer geradezu einmaligen Landschaft zu erm\u00f6glichen.<\/p>\n","protected":false},"author":1,"featured_media":1833,"comment_status":"open","ping_status":"open","sticky":false,"template":"","format":"standard","meta":[],"categories":[3],"tags":[],"news-destination":[],"news-source":[],"is_homepage":[],"ta_other":[],"featured_media_details":{"width":620,"height":397,"file":"2019\/05\/5210c553e1bb618275e4a5f7256933de.jpg","sizes":{"thumbnail":{"file":"5210c553e1bb618275e4a5f7256933de-150x150.jpg","width":150,"height":150,"mime-type":"image\/jpeg","source_url":"https:\/\/www.gardaseezeitung.it\/gardaseezeitung_new\/de\/wp-content\/uploads\/sites\/2\/2019\/05\/5210c553e1bb618275e4a5f7256933de-150x150.jpg"},"medium":{"file":"5210c553e1bb618275e4a5f7256933de-300x192.jpg","width":300,"height":192,"mime-type":"image\/jpeg","source_url":"https:\/\/www.gardaseezeitung.it\/gardaseezeitung_new\/de\/wp-content\/uploads\/sites\/2\/2019\/05\/5210c553e1bb618275e4a5f7256933de-300x192.jpg"},"full":{"file":"5210c553e1bb618275e4a5f7256933de.jpg","width":620,"height":397,"mime_type":"","source_url":"https:\/\/www.gardaseezeitung.it\/gardaseezeitung_new\/de\/wp-content\/uploads\/sites\/2\/2019\/05\/5210c553e1bb618275e4a5f7256933de.jpg"}},"image_meta":{"aperture":"0","credit":"","camera":"","caption":"","created_timestamp":"0","copyright":"","focal_length":"0","iso":"0","shutter_speed":"0","title":"","orientation":"0","keywords":[]}},"_links":{"self":[{"href":"https:\/\/www.gardaseezeitung.it\/gardaseezeitung_new\/de\/wp-json\/wp\/v2\/posts\/1832"}],"collection":[{"href":"https:\/\/www.gardaseezeitung.it\/gardaseezeitung_new\/de\/wp-json\/wp\/v2\/posts"}],"about":[{"href":"https:\/\/www.gardaseezeitung.it\/gardaseezeitung_new\/de\/wp-json\/wp\/v2\/types\/post"}],"author":[{"embeddable":true,"href":"https:\/\/www.gardaseezeitung.it\/gardaseezeitung_new\/de\/wp-json\/wp\/v2\/users\/1"}],"replies":[{"embeddable":true,"href":"https:\/\/www.gardaseezeitung.it\/gardaseezeitung_new\/de\/wp-json\/wp\/v2\/comments?post=1832"}],"version-history":[{"count":0,"href":"https:\/\/www.gardaseezeitung.it\/gardaseezeitung_new\/de\/wp-json\/wp\/v2\/posts\/1832\/revisions"}],"wp:featuredmedia":[{"embeddable":true,"href":"https:\/\/www.gardaseezeitung.it\/gardaseezeitung_new\/de\/wp-json\/wp\/v2\/media\/1833"}],"wp:attachment":[{"href":"https:\/\/www.gardaseezeitung.it\/gardaseezeitung_new\/de\/wp-json\/wp\/v2\/media?parent=1832"}],"wp:term":[{"taxonomy":"category","embeddable":true,"href":"https:\/\/www.gardaseezeitung.it\/gardaseezeitung_new\/de\/wp-json\/wp\/v2\/categories?post=1832"},{"taxonomy":"post_tag","embeddable":true,"href":"https:\/\/www.gardaseezeitung.it\/gardaseezeitung_new\/de\/wp-json\/wp\/v2\/tags?post=1832"},{"taxonomy":"news-destination","embeddable":true,"href":"https:\/\/www.gardaseezeitung.it\/gardaseezeitung_new\/de\/wp-json\/wp\/v2\/news-destination?post=1832"},{"taxonomy":"news-source","embeddable":true,"href":"https:\/\/www.gardaseezeitung.it\/gardaseezeitung_new\/de\/wp-json\/wp\/v2\/news-source?post=1832"},{"taxonomy":"is_homepage","embeddable":true,"href":"https:\/\/www.gardaseezeitung.it\/gardaseezeitung_new\/de\/wp-json\/wp\/v2\/is_homepage?post=1832"},{"taxonomy":"ta_other","embeddable":true,"href":"https:\/\/www.gardaseezeitung.it\/gardaseezeitung_new\/de\/wp-json\/wp\/v2\/ta_other?post=1832"}],"curies":[{"name":"wp","href":"https:\/\/api.w.org\/{rel}","templated":true}]}}