{"id":1834,"date":"2015-10-05T22:36:04","date_gmt":"2015-10-05T22:36:04","guid":{"rendered":"http:\/\/euwp08.newsmemory.com\/gardaseezeitung_new\/de\/2015\/10\/05\/konsortien-und-verbande-ziehen-an-einem-strang\/"},"modified":"2019-05-28T21:10:19","modified_gmt":"2019-05-28T21:10:19","slug":"konsortien-und-verbande-ziehen-an-einem-strang","status":"publish","type":"post","link":"https:\/\/www.gardaseezeitung.it\/2015\/10\/05\/konsortien-und-verbande-ziehen-an-einem-strang\/","title":{"rendered":"Konsortien und Verb\u00e4nde ziehen an einem Strang"},"content":{"rendered":"<p>Im Laufe der letzten Sitzung des Verwaltungsrats wurden eine Reihe von speziellen Programmen ausgearbeitet, die die Gardesaner Gemeinden betreffen und mit einbeziehen werden. Eine Expertengruppe wird einen Plan ausarbeiten, um die Online-Pr\u00e4senz zu optimieren. Besonderes Augenmerk gilt hierbei den Fremdenverkehrs-Veranstaltungen und den Initiativen der Konsortiums-Mitglieder. Im Laufe des Treffens wurde auch einer speziellen Ver\u00f6ffentlichung zugestimmt, die den vielen sportlichen Aktivit\u00e4ten gewidmet ist, die am Gardasee ausge\u00fcbt werden k\u00f6nnen. Dank besonderer Vereinbarungen wird man f\u00fcr diese auch in den deutschsprachigen L\u00e4ndern werben k\u00f6nnen.<br \/>Kurz: man hat einen echten \u201eAngriffsplan&#8220; zur F\u00f6rderung der kommenden Urlaubssaison ausgearbeitet. \u201eZum ersten Mal in der Geschichte des Konsortiums&#8220;, so der Vorsitzende des Konsortiums \u201eLago di Garda Veneto&#8220;, Paolo Artelio, \u201eist der Verwaltungsrat absolut kompakt, harmonisch und sich an allen Fronten einig: der Hoteliersverband Federalberghi, die Vereinigung der Campingpl\u00e4tze AssoGardaCamping, die Handelskammer Confcommercio Verona, die Vereinigung der Gastst\u00e4ttenbesitzer, Sportverb\u00e4nde, B &amp; B, Parchi del Garda und alle anderen Einrichtungen. Dies ist ein gro\u00dfer Erfolg, der es erlauben wird, einen \u00e4u\u00dferst hochwertigen Werbeplan zusammenzustellen&#8220;.<\/p>\n","protected":false},"excerpt":{"rendered":"<p>Dem Image des Veroneser Gardasees zu neuem Glanz zu verhelfen und f\u00fcr den Tourismus des Gebiets zu werben, dies das Ziel des Fremdenverkehrskonsortiums \u201eLago di Garda Veneto&#8220;.<\/p>\n","protected":false},"author":1,"featured_media":1835,"comment_status":"open","ping_status":"open","sticky":false,"template":"","format":"standard","meta":[],"categories":[3],"tags":[],"news-destination":[],"news-source":[],"is_homepage":[],"ta_other":[],"featured_media_details":{"width":620,"height":349,"file":"2019\/05\/c30ced4a66746ac9b5fd6ce041606f41.jpg","sizes":{"thumbnail":{"file":"c30ced4a66746ac9b5fd6ce041606f41-150x150.jpg","width":150,"height":150,"mime-type":"image\/jpeg","source_url":"https:\/\/www.gardaseezeitung.it\/gardaseezeitung_new\/de\/wp-content\/uploads\/sites\/2\/2019\/05\/c30ced4a66746ac9b5fd6ce041606f41-150x150.jpg"},"medium":{"file":"c30ced4a66746ac9b5fd6ce041606f41-300x169.jpg","width":300,"height":169,"mime-type":"image\/jpeg","source_url":"https:\/\/www.gardaseezeitung.it\/gardaseezeitung_new\/de\/wp-content\/uploads\/sites\/2\/2019\/05\/c30ced4a66746ac9b5fd6ce041606f41-300x169.jpg"},"full":{"file":"c30ced4a66746ac9b5fd6ce041606f41.jpg","width":620,"height":349,"mime_type":"","source_url":"https:\/\/www.gardaseezeitung.it\/gardaseezeitung_new\/de\/wp-content\/uploads\/sites\/2\/2019\/05\/c30ced4a66746ac9b5fd6ce041606f41.jpg"}},"image_meta":{"aperture":"0","credit":"","camera":"","caption":"","created_timestamp":"0","copyright":"","focal_length":"0","iso":"0","shutter_speed":"0","title":"","orientation":"0","keywords":[]}},"_links":{"self":[{"href":"https:\/\/www.gardaseezeitung.it\/gardaseezeitung_new\/de\/wp-json\/wp\/v2\/posts\/1834"}],"collection":[{"href":"https:\/\/www.gardaseezeitung.it\/gardaseezeitung_new\/de\/wp-json\/wp\/v2\/posts"}],"about":[{"href":"https:\/\/www.gardaseezeitung.it\/gardaseezeitung_new\/de\/wp-json\/wp\/v2\/types\/post"}],"author":[{"embeddable":true,"href":"https:\/\/www.gardaseezeitung.it\/gardaseezeitung_new\/de\/wp-json\/wp\/v2\/users\/1"}],"replies":[{"embeddable":true,"href":"https:\/\/www.gardaseezeitung.it\/gardaseezeitung_new\/de\/wp-json\/wp\/v2\/comments?post=1834"}],"version-history":[{"count":0,"href":"https:\/\/www.gardaseezeitung.it\/gardaseezeitung_new\/de\/wp-json\/wp\/v2\/posts\/1834\/revisions"}],"wp:featuredmedia":[{"embeddable":true,"href":"https:\/\/www.gardaseezeitung.it\/gardaseezeitung_new\/de\/wp-json\/wp\/v2\/media\/1835"}],"wp:attachment":[{"href":"https:\/\/www.gardaseezeitung.it\/gardaseezeitung_new\/de\/wp-json\/wp\/v2\/media?parent=1834"}],"wp:term":[{"taxonomy":"category","embeddable":true,"href":"https:\/\/www.gardaseezeitung.it\/gardaseezeitung_new\/de\/wp-json\/wp\/v2\/categories?post=1834"},{"taxonomy":"post_tag","embeddable":true,"href":"https:\/\/www.gardaseezeitung.it\/gardaseezeitung_new\/de\/wp-json\/wp\/v2\/tags?post=1834"},{"taxonomy":"news-destination","embeddable":true,"href":"https:\/\/www.gardaseezeitung.it\/gardaseezeitung_new\/de\/wp-json\/wp\/v2\/news-destination?post=1834"},{"taxonomy":"news-source","embeddable":true,"href":"https:\/\/www.gardaseezeitung.it\/gardaseezeitung_new\/de\/wp-json\/wp\/v2\/news-source?post=1834"},{"taxonomy":"is_homepage","embeddable":true,"href":"https:\/\/www.gardaseezeitung.it\/gardaseezeitung_new\/de\/wp-json\/wp\/v2\/is_homepage?post=1834"},{"taxonomy":"ta_other","embeddable":true,"href":"https:\/\/www.gardaseezeitung.it\/gardaseezeitung_new\/de\/wp-json\/wp\/v2\/ta_other?post=1834"}],"curies":[{"name":"wp","href":"https:\/\/api.w.org\/{rel}","templated":true}]}}