{"id":18353,"date":"2025-10-06T10:58:39","date_gmt":"2025-10-06T08:58:39","guid":{"rendered":"https:\/\/euwps05.newsmemory.com\/gardaseezeitung_new\/de\/2025\/10\/06\/valtenesi-rose-wo-rose-seine-heimat-gefunden-hat\/"},"modified":"2025-10-06T11:56:59","modified_gmt":"2025-10-06T09:56:59","slug":"valtenesi-rose-wo-rose-seine-heimat-gefunden-hat","status":"publish","type":"post","link":"https:\/\/www.gardaseezeitung.it\/2025\/10\/06\/valtenesi-rose-wo-rose-seine-heimat-gefunden-hat\/","title":{"rendered":"Valt\u00e8nesi Ros\u00e8 \u2013 wo Ros\u00e8 seine Heimat gefunden hat"},"content":{"rendered":"<figure id=\"attachment_18361\" style=\"width: 750px\" class=\"wp-caption alignnone\"><img title=\"Valt\u00e8nesi Ros\u00e8 \u2013 wo Ros\u00e8 seine Heimat gefunden hat\" loading=\"lazy\" class=\"wp-image-18361 size-full\" src=\"https:\/\/www.gardaseezeitung.it\/gardaseezeitung_new\/de\/wp-content\/uploads\/sites\/2\/2025\/10\/image00009-1.jpg\" alt=\"Ros\u00e9 Valtenesi\" width=\"750\" height=\"799\" srcset=\"https:\/\/euwps05.newsmemory.com\/gardaseezeitung_new\/de\/wp-content\/uploads\/sites\/2\/2025\/10\/image00009-1.jpg 750w, https:\/\/euwps05.newsmemory.com\/gardaseezeitung_new\/de\/wp-content\/uploads\/sites\/2\/2025\/10\/image00009-1-282x300.jpg 282w\" sizes=\"(max-width: 750px) 100vw, 750px\" \/><figcaption class=\"wp-caption-text\">Ros\u00e9 Valtenesi<\/figcaption><\/figure>\n<p>&nbsp;<\/p>\n<p>Die Region Valt\u00e8nesi erstreckt sich im Hinterland der Ortschaften entlang des Seeufers von Gardone \u00fcber Sal\u00f2, San Felice, Manerba, Moniga und Padenghe bis nach Desenzano. In dieser lieblichen, mor\u00e4nischen H\u00fcgellandschaft kuscheln sich kleine, liebenswerte D\u00f6rfer wie Ro\u00e8 Volciano, Gavardo, Puenago, Polpenazze, Cavalgese, Bedizzole und Lonato, wo 90 kleinere und mittelgro\u00dfe Weing\u00fcter sich vorwiegend auf ihre heimische Rebsorte Groppello konzentriert haben. Valt\u00e8nesi steht aber nicht nur f\u00fcr erstklassige Weine, sondern auch f\u00fcr Lebensfreude und kulturellen Reichtum.<\/p>\n<p>&nbsp;<\/p>\n<figure id=\"attachment_18354\" style=\"width: 750px\" class=\"wp-caption alignnone\"><img title=\"Valt\u00e8nesi Ros\u00e8 \u2013 wo Ros\u00e8 seine Heimat gefunden hat\" loading=\"lazy\" class=\"wp-image-18354\" src=\"https:\/\/www.gardaseezeitung.it\/gardaseezeitung_new\/de\/wp-content\/uploads\/sites\/2\/2025\/10\/22-09-21-Lombardei-Reise-0083.jpeg\" alt=\"Lombardei-Reise: San Giovanni Pasini, Landschaften\" width=\"750\" height=\"563\" srcset=\"https:\/\/euwps05.newsmemory.com\/gardaseezeitung_new\/de\/wp-content\/uploads\/sites\/2\/2025\/10\/22-09-21-Lombardei-Reise-0083.jpeg 1024w, https:\/\/euwps05.newsmemory.com\/gardaseezeitung_new\/de\/wp-content\/uploads\/sites\/2\/2025\/10\/22-09-21-Lombardei-Reise-0083-300x225.jpeg 300w, https:\/\/euwps05.newsmemory.com\/gardaseezeitung_new\/de\/wp-content\/uploads\/sites\/2\/2025\/10\/22-09-21-Lombardei-Reise-0083-768x576.jpeg 768w, https:\/\/euwps05.newsmemory.com\/gardaseezeitung_new\/de\/wp-content\/uploads\/sites\/2\/2025\/10\/22-09-21-Lombardei-Reise-0083-750x563.jpeg 750w\" sizes=\"(max-width: 750px) 100vw, 750px\" \/><figcaption class=\"wp-caption-text\">Lombardei-Reise: San Giovanni Pasini, Landschaften<\/figcaption><\/figure>\n<p>&nbsp;<\/p>\n<p>Die Entdeckung des Ros\u00e8-Potenzials<\/p>\n<p>Die Region Valt\u00e8nesi ist klimatisch vom Mittelmeerklima beg\u00fcnstigt, zudem sorgen die regelm\u00e4\u00dfigen Gardaseewinde &#8211; Ander und Peler \u2013 f\u00fcr Frische und verhindern die F\u00e4ulnisbildung. Die B\u00f6den, die aus vier verschiedenen Eiszeiten entstanden sind, haben einen enorm hohen Gesteinsanteil, der enorm wichtig ist f\u00fcr charaktervolle Weine. \u00abDiese, von der Natur geschenkten Eigenschaften erm\u00f6glichen es unseren Winzern ausdrucksstarke, finessenreiche Weine mit einer angenehmen Leichtigkeit zu keltern. Unsere Ros\u00e9weine laden dazu ein, die Sinne zu verw\u00f6hnen, sie sind \u00abLa Dolce Vita im Glas\u00bb erz\u00e4hlt stolz Paolo Pasini, der Pr\u00e4sident des Consorzio Valt\u00e8nesi.<\/p>\n<p>Es war der venezianische Senator und Historiker Pompeo Gherardo Molmeti der den Grundstein f\u00fcr den heutigen Erfolg des Valt\u00e8nsi Ros\u00e8 legte. Nachdem er die am Gardasee lebende Adelige Amalia Brunati heiratete, entdeckte er seine Leidenschaft f\u00fcr Wein. Molmeti forschte und erkannte, dass sich das Valt\u00e8nesi optimal f\u00fcr die Ros\u00e9weinproduktion eignet und entwickelte ein Produktionsverfahren, dass 1896 offiziell anerkannt wurde und nach dem im Valt\u00e8nesi auch heute die Ros\u00e9weine gekeltert werden. Diese Pionierleistung gilt als Geburtsstunde des modernen Valt\u00e8nesi-Ros\u00e8.<\/p>\n<p>Eine Genusstour durch die zauberhafte H\u00fcgellandschaft<\/p>\n<p>Ob mit dem Fahrrad, einer Vespa oder dem Cabrio, eine Fahrt durch diese reizende Landschaft, gepr\u00e4gt von Weinbergen, Olivenhainen, charmanten D\u00f6rfern mit einladenden Trattorien und zahlreichen Weing\u00fctern ist ein Urlaub, wie Genussmenschen ihn lieben. Das Consorzio Valt\u00e8nesi hat eine h\u00fcbsch gestaltete Karte entwickelt, in der alle Genussstationen der 18 Gemeinden in der Provinz Brescia aufgef\u00fchrt sind. Man kann sie von der Website herunterladen.<\/p>\n<p><a href=\"https:\/\/www.consorziovaltenesi.it\/wp-content\/uploads\/2024\/08\/MAPPA-2024-SMALL.pdf\">https:\/\/www.consorziovaltenesi.it\/wp-content\/uploads\/2024\/08\/MAPPA-2024-SMALL.pdf<\/a><\/p>\n<p>Besuchen Sie den einen oder anderen Winzer und verkosten sie die gut strukturierten und feingliedrigen Valt\u00e8nesi Ros\u00e8, die perfekt das Terroir widerspiegeln und Lebensfreude generieren. Seit einiger Zeit haben die Valt\u00e8nesi-Winzer eine Partnerschaft mit der Provence, dem Gebiet, das bislang weltweit am ber\u00fchmtesten f\u00fcr Ros\u00e8weine ist.\u00a0 Die zahlreichen gemeinsamen Verkostungen zeigen, dass Valt\u00e8nesi Ros\u00e8 sich auf dem internationalen Niveau etabliert hat. Wie stark die Nachfrage nach Valt\u00e8nesi Ros\u00e8 ist, zeigt die Statistik des Consorzio: von 3 Millionen Flaschen Wein die 2024 produziert wurden, waren 2,3 Millionen mit Ros\u00e8wein gef\u00fcllt.<\/p>\n<p>&nbsp;<\/p>\n<figure id=\"attachment_18355\" style=\"width: 750px\" class=\"wp-caption alignnone\"><img title=\"Valt\u00e8nesi Ros\u00e8 \u2013 wo Ros\u00e8 seine Heimat gefunden hat\" loading=\"lazy\" class=\"wp-image-18355\" src=\"https:\/\/www.gardaseezeitung.it\/gardaseezeitung_new\/de\/wp-content\/uploads\/sites\/2\/2025\/10\/IMG_1942padenghe-vigneto08-1.jpg\" alt=\"Padenghe\" width=\"750\" height=\"500\" srcset=\"https:\/\/euwps05.newsmemory.com\/gardaseezeitung_new\/de\/wp-content\/uploads\/sites\/2\/2025\/10\/IMG_1942padenghe-vigneto08-1.jpg 1024w, https:\/\/euwps05.newsmemory.com\/gardaseezeitung_new\/de\/wp-content\/uploads\/sites\/2\/2025\/10\/IMG_1942padenghe-vigneto08-1-300x200.jpg 300w, https:\/\/euwps05.newsmemory.com\/gardaseezeitung_new\/de\/wp-content\/uploads\/sites\/2\/2025\/10\/IMG_1942padenghe-vigneto08-1-768x512.jpg 768w, https:\/\/euwps05.newsmemory.com\/gardaseezeitung_new\/de\/wp-content\/uploads\/sites\/2\/2025\/10\/IMG_1942padenghe-vigneto08-1-750x500.jpg 750w\" sizes=\"(max-width: 750px) 100vw, 750px\" \/><figcaption class=\"wp-caption-text\">Padenghe<\/figcaption><\/figure>\n<p>&nbsp;<\/p>\n<p>Nutzen Sie bei Ihren Besuchen auch die Gelegenheit und verkosten die autochthone Rebsorte Groppello, die Haupt-Rebsorte f\u00fcr den Ros\u00e9, als Rotwein gekeltert. Es gibt diesen Wein entweder in purezza oder mit anderen roten Rebsorten wie Marzemino, Barbera oder Sangiovese verschnitten.\u00a0 Es sind komplexe, w\u00fcrzige Weine mit fruchtigen Ankl\u00e4ngen, die perfekt mit den lombardischen Spezialit\u00e4ten harmonieren, die in den vielen guten Trattorien serviert werden. Jetzt im Herbst ist \u00abdie\u00bb ideale Zeit f\u00fcr diese Tour und f\u00fcr den Besuch in einer der 90 Weing\u00fcter im Valt\u00e8nesi.\u00a0 Ich bin sicher Sie werden viel Freude haben!<\/p>\n<p>&nbsp;<\/p>\n<figure id=\"attachment_18356\" style=\"width: 750px\" class=\"wp-caption alignnone\"><img title=\"Valt\u00e8nesi Ros\u00e8 \u2013 wo Ros\u00e8 seine Heimat gefunden hat\" loading=\"lazy\" class=\"wp-image-18356\" src=\"https:\/\/www.gardaseezeitung.it\/gardaseezeitung_new\/de\/wp-content\/uploads\/sites\/2\/2025\/10\/Post-per-Instagram-___-3-1024x1024-1.png\" alt=\"Valtenesi\" width=\"750\" height=\"750\" srcset=\"https:\/\/euwps05.newsmemory.com\/gardaseezeitung_new\/de\/wp-content\/uploads\/sites\/2\/2025\/10\/Post-per-Instagram-___-3-1024x1024-1.png 1024w, https:\/\/euwps05.newsmemory.com\/gardaseezeitung_new\/de\/wp-content\/uploads\/sites\/2\/2025\/10\/Post-per-Instagram-___-3-1024x1024-1-300x300.png 300w, https:\/\/euwps05.newsmemory.com\/gardaseezeitung_new\/de\/wp-content\/uploads\/sites\/2\/2025\/10\/Post-per-Instagram-___-3-1024x1024-1-150x150.png 150w, https:\/\/euwps05.newsmemory.com\/gardaseezeitung_new\/de\/wp-content\/uploads\/sites\/2\/2025\/10\/Post-per-Instagram-___-3-1024x1024-1-768x768.png 768w, https:\/\/euwps05.newsmemory.com\/gardaseezeitung_new\/de\/wp-content\/uploads\/sites\/2\/2025\/10\/Post-per-Instagram-___-3-1024x1024-1-750x750.png 750w\" sizes=\"(max-width: 750px) 100vw, 750px\" \/><figcaption class=\"wp-caption-text\">Valtenesi<\/figcaption><\/figure>\n<p>&nbsp;<\/p>\n","protected":false},"excerpt":{"rendered":"<p>Valt\u00e8nesi steht aber nicht nur f\u00fcr erstklassige Weine, sondern auch f\u00fcr Lebensfreude und kulturellen Reichtum<\/p>\n","protected":false},"author":9,"featured_media":18352,"comment_status":"open","ping_status":"open","sticky":false,"template":"","format":"standard","meta":[],"categories":[2,4,5],"tags":[2880,5647,131,5648,1827,5649,2321,1095,1182,1432,5650,2909,5651,5652,2213,167,1565,822,5653],"news-destination":[],"news-source":[],"is_homepage":[5577],"ta_other":[],"featured_media_details":{"width":1024,"height":768,"file":"2025\/10\/wwwPaolo-Pasini-Praesident-des-Consorzio-Valtenesi-.jpg","sizes":{"medium":{"file":"wwwPaolo-Pasini-Praesident-des-Consorzio-Valtenesi--300x225.jpg","width":300,"height":225,"mime-type":"image\/jpeg","source_url":"https:\/\/www.gardaseezeitung.it\/gardaseezeitung_new\/de\/wp-content\/uploads\/sites\/2\/2025\/10\/wwwPaolo-Pasini-Praesident-des-Consorzio-Valtenesi--300x225.jpg"},"thumbnail":{"file":"wwwPaolo-Pasini-Praesident-des-Consorzio-Valtenesi--150x150.jpg","width":150,"height":150,"mime-type":"image\/jpeg","source_url":"https:\/\/www.gardaseezeitung.it\/gardaseezeitung_new\/de\/wp-content\/uploads\/sites\/2\/2025\/10\/wwwPaolo-Pasini-Praesident-des-Consorzio-Valtenesi--150x150.jpg"},"medium_large":{"file":"wwwPaolo-Pasini-Praesident-des-Consorzio-Valtenesi--768x576.jpg","width":768,"height":576,"mime-type":"image\/jpeg","source_url":"https:\/\/www.gardaseezeitung.it\/gardaseezeitung_new\/de\/wp-content\/uploads\/sites\/2\/2025\/10\/wwwPaolo-Pasini-Praesident-des-Consorzio-Valtenesi--768x576.jpg"},"big_image":{"file":"wwwPaolo-Pasini-Praesident-des-Consorzio-Valtenesi--750x563.jpg","width":750,"height":563,"mime-type":"image\/jpeg","source_url":"https:\/\/www.gardaseezeitung.it\/gardaseezeitung_new\/de\/wp-content\/uploads\/sites\/2\/2025\/10\/wwwPaolo-Pasini-Praesident-des-Consorzio-Valtenesi--750x563.jpg"},"full":{"file":"wwwPaolo-Pasini-Praesident-des-Consorzio-Valtenesi-.jpg","width":1024,"height":768,"mime_type":"","source_url":"https:\/\/www.gardaseezeitung.it\/gardaseezeitung_new\/de\/wp-content\/uploads\/sites\/2\/2025\/10\/wwwPaolo-Pasini-Praesident-des-Consorzio-Valtenesi-.jpg"}},"image_meta":{"aperture":"1.78","credit":"","camera":"iPhone 14 Pro","caption":"","created_timestamp":"1756827307","copyright":"","focal_length":"6.86","iso":"80","shutter_speed":"0.0010989010989011","title":"","orientation":"1","keywords":[]}},"_links":{"self":[{"href":"https:\/\/www.gardaseezeitung.it\/gardaseezeitung_new\/de\/wp-json\/wp\/v2\/posts\/18353"}],"collection":[{"href":"https:\/\/www.gardaseezeitung.it\/gardaseezeitung_new\/de\/wp-json\/wp\/v2\/posts"}],"about":[{"href":"https:\/\/www.gardaseezeitung.it\/gardaseezeitung_new\/de\/wp-json\/wp\/v2\/types\/post"}],"author":[{"embeddable":true,"href":"https:\/\/www.gardaseezeitung.it\/gardaseezeitung_new\/de\/wp-json\/wp\/v2\/users\/9"}],"replies":[{"embeddable":true,"href":"https:\/\/www.gardaseezeitung.it\/gardaseezeitung_new\/de\/wp-json\/wp\/v2\/comments?post=18353"}],"version-history":[{"count":5,"href":"https:\/\/www.gardaseezeitung.it\/gardaseezeitung_new\/de\/wp-json\/wp\/v2\/posts\/18353\/revisions"}],"predecessor-version":[{"id":18363,"href":"https:\/\/www.gardaseezeitung.it\/gardaseezeitung_new\/de\/wp-json\/wp\/v2\/posts\/18353\/revisions\/18363"}],"wp:featuredmedia":[{"embeddable":true,"href":"https:\/\/www.gardaseezeitung.it\/gardaseezeitung_new\/de\/wp-json\/wp\/v2\/media\/18352"}],"wp:attachment":[{"href":"https:\/\/www.gardaseezeitung.it\/gardaseezeitung_new\/de\/wp-json\/wp\/v2\/media?parent=18353"}],"wp:term":[{"taxonomy":"category","embeddable":true,"href":"https:\/\/www.gardaseezeitung.it\/gardaseezeitung_new\/de\/wp-json\/wp\/v2\/categories?post=18353"},{"taxonomy":"post_tag","embeddable":true,"href":"https:\/\/www.gardaseezeitung.it\/gardaseezeitung_new\/de\/wp-json\/wp\/v2\/tags?post=18353"},{"taxonomy":"news-destination","embeddable":true,"href":"https:\/\/www.gardaseezeitung.it\/gardaseezeitung_new\/de\/wp-json\/wp\/v2\/news-destination?post=18353"},{"taxonomy":"news-source","embeddable":true,"href":"https:\/\/www.gardaseezeitung.it\/gardaseezeitung_new\/de\/wp-json\/wp\/v2\/news-source?post=18353"},{"taxonomy":"is_homepage","embeddable":true,"href":"https:\/\/www.gardaseezeitung.it\/gardaseezeitung_new\/de\/wp-json\/wp\/v2\/is_homepage?post=18353"},{"taxonomy":"ta_other","embeddable":true,"href":"https:\/\/www.gardaseezeitung.it\/gardaseezeitung_new\/de\/wp-json\/wp\/v2\/ta_other?post=18353"}],"curies":[{"name":"wp","href":"https:\/\/api.w.org\/{rel}","templated":true}]}}