{"id":18409,"date":"2025-10-21T10:43:36","date_gmt":"2025-10-21T08:43:36","guid":{"rendered":"http:\/\/euwps06.newsmemory.com\/gardaseezeitung_new\/de\/2025\/10\/21\/grosser-erfolg-von-hostaria-verona-2025\/"},"modified":"2025-10-21T11:07:52","modified_gmt":"2025-10-21T09:07:52","slug":"grosser-erfolg-von-hostaria-verona-2025","status":"publish","type":"post","link":"https:\/\/www.gardaseezeitung.it\/2025\/10\/21\/grosser-erfolg-von-hostaria-verona-2025\/","title":{"rendered":"Gro\u00dfer Erfolg von Hostaria Verona 2025"},"content":{"rendered":"<p>&nbsp;<\/p>\n<p>Die am 19. Oktober zu Ende gegangene elfte Ausgabe von \u201eHostaria Verona\u201c wird als die internationalste Ausgabe aller Zeiten in Erinnerung bleiben. Das Veroneser Wein- und Erntefest konnte unter den 26.000 Besuchern zahlreiche ausl\u00e4ndische Pr\u00e4senzen registrieren. Der gr\u00f6\u00dften Open-Air-Taverne Italiens wohnten mehr organisierte Gruppen und Touristen aus dem Ausland als je zuvor bei. Es waren in erster Linie Deutsche, Iren, Franzosen, Spanier und Amerikaner, die es sich nicht nehmen lie\u00dfen, Wein und Kultur in einer einzigartigen Umgebung zu erleben: auf den Pl\u00e4tzen, Stra\u00dfen und in den H\u00f6fen der Altstadt von Verona.<br \/>\nDie St\u00e4nde und Areas der Weing\u00fcter und Konsortien waren w\u00e4hrend der dreit\u00e4gigen Veranstaltung gut besucht. Das Publikum konnte \u00fcber 350 Weine von Weing\u00fctern und Konsortien probieren. Mehr als 300.000 Verkostungen fanden statt. Erw\u00e4hnenswert auch das Rahmenprogramm mit \u00fcber 60 Veranstaltungen, unter anderem Meetings, kulturelle Einblicke, kreative Workshops, Buchpr\u00e4sentationen und Sinneserlebnisse.<br \/>\nEinen besonderen Erfolg konnten die beiden wichtigsten Neuheiten verzeichnen: Met, das \u00e4lteste Getr\u00e4nk der Welt, eroberte die zentrale Via Roma, die dank des regionalen Imkerverbands Venetiens zu diesem Anlass in Via del Miele (Honigstra\u00dfe) umbenannt wurde. Auch die Loggia dell&#8217;Olio del Garda feierte einen Erfolg mit einem umfangreichen Programm aus Workshops, Verkostungen und Master Classes unter der Leitung des Konsortiums f\u00fcr natives Oliven\u00f6l extra Garda DOP.<br \/>\nKurz: f\u00fcr alle Weinfans war \u201eHostaria\u201c ein absolutes Highlight, im Laufe dessen die M\u00f6glichkeit geboten wurde, die verschiedensten edlen Tropfen in einer wundersch\u00f6nen Atmosph\u00e4re zu genie\u00dfen. Prosecco, Chiaretto, Amarone, die Classico-Versionen der Region und nat\u00fcrlich auch die kulinarischen Spezialit\u00e4ten wie Monte Veronese-K\u00e4se, Risotto all\u2019Isolana, frittierte Risi-Bisi-B\u00e4llchen, Tortellini aus Valeggio und viele andere K\u00f6stlichkeiten machten das Wochenende zu einem absoluten Genuss-Event.<br \/>\nNach dem gro\u00dfen Erfolg der diesj\u00e4hrigen Ausgabe freuen sich die Veranstalter nun auf ein Wiedersehen im Jahr 2026.<\/p>\n<p>&nbsp;<\/p>\n","protected":false},"excerpt":{"rendered":"<p>\u00dcber 26.000 Besucher wurden verzeichnet<\/p>\n","protected":false},"author":9,"featured_media":18408,"comment_status":"open","ping_status":"open","sticky":false,"template":"","format":"standard","meta":[],"categories":[2,4,5],"tags":[23,5659,123,38],"news-destination":[],"news-source":[],"is_homepage":[5575],"ta_other":[],"featured_media_details":{"width":1024,"height":683,"file":"2025\/10\/hostaria2025www.jpg","sizes":{"medium":{"file":"hostaria2025www-300x200.jpg","width":300,"height":200,"mime-type":"image\/jpeg","source_url":"https:\/\/www.gardaseezeitung.it\/gardaseezeitung_new\/de\/wp-content\/uploads\/sites\/2\/2025\/10\/hostaria2025www-300x200.jpg"},"thumbnail":{"file":"hostaria2025www-150x150.jpg","width":150,"height":150,"mime-type":"image\/jpeg","source_url":"https:\/\/www.gardaseezeitung.it\/gardaseezeitung_new\/de\/wp-content\/uploads\/sites\/2\/2025\/10\/hostaria2025www-150x150.jpg"},"medium_large":{"file":"hostaria2025www-768x512.jpg","width":768,"height":512,"mime-type":"image\/jpeg","source_url":"https:\/\/www.gardaseezeitung.it\/gardaseezeitung_new\/de\/wp-content\/uploads\/sites\/2\/2025\/10\/hostaria2025www-768x512.jpg"},"big_image":{"file":"hostaria2025www-750x500.jpg","width":750,"height":500,"mime-type":"image\/jpeg","source_url":"https:\/\/www.gardaseezeitung.it\/gardaseezeitung_new\/de\/wp-content\/uploads\/sites\/2\/2025\/10\/hostaria2025www-750x500.jpg"},"full":{"file":"hostaria2025www.jpg","width":1024,"height":683,"mime_type":"","source_url":"https:\/\/www.gardaseezeitung.it\/gardaseezeitung_new\/de\/wp-content\/uploads\/sites\/2\/2025\/10\/hostaria2025www.jpg"}},"image_meta":{"aperture":"2.8","credit":"","camera":"NIKON D750","caption":"","created_timestamp":"1760813009","copyright":"","focal_length":"17","iso":"800","shutter_speed":"0.0125","title":"","orientation":"1","keywords":[]}},"_links":{"self":[{"href":"https:\/\/www.gardaseezeitung.it\/gardaseezeitung_new\/de\/wp-json\/wp\/v2\/posts\/18409"}],"collection":[{"href":"https:\/\/www.gardaseezeitung.it\/gardaseezeitung_new\/de\/wp-json\/wp\/v2\/posts"}],"about":[{"href":"https:\/\/www.gardaseezeitung.it\/gardaseezeitung_new\/de\/wp-json\/wp\/v2\/types\/post"}],"author":[{"embeddable":true,"href":"https:\/\/www.gardaseezeitung.it\/gardaseezeitung_new\/de\/wp-json\/wp\/v2\/users\/9"}],"replies":[{"embeddable":true,"href":"https:\/\/www.gardaseezeitung.it\/gardaseezeitung_new\/de\/wp-json\/wp\/v2\/comments?post=18409"}],"version-history":[{"count":1,"href":"https:\/\/www.gardaseezeitung.it\/gardaseezeitung_new\/de\/wp-json\/wp\/v2\/posts\/18409\/revisions"}],"predecessor-version":[{"id":18410,"href":"https:\/\/www.gardaseezeitung.it\/gardaseezeitung_new\/de\/wp-json\/wp\/v2\/posts\/18409\/revisions\/18410"}],"wp:featuredmedia":[{"embeddable":true,"href":"https:\/\/www.gardaseezeitung.it\/gardaseezeitung_new\/de\/wp-json\/wp\/v2\/media\/18408"}],"wp:attachment":[{"href":"https:\/\/www.gardaseezeitung.it\/gardaseezeitung_new\/de\/wp-json\/wp\/v2\/media?parent=18409"}],"wp:term":[{"taxonomy":"category","embeddable":true,"href":"https:\/\/www.gardaseezeitung.it\/gardaseezeitung_new\/de\/wp-json\/wp\/v2\/categories?post=18409"},{"taxonomy":"post_tag","embeddable":true,"href":"https:\/\/www.gardaseezeitung.it\/gardaseezeitung_new\/de\/wp-json\/wp\/v2\/tags?post=18409"},{"taxonomy":"news-destination","embeddable":true,"href":"https:\/\/www.gardaseezeitung.it\/gardaseezeitung_new\/de\/wp-json\/wp\/v2\/news-destination?post=18409"},{"taxonomy":"news-source","embeddable":true,"href":"https:\/\/www.gardaseezeitung.it\/gardaseezeitung_new\/de\/wp-json\/wp\/v2\/news-source?post=18409"},{"taxonomy":"is_homepage","embeddable":true,"href":"https:\/\/www.gardaseezeitung.it\/gardaseezeitung_new\/de\/wp-json\/wp\/v2\/is_homepage?post=18409"},{"taxonomy":"ta_other","embeddable":true,"href":"https:\/\/www.gardaseezeitung.it\/gardaseezeitung_new\/de\/wp-json\/wp\/v2\/ta_other?post=18409"}],"curies":[{"name":"wp","href":"https:\/\/api.w.org\/{rel}","templated":true}]}}