{"id":18482,"date":"2025-11-05T00:16:44","date_gmt":"2025-11-04T23:16:44","guid":{"rendered":"http:\/\/euwps06.newsmemory.com\/gardaseezeitung_new\/de\/2025\/11\/02\/diana-krall-16-juli-im-vittoriale-degli-italiani-gardone-riviera\/"},"modified":"2025-11-05T00:17:37","modified_gmt":"2025-11-04T23:17:37","slug":"diana-krall-16-juli-im-vittoriale-degli-italiani-gardone-riviera","status":"publish","type":"post","link":"https:\/\/www.gardaseezeitung.it\/2025\/11\/05\/diana-krall-16-juli-im-vittoriale-degli-italiani-gardone-riviera\/","title":{"rendered":"Diana Krall am 16. Juli im Vittoriale degli Italiani in Gardone Riviera"},"content":{"rendered":"<p>&nbsp;<\/p>\n<p>Die erste K\u00fcnstlerin, die im Programm des Festivals del Vittoriale Tener-a-mente 2026 angek\u00fcndigt wurde, ist Diana Krall. Das Konzert findet am Donnerstag, 16. Juli, im Amphitheater von Gardone Riviera (BS) statt und pr\u00e4sentiert eine der ber\u00fchmtesten und beliebtesten Interpretinnen des internationalen Jazz, die bereits zweimal beim Festival zu Gast war. Die Pianistin und S\u00e4ngerin, die zu den raffiniertesten und beliebtesten der Welt z\u00e4hlt, kehrt mit ihrer unverwechselbaren musikalischen Eleganz und ihrem unvergleichlichen Interpretationsstil ins Vittoriale zur\u00fcck.<\/p>\n<p><em>\u201eDiana Krall ist eine au\u00dfergew\u00f6hnliche K\u00fcnstlerin, deren tadelloser Geschmack und Musikalit\u00e4t sie zu einer der gr\u00f6\u00dften Interpretinnen klassischer Jazz- und Pop-St\u00fccke unserer Zeit gemacht haben.\u201c (Jazz Times)<\/em><\/p>\n<p>Die Rekordmusikerin ist die einzige Jazzs\u00e4ngerin, die mit acht Alben in Folge auf Platz eins der Billboard Jazz Albums Charts deb\u00fctierte. Ihre Alben brachten ihr zwei GRAMMY Awards, zehn Juno Awards und zahlreiche Auszeichnungen ein: neun Gold-, drei Platin- und sieben Multi-Platin-Alben. Ihr Album <em>When I Look in Your Eyes<\/em> aus dem Jahr 1999 verbrachte eine beispiellose Zeit von 52 Wochen auf Platz 1 der Billboard Jazz Charts, gewann zwei GRAMMYs und wurde in den Vereinigten Staaten und Kanada mit Platin ausgezeichnet, was sie zu einer der gro\u00dfen Protagonistinnen des Genres machte.<\/p>\n<p>Ihr j\u00fcngstes Werk, <em>This Dream Of You<\/em>, wurde von den Kritikern hoch gelobt und zeigt die nat\u00fcrliche Virtuosit\u00e4t, die mittlerweile das Markenzeichen von Diana Kralls Musik ist. Ihre Kunst und ihre musikalische Sensibilit\u00e4t gehen \u00fcber jeden einzelnen Stil hinaus und machen sie zu einer der bekanntesten K\u00fcnstlerinnen unserer Zeit.\u201eSie ist eine der besten Jazzs\u00e4ngerinnen und -pianistinnen ihrer Generation und schafft einen einzigartigen Sound, der die raffinierte Sensibilit\u00e4t des Jazz mit zeitloser Eleganz verbindet.\u201c<\/p>\n<p>&nbsp;<\/p>\n","protected":false},"excerpt":{"rendered":"<p>Die erste K\u00fcnstlerin, die f\u00fcr das Programm 2026 des Festivals \u201eTener-a-mente\u201d im Vittoriale angek\u00fcndigt wurde, ist Diana Krall<\/p>\n","protected":false},"author":9,"featured_media":18481,"comment_status":"open","ping_status":"open","sticky":false,"template":"","format":"standard","meta":[],"categories":[5,3],"tags":[5708,23,26,33,5709,5710,5322,369],"news-destination":[],"news-source":[],"is_homepage":[5575],"ta_other":[],"featured_media_details":{"width":1024,"height":710,"file":"2025\/10\/Screenshot-2025-10-31-alle-19.23.10.png","sizes":{"medium":{"file":"Screenshot-2025-10-31-alle-19.23.10-300x208.png","width":300,"height":208,"mime-type":"image\/png","source_url":"https:\/\/www.gardaseezeitung.it\/gardaseezeitung_new\/de\/wp-content\/uploads\/sites\/2\/2025\/10\/Screenshot-2025-10-31-alle-19.23.10-300x208.png"},"thumbnail":{"file":"Screenshot-2025-10-31-alle-19.23.10-150x150.png","width":150,"height":150,"mime-type":"image\/png","source_url":"https:\/\/www.gardaseezeitung.it\/gardaseezeitung_new\/de\/wp-content\/uploads\/sites\/2\/2025\/10\/Screenshot-2025-10-31-alle-19.23.10-150x150.png"},"medium_large":{"file":"Screenshot-2025-10-31-alle-19.23.10-768x533.png","width":768,"height":533,"mime-type":"image\/png","source_url":"https:\/\/www.gardaseezeitung.it\/gardaseezeitung_new\/de\/wp-content\/uploads\/sites\/2\/2025\/10\/Screenshot-2025-10-31-alle-19.23.10-768x533.png"},"big_image":{"file":"Screenshot-2025-10-31-alle-19.23.10-750x520.png","width":750,"height":520,"mime-type":"image\/png","source_url":"https:\/\/www.gardaseezeitung.it\/gardaseezeitung_new\/de\/wp-content\/uploads\/sites\/2\/2025\/10\/Screenshot-2025-10-31-alle-19.23.10-750x520.png"},"full":{"file":"Screenshot-2025-10-31-alle-19.23.10.png","width":1024,"height":710,"mime_type":"","source_url":"https:\/\/www.gardaseezeitung.it\/gardaseezeitung_new\/de\/wp-content\/uploads\/sites\/2\/2025\/10\/Screenshot-2025-10-31-alle-19.23.10.png"}},"image_meta":{"aperture":"0","credit":"","camera":"","caption":"","created_timestamp":"0","copyright":"","focal_length":"0","iso":"0","shutter_speed":"0","title":"","orientation":"0","keywords":[]}},"_links":{"self":[{"href":"https:\/\/www.gardaseezeitung.it\/gardaseezeitung_new\/de\/wp-json\/wp\/v2\/posts\/18482"}],"collection":[{"href":"https:\/\/www.gardaseezeitung.it\/gardaseezeitung_new\/de\/wp-json\/wp\/v2\/posts"}],"about":[{"href":"https:\/\/www.gardaseezeitung.it\/gardaseezeitung_new\/de\/wp-json\/wp\/v2\/types\/post"}],"author":[{"embeddable":true,"href":"https:\/\/www.gardaseezeitung.it\/gardaseezeitung_new\/de\/wp-json\/wp\/v2\/users\/9"}],"replies":[{"embeddable":true,"href":"https:\/\/www.gardaseezeitung.it\/gardaseezeitung_new\/de\/wp-json\/wp\/v2\/comments?post=18482"}],"version-history":[{"count":1,"href":"https:\/\/www.gardaseezeitung.it\/gardaseezeitung_new\/de\/wp-json\/wp\/v2\/posts\/18482\/revisions"}],"predecessor-version":[{"id":18483,"href":"https:\/\/www.gardaseezeitung.it\/gardaseezeitung_new\/de\/wp-json\/wp\/v2\/posts\/18482\/revisions\/18483"}],"wp:featuredmedia":[{"embeddable":true,"href":"https:\/\/www.gardaseezeitung.it\/gardaseezeitung_new\/de\/wp-json\/wp\/v2\/media\/18481"}],"wp:attachment":[{"href":"https:\/\/www.gardaseezeitung.it\/gardaseezeitung_new\/de\/wp-json\/wp\/v2\/media?parent=18482"}],"wp:term":[{"taxonomy":"category","embeddable":true,"href":"https:\/\/www.gardaseezeitung.it\/gardaseezeitung_new\/de\/wp-json\/wp\/v2\/categories?post=18482"},{"taxonomy":"post_tag","embeddable":true,"href":"https:\/\/www.gardaseezeitung.it\/gardaseezeitung_new\/de\/wp-json\/wp\/v2\/tags?post=18482"},{"taxonomy":"news-destination","embeddable":true,"href":"https:\/\/www.gardaseezeitung.it\/gardaseezeitung_new\/de\/wp-json\/wp\/v2\/news-destination?post=18482"},{"taxonomy":"news-source","embeddable":true,"href":"https:\/\/www.gardaseezeitung.it\/gardaseezeitung_new\/de\/wp-json\/wp\/v2\/news-source?post=18482"},{"taxonomy":"is_homepage","embeddable":true,"href":"https:\/\/www.gardaseezeitung.it\/gardaseezeitung_new\/de\/wp-json\/wp\/v2\/is_homepage?post=18482"},{"taxonomy":"ta_other","embeddable":true,"href":"https:\/\/www.gardaseezeitung.it\/gardaseezeitung_new\/de\/wp-json\/wp\/v2\/ta_other?post=18482"}],"curies":[{"name":"wp","href":"https:\/\/api.w.org\/{rel}","templated":true}]}}