{"id":18486,"date":"2025-11-01T00:38:49","date_gmt":"2025-10-31T23:38:49","guid":{"rendered":"http:\/\/euwps06.newsmemory.com\/gardaseezeitung_new\/de\/2025\/11\/01\/maerchenkonzert-castelnuovo-del-garda-1-november\/"},"modified":"2025-11-01T00:39:16","modified_gmt":"2025-10-31T23:39:16","slug":"maerchenkonzert-castelnuovo-del-garda-1-november","status":"publish","type":"post","link":"https:\/\/www.gardaseezeitung.it\/2025\/11\/01\/maerchenkonzert-castelnuovo-del-garda-1-november\/","title":{"rendered":"M\u00e4rchenkonzert in Castelnuovo del Garda am 1. November"},"content":{"rendered":"<p>&nbsp;<\/p>\n<p>Am Samstag, dem 1. November, um 20.30 Uhr, findet im Teatro Dim in Castelnuovo del Garda eine einzigartige Veranstaltung statt: \u201eM\u00e4rchenkonzert \u2013 Halloween-Special\u201d. Die gro\u00dfen B\u00f6sewichte aus Zeichentrickfilmen \u2013 von Maleficent bis Captain Hook, von der Herzk\u00f6nigin bis Scar \u2013 verb\u00fcnden sich zu einer Musikshow, die Erwachsene und Kinder gleicherma\u00dfen begeistern wird. Live-Musik, Choreografien und Kost\u00fcme machen den Abend zu einem echten Theaterfest. Die Eintrittskarten sind erschwinglich (6 \u20ac Vollpreis, 5 \u20ac erm\u00e4\u00dfigt) und die Kasse \u00f6ffnet eine Stunde vor Vorstellungsbeginn f\u00fcr ein Halloween, das Generationen zwischen Emotionen und Fantasie vereint.<\/p>\n","protected":false},"excerpt":{"rendered":"<p>Live-Musik, Choreografien und Kost\u00fcme mit den gro\u00dfen B\u00f6sewichten aus Zeichentrickfilmen<\/p>\n","protected":false},"author":9,"featured_media":18485,"comment_status":"open","ping_status":"open","sticky":false,"template":"","format":"standard","meta":[],"categories":[2,4,5],"tags":[5711,115,3158,23,26,206,5712,5713,5714,1657],"news-destination":[],"news-source":[],"is_homepage":[5575],"ta_other":[],"featured_media_details":{"width":1024,"height":768,"file":"2025\/10\/disney-fairy-tale-stepmother-ef835a-1024.jpg","sizes":{"medium":{"file":"disney-fairy-tale-stepmother-ef835a-1024-300x225.jpg","width":300,"height":225,"mime-type":"image\/jpeg","source_url":"https:\/\/www.gardaseezeitung.it\/gardaseezeitung_new\/de\/wp-content\/uploads\/sites\/2\/2025\/10\/disney-fairy-tale-stepmother-ef835a-1024-300x225.jpg"},"thumbnail":{"file":"disney-fairy-tale-stepmother-ef835a-1024-150x150.jpg","width":150,"height":150,"mime-type":"image\/jpeg","source_url":"https:\/\/www.gardaseezeitung.it\/gardaseezeitung_new\/de\/wp-content\/uploads\/sites\/2\/2025\/10\/disney-fairy-tale-stepmother-ef835a-1024-150x150.jpg"},"medium_large":{"file":"disney-fairy-tale-stepmother-ef835a-1024-768x576.jpg","width":768,"height":576,"mime-type":"image\/jpeg","source_url":"https:\/\/www.gardaseezeitung.it\/gardaseezeitung_new\/de\/wp-content\/uploads\/sites\/2\/2025\/10\/disney-fairy-tale-stepmother-ef835a-1024-768x576.jpg"},"big_image":{"file":"disney-fairy-tale-stepmother-ef835a-1024-750x563.jpg","width":750,"height":563,"mime-type":"image\/jpeg","source_url":"https:\/\/www.gardaseezeitung.it\/gardaseezeitung_new\/de\/wp-content\/uploads\/sites\/2\/2025\/10\/disney-fairy-tale-stepmother-ef835a-1024-750x563.jpg"},"full":{"file":"disney-fairy-tale-stepmother-ef835a-1024.jpg","width":1024,"height":768,"mime_type":"","source_url":"https:\/\/www.gardaseezeitung.it\/gardaseezeitung_new\/de\/wp-content\/uploads\/sites\/2\/2025\/10\/disney-fairy-tale-stepmother-ef835a-1024.jpg"}},"image_meta":{"aperture":"0","credit":"","camera":"","caption":"","created_timestamp":"0","copyright":"","focal_length":"0","iso":"0","shutter_speed":"0","title":"","orientation":"0","keywords":[]}},"_links":{"self":[{"href":"https:\/\/www.gardaseezeitung.it\/gardaseezeitung_new\/de\/wp-json\/wp\/v2\/posts\/18486"}],"collection":[{"href":"https:\/\/www.gardaseezeitung.it\/gardaseezeitung_new\/de\/wp-json\/wp\/v2\/posts"}],"about":[{"href":"https:\/\/www.gardaseezeitung.it\/gardaseezeitung_new\/de\/wp-json\/wp\/v2\/types\/post"}],"author":[{"embeddable":true,"href":"https:\/\/www.gardaseezeitung.it\/gardaseezeitung_new\/de\/wp-json\/wp\/v2\/users\/9"}],"replies":[{"embeddable":true,"href":"https:\/\/www.gardaseezeitung.it\/gardaseezeitung_new\/de\/wp-json\/wp\/v2\/comments?post=18486"}],"version-history":[{"count":1,"href":"https:\/\/www.gardaseezeitung.it\/gardaseezeitung_new\/de\/wp-json\/wp\/v2\/posts\/18486\/revisions"}],"predecessor-version":[{"id":18568,"href":"https:\/\/www.gardaseezeitung.it\/gardaseezeitung_new\/de\/wp-json\/wp\/v2\/posts\/18486\/revisions\/18568"}],"wp:featuredmedia":[{"embeddable":true,"href":"https:\/\/www.gardaseezeitung.it\/gardaseezeitung_new\/de\/wp-json\/wp\/v2\/media\/18485"}],"wp:attachment":[{"href":"https:\/\/www.gardaseezeitung.it\/gardaseezeitung_new\/de\/wp-json\/wp\/v2\/media?parent=18486"}],"wp:term":[{"taxonomy":"category","embeddable":true,"href":"https:\/\/www.gardaseezeitung.it\/gardaseezeitung_new\/de\/wp-json\/wp\/v2\/categories?post=18486"},{"taxonomy":"post_tag","embeddable":true,"href":"https:\/\/www.gardaseezeitung.it\/gardaseezeitung_new\/de\/wp-json\/wp\/v2\/tags?post=18486"},{"taxonomy":"news-destination","embeddable":true,"href":"https:\/\/www.gardaseezeitung.it\/gardaseezeitung_new\/de\/wp-json\/wp\/v2\/news-destination?post=18486"},{"taxonomy":"news-source","embeddable":true,"href":"https:\/\/www.gardaseezeitung.it\/gardaseezeitung_new\/de\/wp-json\/wp\/v2\/news-source?post=18486"},{"taxonomy":"is_homepage","embeddable":true,"href":"https:\/\/www.gardaseezeitung.it\/gardaseezeitung_new\/de\/wp-json\/wp\/v2\/is_homepage?post=18486"},{"taxonomy":"ta_other","embeddable":true,"href":"https:\/\/www.gardaseezeitung.it\/gardaseezeitung_new\/de\/wp-json\/wp\/v2\/ta_other?post=18486"}],"curies":[{"name":"wp","href":"https:\/\/api.w.org\/{rel}","templated":true}]}}