{"id":1850,"date":"2016-02-04T11:58:24","date_gmt":"2016-02-04T11:58:24","guid":{"rendered":"http:\/\/euwp08.newsmemory.com\/gardaseezeitung_new\/de\/2016\/02\/04\/lazise-anteprima-chiaretto-lugana-und-bardolino\/"},"modified":"2019-05-28T21:10:19","modified_gmt":"2019-05-28T21:10:19","slug":"lazise-anteprima-chiaretto-lugana-und-bardolino","status":"publish","type":"post","link":"https:\/\/www.gardaseezeitung.it\/2016\/02\/04\/lazise-anteprima-chiaretto-lugana-und-bardolino\/","title":{"rendered":"Lazise: Anteprima Chiaretto, Lugana und Bardolino"},"content":{"rendered":"<p style=\"text-align: justify\"><span style=\"text-align: justify\">Dieser ganz besondere Wein-Event wird von den Schutzkonsortien des Bardolino-Weins und des Lugana-Weins gemeinsam organisiert, und dies mit dem Ziel, den Weinliebhabern, der Fachpresse und den in der Weinbranche t\u00e4tigen Unternehmen den neuen Jahrgang ihrer Weine zu pr\u00e4sentieren.&nbsp;<\/span>Sage und schreibe 90 Hersteller nehmen an der Veranstaltung teil und werden rund 300 Weine zur Verk\u00f6stigung anbieten. Die Anteprima findet in diesem Jahr bereits zum achten Mal statt. Bisher wurden im Laufe der Veranstaltung nur der Bardolino und der Chiaretto pr\u00e4sentiert. In diesem Jahr ist nun auch der Lugana mit dabei. Neben der Anteprima der Weine der Weinlese 2015 ist auch eine Retrospektive der Weine des Jahrgangs 2014 sowie verschiedene Verk\u00f6stigungen von Weinen fr\u00fcherer Jahrg\u00e4nge geplant. Der erste Veranstaltungstag steht der \u00d6ffentlichkeit offen (von 10 bis 18 Uhr). Am zweiten Veranstaltungstag widmet man sich von 14 bis 21 Uhr den in der Branche Besch\u00e4ftigten.<\/p>\n","protected":false},"excerpt":{"rendered":"<p>Der Chiaretto, der Lugana und der Bardolino der Weinlese 2015 stehen am 6. und 7. M\u00e4rz im Laufe der \u201eAnteprima&#8220; in Lazise im Mittelpunkt.&nbsp;<\/p>\n","protected":false},"author":1,"featured_media":1851,"comment_status":"open","ping_status":"open","sticky":false,"template":"","format":"standard","meta":[],"categories":[3],"tags":[],"news-destination":[],"news-source":[],"is_homepage":[],"ta_other":[],"featured_media_details":{"width":1024,"height":768,"file":"2019\/05\/279dbe68f848aa35848241cf6d105a69.jpg","sizes":{"thumbnail":{"file":"279dbe68f848aa35848241cf6d105a69-150x150.jpg","width":150,"height":150,"mime-type":"image\/jpeg","source_url":"https:\/\/www.gardaseezeitung.it\/gardaseezeitung_new\/de\/wp-content\/uploads\/sites\/2\/2019\/05\/279dbe68f848aa35848241cf6d105a69-150x150.jpg"},"medium":{"file":"279dbe68f848aa35848241cf6d105a69-300x225.jpg","width":300,"height":225,"mime-type":"image\/jpeg","source_url":"https:\/\/www.gardaseezeitung.it\/gardaseezeitung_new\/de\/wp-content\/uploads\/sites\/2\/2019\/05\/279dbe68f848aa35848241cf6d105a69-300x225.jpg"},"medium_large":{"file":"279dbe68f848aa35848241cf6d105a69-768x576.jpg","width":768,"height":576,"mime-type":"image\/jpeg","source_url":"https:\/\/www.gardaseezeitung.it\/gardaseezeitung_new\/de\/wp-content\/uploads\/sites\/2\/2019\/05\/279dbe68f848aa35848241cf6d105a69-768x576.jpg"},"large":{"file":"279dbe68f848aa35848241cf6d105a69-1024x768.jpg","width":1024,"height":768,"mime-type":"image\/jpeg","source_url":"https:\/\/www.gardaseezeitung.it\/gardaseezeitung_new\/de\/wp-content\/uploads\/sites\/2\/2019\/05\/279dbe68f848aa35848241cf6d105a69-1024x768.jpg"},"big_image":{"file":"279dbe68f848aa35848241cf6d105a69-750x563.jpg","width":750,"height":563,"mime-type":"image\/jpeg","source_url":"https:\/\/www.gardaseezeitung.it\/gardaseezeitung_new\/de\/wp-content\/uploads\/sites\/2\/2019\/05\/279dbe68f848aa35848241cf6d105a69-750x563.jpg"},"full":{"file":"279dbe68f848aa35848241cf6d105a69.jpg","width":1024,"height":768,"mime_type":"","source_url":"https:\/\/www.gardaseezeitung.it\/gardaseezeitung_new\/de\/wp-content\/uploads\/sites\/2\/2019\/05\/279dbe68f848aa35848241cf6d105a69.jpg"}},"image_meta":{"aperture":"0","credit":"","camera":"","caption":"","created_timestamp":"0","copyright":"","focal_length":"0","iso":"0","shutter_speed":"0","title":"","orientation":"0","keywords":[]}},"_links":{"self":[{"href":"https:\/\/www.gardaseezeitung.it\/gardaseezeitung_new\/de\/wp-json\/wp\/v2\/posts\/1850"}],"collection":[{"href":"https:\/\/www.gardaseezeitung.it\/gardaseezeitung_new\/de\/wp-json\/wp\/v2\/posts"}],"about":[{"href":"https:\/\/www.gardaseezeitung.it\/gardaseezeitung_new\/de\/wp-json\/wp\/v2\/types\/post"}],"author":[{"embeddable":true,"href":"https:\/\/www.gardaseezeitung.it\/gardaseezeitung_new\/de\/wp-json\/wp\/v2\/users\/1"}],"replies":[{"embeddable":true,"href":"https:\/\/www.gardaseezeitung.it\/gardaseezeitung_new\/de\/wp-json\/wp\/v2\/comments?post=1850"}],"version-history":[{"count":0,"href":"https:\/\/www.gardaseezeitung.it\/gardaseezeitung_new\/de\/wp-json\/wp\/v2\/posts\/1850\/revisions"}],"wp:featuredmedia":[{"embeddable":true,"href":"https:\/\/www.gardaseezeitung.it\/gardaseezeitung_new\/de\/wp-json\/wp\/v2\/media\/1851"}],"wp:attachment":[{"href":"https:\/\/www.gardaseezeitung.it\/gardaseezeitung_new\/de\/wp-json\/wp\/v2\/media?parent=1850"}],"wp:term":[{"taxonomy":"category","embeddable":true,"href":"https:\/\/www.gardaseezeitung.it\/gardaseezeitung_new\/de\/wp-json\/wp\/v2\/categories?post=1850"},{"taxonomy":"post_tag","embeddable":true,"href":"https:\/\/www.gardaseezeitung.it\/gardaseezeitung_new\/de\/wp-json\/wp\/v2\/tags?post=1850"},{"taxonomy":"news-destination","embeddable":true,"href":"https:\/\/www.gardaseezeitung.it\/gardaseezeitung_new\/de\/wp-json\/wp\/v2\/news-destination?post=1850"},{"taxonomy":"news-source","embeddable":true,"href":"https:\/\/www.gardaseezeitung.it\/gardaseezeitung_new\/de\/wp-json\/wp\/v2\/news-source?post=1850"},{"taxonomy":"is_homepage","embeddable":true,"href":"https:\/\/www.gardaseezeitung.it\/gardaseezeitung_new\/de\/wp-json\/wp\/v2\/is_homepage?post=1850"},{"taxonomy":"ta_other","embeddable":true,"href":"https:\/\/www.gardaseezeitung.it\/gardaseezeitung_new\/de\/wp-json\/wp\/v2\/ta_other?post=1850"}],"curies":[{"name":"wp","href":"https:\/\/api.w.org\/{rel}","templated":true}]}}