{"id":18554,"date":"2025-11-06T00:58:48","date_gmt":"2025-11-05T23:58:48","guid":{"rendered":"https:\/\/euwps05.newsmemory.com\/gardaseezeitung_new\/de\/2025\/11\/06\/stragardalake-desenzano-11-januar-ziel-sind-2000-teilnehmer\/"},"modified":"2025-11-06T00:59:39","modified_gmt":"2025-11-05T23:59:39","slug":"stragardalake-desenzano-11-januar-ziel-sind-2000-teilnehmer","status":"publish","type":"post","link":"https:\/\/www.gardaseezeitung.it\/2025\/11\/06\/stragardalake-desenzano-11-januar-ziel-sind-2000-teilnehmer\/","title":{"rendered":"Stragardalake in Desenzano am 11. Januar: Ziel sind 2000 Teilnehmer"},"content":{"rendered":"<p>&nbsp;<\/p>\n<p>Stragardalake bietet drei Strecken \u2013 21 km, 10 km und 5 km \u201eurban\u201c \u2013, die die Teilnehmer vom Herzen von Desenzano del Garda durch Weinberge, historische D\u00f6rfer und symboltr\u00e4chtige Denkm\u00e4ler bis hin zu Naturlandschaften von au\u00dfergew\u00f6hnlicher Sch\u00f6nheit f\u00fchren.<\/p>\n<p>In etwas mehr als einem Monat seit Beginn der Anmeldefrist haben sich bereits \u00fcber 1.500 Teilnehmer angemeldet, darunter viele aus aller Welt, die vom Charme des Gardasees und der neuen Initiative angezogen werden. Es werden lokale Spezialit\u00e4ten und Live-Musik geboten, die den Lauf zu einem wahren Fest f\u00fcr alle Sinne machen. Infos: https:\/\/www.stragardalake.com\/en\/<\/p>\n<p>&nbsp;<\/p>\n<p><a href=\"https:\/\/youtu.be\/o4PkbjHWVLE?si=AeSl1IOAeONUXQCh\">Sehen Sie sich das Video:<\/a><\/p>\n<p><a href=\"https:\/\/youtu.be\/o4PkbjHWVLE?si=AeSl1IOAeONUXQCh\"><img title=\"Stragardalake in Desenzano am 11. Januar: Ziel sind 2000 Teilnehmer\" loading=\"lazy\" class=\"wp-image-18553 size-full\" src=\"https:\/\/www.gardaseezeitung.it\/gardaseezeitung_new\/de\/wp-content\/uploads\/sites\/2\/2025\/10\/Screenshot-2025-10-31-alle-21.51.18.png\" alt=\"Stragardalake 2025 in Desenzano\" width=\"1024\" height=\"646\" srcset=\"https:\/\/euwps05.newsmemory.com\/gardaseezeitung_new\/de\/wp-content\/uploads\/sites\/2\/2025\/10\/Screenshot-2025-10-31-alle-21.51.18.png 1024w, https:\/\/euwps05.newsmemory.com\/gardaseezeitung_new\/de\/wp-content\/uploads\/sites\/2\/2025\/10\/Screenshot-2025-10-31-alle-21.51.18-300x189.png 300w, https:\/\/euwps05.newsmemory.com\/gardaseezeitung_new\/de\/wp-content\/uploads\/sites\/2\/2025\/10\/Screenshot-2025-10-31-alle-21.51.18-768x485.png 768w, https:\/\/euwps05.newsmemory.com\/gardaseezeitung_new\/de\/wp-content\/uploads\/sites\/2\/2025\/10\/Screenshot-2025-10-31-alle-21.51.18-750x473.png 750w\" sizes=\"(max-width: 1024px) 100vw, 1024px\" \/><\/a><\/p>\n<p>&nbsp;<\/p>\n<p>&nbsp;<\/p>\n<p>&nbsp;<\/p>\n","protected":false},"excerpt":{"rendered":"<p>Der erste offizielle Halbmarathon des Jahres 2026 f\u00fchrt an den eindrucksvollsten Orten von Desenzano und Umgebung vorbei<\/p>\n","protected":false},"author":9,"featured_media":18553,"comment_status":"open","ping_status":"open","sticky":false,"template":"","format":"standard","meta":[],"categories":[4,5,3],"tags":[1035,23,26,5741,5742],"news-destination":[],"news-source":[],"is_homepage":[5577],"ta_other":[],"featured_media_details":{"width":1024,"height":646,"file":"2025\/10\/Screenshot-2025-10-31-alle-21.51.18.png","sizes":{"medium":{"file":"Screenshot-2025-10-31-alle-21.51.18-300x189.png","width":300,"height":189,"mime-type":"image\/png","source_url":"https:\/\/www.gardaseezeitung.it\/gardaseezeitung_new\/de\/wp-content\/uploads\/sites\/2\/2025\/10\/Screenshot-2025-10-31-alle-21.51.18-300x189.png"},"thumbnail":{"file":"Screenshot-2025-10-31-alle-21.51.18-150x150.png","width":150,"height":150,"mime-type":"image\/png","source_url":"https:\/\/www.gardaseezeitung.it\/gardaseezeitung_new\/de\/wp-content\/uploads\/sites\/2\/2025\/10\/Screenshot-2025-10-31-alle-21.51.18-150x150.png"},"medium_large":{"file":"Screenshot-2025-10-31-alle-21.51.18-768x485.png","width":768,"height":485,"mime-type":"image\/png","source_url":"https:\/\/www.gardaseezeitung.it\/gardaseezeitung_new\/de\/wp-content\/uploads\/sites\/2\/2025\/10\/Screenshot-2025-10-31-alle-21.51.18-768x485.png"},"big_image":{"file":"Screenshot-2025-10-31-alle-21.51.18-750x473.png","width":750,"height":473,"mime-type":"image\/png","source_url":"https:\/\/www.gardaseezeitung.it\/gardaseezeitung_new\/de\/wp-content\/uploads\/sites\/2\/2025\/10\/Screenshot-2025-10-31-alle-21.51.18-750x473.png"},"full":{"file":"Screenshot-2025-10-31-alle-21.51.18.png","width":1024,"height":646,"mime_type":"","source_url":"https:\/\/www.gardaseezeitung.it\/gardaseezeitung_new\/de\/wp-content\/uploads\/sites\/2\/2025\/10\/Screenshot-2025-10-31-alle-21.51.18.png"}},"image_meta":{"aperture":"0","credit":"","camera":"","caption":"","created_timestamp":"0","copyright":"","focal_length":"0","iso":"0","shutter_speed":"0","title":"","orientation":"0","keywords":[]}},"_links":{"self":[{"href":"https:\/\/www.gardaseezeitung.it\/gardaseezeitung_new\/de\/wp-json\/wp\/v2\/posts\/18554"}],"collection":[{"href":"https:\/\/www.gardaseezeitung.it\/gardaseezeitung_new\/de\/wp-json\/wp\/v2\/posts"}],"about":[{"href":"https:\/\/www.gardaseezeitung.it\/gardaseezeitung_new\/de\/wp-json\/wp\/v2\/types\/post"}],"author":[{"embeddable":true,"href":"https:\/\/www.gardaseezeitung.it\/gardaseezeitung_new\/de\/wp-json\/wp\/v2\/users\/9"}],"replies":[{"embeddable":true,"href":"https:\/\/www.gardaseezeitung.it\/gardaseezeitung_new\/de\/wp-json\/wp\/v2\/comments?post=18554"}],"version-history":[{"count":2,"href":"https:\/\/www.gardaseezeitung.it\/gardaseezeitung_new\/de\/wp-json\/wp\/v2\/posts\/18554\/revisions"}],"predecessor-version":[{"id":18560,"href":"https:\/\/www.gardaseezeitung.it\/gardaseezeitung_new\/de\/wp-json\/wp\/v2\/posts\/18554\/revisions\/18560"}],"wp:featuredmedia":[{"embeddable":true,"href":"https:\/\/www.gardaseezeitung.it\/gardaseezeitung_new\/de\/wp-json\/wp\/v2\/media\/18553"}],"wp:attachment":[{"href":"https:\/\/www.gardaseezeitung.it\/gardaseezeitung_new\/de\/wp-json\/wp\/v2\/media?parent=18554"}],"wp:term":[{"taxonomy":"category","embeddable":true,"href":"https:\/\/www.gardaseezeitung.it\/gardaseezeitung_new\/de\/wp-json\/wp\/v2\/categories?post=18554"},{"taxonomy":"post_tag","embeddable":true,"href":"https:\/\/www.gardaseezeitung.it\/gardaseezeitung_new\/de\/wp-json\/wp\/v2\/tags?post=18554"},{"taxonomy":"news-destination","embeddable":true,"href":"https:\/\/www.gardaseezeitung.it\/gardaseezeitung_new\/de\/wp-json\/wp\/v2\/news-destination?post=18554"},{"taxonomy":"news-source","embeddable":true,"href":"https:\/\/www.gardaseezeitung.it\/gardaseezeitung_new\/de\/wp-json\/wp\/v2\/news-source?post=18554"},{"taxonomy":"is_homepage","embeddable":true,"href":"https:\/\/www.gardaseezeitung.it\/gardaseezeitung_new\/de\/wp-json\/wp\/v2\/is_homepage?post=18554"},{"taxonomy":"ta_other","embeddable":true,"href":"https:\/\/www.gardaseezeitung.it\/gardaseezeitung_new\/de\/wp-json\/wp\/v2\/ta_other?post=18554"}],"curies":[{"name":"wp","href":"https:\/\/api.w.org\/{rel}","templated":true}]}}