{"id":18590,"date":"2025-11-09T00:11:27","date_gmt":"2025-11-08T23:11:27","guid":{"rendered":"http:\/\/euwps06.newsmemory.com\/gardaseezeitung_new\/de\/2025\/11\/07\/9-november-abendessen-mit-dem-liedermacher-pippo-pollina-der-villa-quaranta\/"},"modified":"2025-11-09T11:51:32","modified_gmt":"2025-11-09T10:51:32","slug":"9-november-abendessen-mit-dem-liedermacher-pippo-pollina-der-villa-quaranta","status":"publish","type":"post","link":"https:\/\/www.gardaseezeitung.it\/2025\/11\/09\/9-november-abendessen-mit-dem-liedermacher-pippo-pollina-der-villa-quaranta\/","title":{"rendered":"Am 9. November Abendessen mit dem Liedermacher Pippo Pollina in der Villa Quaranta"},"content":{"rendered":"<p>&nbsp;<\/p>\n<p>Am 9. November 2025 wird ein einmaliges Treffen zusammen mit dem italienischen und auch in Deutschland, \u00d6sterreich und der Schweiz bekannten <em>Cantautore, <\/em>Musiker und Buchautor Pippo Pollina stattfinden. In der wundersch\u00f6nen Villa Quaranta (Pescantina, Valpolicella) wir werden Gelegenheit haben, Pippo Pollina einmal nah zu erleben und mit ihm pers\u00f6nlich ins Gespr\u00e4ch zu kommen. Er wird aus seinem Buch vorlesen und f\u00fcr uns einige Lieder singen. Die Veranstaltung wird von Rechtsanw\u00e4ltin Claudia Callipari Rickinger, Pr\u00e4sidentin der AITI , er\u00f6ffnet. G\u00e4ste: Werner Prill, Friedrich Scharpf und Alessandro Colombo, Herausgeber der Gardasee Zeitung. F\u00fcr Informationen zu Kosten und Reservierungen wenden Sie sich bitte an <i>info@tedeschinitalia.it.<\/i><\/p>\n<p><em>\u00dcber die AITI, Associazione Italiana Tedeschi in Italia (Italienischer Verein Deutsche in Italien): <\/em><br \/>\n<em>Ein St\u00fcck Heimat in der Ferne&#8230;<\/em><\/p>\n<p>Sie haben Italien gerade erst zu ihrer Wahlheimat gemacht oder sind schon seit vielen Jahren gl\u00fcckliche Wahl- oder Teilzeit-Italiener? Dann ist der \u201eItalienische Verein der Deutschen in Italien\u201c f\u00fcr Sie genau das Richtige. Lernen Sie andere deutsche Muttersprachler rund um den Gardasee kennen, tauschen Sie Erfahrungen aus und verbringen Sie Zeit mit uns bei den vielf\u00e4ltigen kulturellen und gesellschaftlichen Aktivit\u00e4ten des Vereins. Wir freuen uns, Sie bei einem unserer n\u00e4chsten Treffen kennenzulernen! Alle weiteren Informationen und Details zum Verein finden Sie unter <i>www.tedeschinitalia.it<\/i><b> <\/b>oder schreiben Sie uns eine E-Mail<b>\u00a0<\/b><i>info@tedeschinitalia.it.<\/i><\/p>\n<p>&nbsp;<\/p>\n","protected":false},"excerpt":{"rendered":"<p>Veranstaltungsabend organisiert von AITI (Italienischer Verein Deutsche in Italien) in Zusammenarbeit mit der Gardasee Zeitung<\/p>\n","protected":false},"author":9,"featured_media":18589,"comment_status":"open","ping_status":"open","sticky":false,"template":"","format":"standard","meta":[],"categories":[2,4,5],"tags":[5748,5749,5750,23,26,5751,5752],"news-destination":[],"news-source":[],"is_homepage":[5575],"ta_other":[],"featured_media_details":{"width":1024,"height":583,"file":"2025\/11\/pippoPollina.jpg","sizes":{"medium":{"file":"pippoPollina-300x171.jpg","width":300,"height":171,"mime-type":"image\/jpeg","source_url":"https:\/\/www.gardaseezeitung.it\/gardaseezeitung_new\/de\/wp-content\/uploads\/sites\/2\/2025\/11\/pippoPollina-300x171.jpg"},"thumbnail":{"file":"pippoPollina-150x150.jpg","width":150,"height":150,"mime-type":"image\/jpeg","source_url":"https:\/\/www.gardaseezeitung.it\/gardaseezeitung_new\/de\/wp-content\/uploads\/sites\/2\/2025\/11\/pippoPollina-150x150.jpg"},"medium_large":{"file":"pippoPollina-768x437.jpg","width":768,"height":437,"mime-type":"image\/jpeg","source_url":"https:\/\/www.gardaseezeitung.it\/gardaseezeitung_new\/de\/wp-content\/uploads\/sites\/2\/2025\/11\/pippoPollina-768x437.jpg"},"big_image":{"file":"pippoPollina-750x427.jpg","width":750,"height":427,"mime-type":"image\/jpeg","source_url":"https:\/\/www.gardaseezeitung.it\/gardaseezeitung_new\/de\/wp-content\/uploads\/sites\/2\/2025\/11\/pippoPollina-750x427.jpg"},"full":{"file":"pippoPollina.jpg","width":1024,"height":583,"mime_type":"","source_url":"https:\/\/www.gardaseezeitung.it\/gardaseezeitung_new\/de\/wp-content\/uploads\/sites\/2\/2025\/11\/pippoPollina.jpg"}},"image_meta":{"aperture":"0","credit":"","camera":"","caption":"","created_timestamp":"0","copyright":"","focal_length":"0","iso":"0","shutter_speed":"0","title":"","orientation":"1","keywords":[]}},"_links":{"self":[{"href":"https:\/\/www.gardaseezeitung.it\/gardaseezeitung_new\/de\/wp-json\/wp\/v2\/posts\/18590"}],"collection":[{"href":"https:\/\/www.gardaseezeitung.it\/gardaseezeitung_new\/de\/wp-json\/wp\/v2\/posts"}],"about":[{"href":"https:\/\/www.gardaseezeitung.it\/gardaseezeitung_new\/de\/wp-json\/wp\/v2\/types\/post"}],"author":[{"embeddable":true,"href":"https:\/\/www.gardaseezeitung.it\/gardaseezeitung_new\/de\/wp-json\/wp\/v2\/users\/9"}],"replies":[{"embeddable":true,"href":"https:\/\/www.gardaseezeitung.it\/gardaseezeitung_new\/de\/wp-json\/wp\/v2\/comments?post=18590"}],"version-history":[{"count":1,"href":"https:\/\/www.gardaseezeitung.it\/gardaseezeitung_new\/de\/wp-json\/wp\/v2\/posts\/18590\/revisions"}],"predecessor-version":[{"id":18591,"href":"https:\/\/www.gardaseezeitung.it\/gardaseezeitung_new\/de\/wp-json\/wp\/v2\/posts\/18590\/revisions\/18591"}],"wp:featuredmedia":[{"embeddable":true,"href":"https:\/\/www.gardaseezeitung.it\/gardaseezeitung_new\/de\/wp-json\/wp\/v2\/media\/18589"}],"wp:attachment":[{"href":"https:\/\/www.gardaseezeitung.it\/gardaseezeitung_new\/de\/wp-json\/wp\/v2\/media?parent=18590"}],"wp:term":[{"taxonomy":"category","embeddable":true,"href":"https:\/\/www.gardaseezeitung.it\/gardaseezeitung_new\/de\/wp-json\/wp\/v2\/categories?post=18590"},{"taxonomy":"post_tag","embeddable":true,"href":"https:\/\/www.gardaseezeitung.it\/gardaseezeitung_new\/de\/wp-json\/wp\/v2\/tags?post=18590"},{"taxonomy":"news-destination","embeddable":true,"href":"https:\/\/www.gardaseezeitung.it\/gardaseezeitung_new\/de\/wp-json\/wp\/v2\/news-destination?post=18590"},{"taxonomy":"news-source","embeddable":true,"href":"https:\/\/www.gardaseezeitung.it\/gardaseezeitung_new\/de\/wp-json\/wp\/v2\/news-source?post=18590"},{"taxonomy":"is_homepage","embeddable":true,"href":"https:\/\/www.gardaseezeitung.it\/gardaseezeitung_new\/de\/wp-json\/wp\/v2\/is_homepage?post=18590"},{"taxonomy":"ta_other","embeddable":true,"href":"https:\/\/www.gardaseezeitung.it\/gardaseezeitung_new\/de\/wp-json\/wp\/v2\/ta_other?post=18590"}],"curies":[{"name":"wp","href":"https:\/\/api.w.org\/{rel}","templated":true}]}}