{"id":18594,"date":"2025-11-13T00:59:16","date_gmt":"2025-11-12T23:59:16","guid":{"rendered":"https:\/\/euwps05.newsmemory.com\/gardaseezeitung_new\/de\/2025\/11\/13\/den-wochenenden-im-november-weihnachten-kommt-ploetzlich-nach-movieland\/"},"modified":"2025-11-13T00:59:29","modified_gmt":"2025-11-12T23:59:29","slug":"den-wochenenden-im-november-weihnachten-kommt-ploetzlich-nach-movieland","status":"publish","type":"post","link":"https:\/\/www.gardaseezeitung.it\/2025\/11\/13\/den-wochenenden-im-november-weihnachten-kommt-ploetzlich-nach-movieland\/","title":{"rendered":"An den Wochenenden im November: Weihnachten kommt pl\u00f6tzlich nach Movieland"},"content":{"rendered":"<p>&nbsp;<\/p>\n<p>In Lazise kommt die Magie von Weihnachten schon fr\u00fch. An drei Wochenenden \u2013 dem 8. und 9., 15. und 16. sowie 22. und 23. November \u2013 verwandelt sich <em>Movieland \u2013 The Hollywood Park<\/em> in ein verzaubertes Dorf, in dem Lichter, Musik und D\u00fcfte schon vorzeitig die Festtagsstimmung wecken.<\/p>\n<p>Die Main Street pr\u00e4sentiert sich elegant mit majest\u00e4tischen Weihnachtsb\u00e4umen, Mistelzweigen und Stechpalmen, goldenen Lichtern und raffinierten Dekorationen, die die Stra\u00dfen des Parks in eine Welt zwischen Realit\u00e4t und Fantasie verwandeln. Weihnachtsmelodien erklingen in der Luft, w\u00e4hrend der Duft von S\u00fc\u00dfigkeiten und Gew\u00fcrzen die Besucher auf eine einzigartige Sinnesreise begleitet.<\/p>\n<p>Die Celebrity Plaza (Piazza Magma) wird zum pulsierenden Zentrum des Vergn\u00fcgens. Hier trifft Weihnachten auf die ansteckende Energie der Musik: DJ-Sets aus den 80er-, 90er- und 2000er-Jahren, Shows und Animationen beleben den Platz und verwandeln ihn in eine gro\u00dfe Festb\u00fchne. Fotopunkte, spektakul\u00e4re Kulissen und mitrei\u00dfende Darbietungen runden die Atmosph\u00e4re ab.<\/p>\n<p>In den Stra\u00dfen von Movieland wird es au\u00dferdem unm\u00f6glich sein, den duftenden Cr\u00eapes, den Schokopretzeln, dem speziellen Weihnachtsburger und vielen anderen K\u00f6stlichkeiten zu widerstehen, die jede Pause zu einem unvergesslichen Moment machen. Mit einem Sonderticket f\u00fcr 20 Euro wird das Erlebnis f\u00fcr alle zug\u00e4nglich und schenkt einen Tag voller Emotionen zwischen Lichtern, D\u00fcften und festlichen Aromen.<\/p>\n<p>Im Jahr 2025 wurde Movieland bei den Parksmania Awards als \u201ePark des Jahres\u201d ausgezeichnet.<\/p>\n","protected":false},"excerpt":{"rendered":"<p>Am 8. und 9., 15. und 16., 22. und 23. November Movieland &#8211; The Hollywood Park verspr\u00fcht Freude, Energie und Musik<\/p>\n","protected":false},"author":9,"featured_media":18595,"comment_status":"open","ping_status":"open","sticky":false,"template":"","format":"standard","meta":[],"categories":[2,4,5,3],"tags":[23,26,343,234,5760,1646],"news-destination":[],"news-source":[],"is_homepage":[5577],"ta_other":[],"featured_media_details":{"width":1200,"height":767,"file":"2025\/11\/Movieland-Natale.jpg","sizes":{"medium":{"file":"Movieland-Natale-300x192.jpg","width":300,"height":192,"mime-type":"image\/jpeg","source_url":"https:\/\/www.gardaseezeitung.it\/gardaseezeitung_new\/de\/wp-content\/uploads\/sites\/2\/2025\/11\/Movieland-Natale-300x192.jpg"},"large":{"file":"Movieland-Natale-1024x655.jpg","width":1024,"height":655,"mime-type":"image\/jpeg","source_url":"https:\/\/www.gardaseezeitung.it\/gardaseezeitung_new\/de\/wp-content\/uploads\/sites\/2\/2025\/11\/Movieland-Natale-1024x655.jpg"},"thumbnail":{"file":"Movieland-Natale-150x150.jpg","width":150,"height":150,"mime-type":"image\/jpeg","source_url":"https:\/\/www.gardaseezeitung.it\/gardaseezeitung_new\/de\/wp-content\/uploads\/sites\/2\/2025\/11\/Movieland-Natale-150x150.jpg"},"medium_large":{"file":"Movieland-Natale-768x491.jpg","width":768,"height":491,"mime-type":"image\/jpeg","source_url":"https:\/\/www.gardaseezeitung.it\/gardaseezeitung_new\/de\/wp-content\/uploads\/sites\/2\/2025\/11\/Movieland-Natale-768x491.jpg"},"big_image":{"file":"Movieland-Natale-750x479.jpg","width":750,"height":479,"mime-type":"image\/jpeg","source_url":"https:\/\/www.gardaseezeitung.it\/gardaseezeitung_new\/de\/wp-content\/uploads\/sites\/2\/2025\/11\/Movieland-Natale-750x479.jpg"},"full":{"file":"Movieland-Natale.jpg","width":1200,"height":767,"mime_type":"","source_url":"https:\/\/www.gardaseezeitung.it\/gardaseezeitung_new\/de\/wp-content\/uploads\/sites\/2\/2025\/11\/Movieland-Natale.jpg"}},"image_meta":{"aperture":"0","credit":"","camera":"","caption":"","created_timestamp":"0","copyright":"","focal_length":"0","iso":"0","shutter_speed":"0","title":"","orientation":"1","keywords":[]}},"_links":{"self":[{"href":"https:\/\/www.gardaseezeitung.it\/gardaseezeitung_new\/de\/wp-json\/wp\/v2\/posts\/18594"}],"collection":[{"href":"https:\/\/www.gardaseezeitung.it\/gardaseezeitung_new\/de\/wp-json\/wp\/v2\/posts"}],"about":[{"href":"https:\/\/www.gardaseezeitung.it\/gardaseezeitung_new\/de\/wp-json\/wp\/v2\/types\/post"}],"author":[{"embeddable":true,"href":"https:\/\/www.gardaseezeitung.it\/gardaseezeitung_new\/de\/wp-json\/wp\/v2\/users\/9"}],"replies":[{"embeddable":true,"href":"https:\/\/www.gardaseezeitung.it\/gardaseezeitung_new\/de\/wp-json\/wp\/v2\/comments?post=18594"}],"version-history":[{"count":1,"href":"https:\/\/www.gardaseezeitung.it\/gardaseezeitung_new\/de\/wp-json\/wp\/v2\/posts\/18594\/revisions"}],"predecessor-version":[{"id":18596,"href":"https:\/\/www.gardaseezeitung.it\/gardaseezeitung_new\/de\/wp-json\/wp\/v2\/posts\/18594\/revisions\/18596"}],"wp:featuredmedia":[{"embeddable":true,"href":"https:\/\/www.gardaseezeitung.it\/gardaseezeitung_new\/de\/wp-json\/wp\/v2\/media\/18595"}],"wp:attachment":[{"href":"https:\/\/www.gardaseezeitung.it\/gardaseezeitung_new\/de\/wp-json\/wp\/v2\/media?parent=18594"}],"wp:term":[{"taxonomy":"category","embeddable":true,"href":"https:\/\/www.gardaseezeitung.it\/gardaseezeitung_new\/de\/wp-json\/wp\/v2\/categories?post=18594"},{"taxonomy":"post_tag","embeddable":true,"href":"https:\/\/www.gardaseezeitung.it\/gardaseezeitung_new\/de\/wp-json\/wp\/v2\/tags?post=18594"},{"taxonomy":"news-destination","embeddable":true,"href":"https:\/\/www.gardaseezeitung.it\/gardaseezeitung_new\/de\/wp-json\/wp\/v2\/news-destination?post=18594"},{"taxonomy":"news-source","embeddable":true,"href":"https:\/\/www.gardaseezeitung.it\/gardaseezeitung_new\/de\/wp-json\/wp\/v2\/news-source?post=18594"},{"taxonomy":"is_homepage","embeddable":true,"href":"https:\/\/www.gardaseezeitung.it\/gardaseezeitung_new\/de\/wp-json\/wp\/v2\/is_homepage?post=18594"},{"taxonomy":"ta_other","embeddable":true,"href":"https:\/\/www.gardaseezeitung.it\/gardaseezeitung_new\/de\/wp-json\/wp\/v2\/ta_other?post=18594"}],"curies":[{"name":"wp","href":"https:\/\/api.w.org\/{rel}","templated":true}]}}