{"id":1860,"date":"2016-02-04T12:54:32","date_gmt":"2016-02-04T12:54:32","guid":{"rendered":"http:\/\/euwp08.newsmemory.com\/gardaseezeitung_new\/de\/2016\/02\/04\/vielfaltiges-peschiera-panoramen-geschichte-sport-und-kultur\/"},"modified":"2019-05-28T21:10:19","modified_gmt":"2019-05-28T21:10:19","slug":"vielfaltiges-peschiera-panoramen-geschichte-sport-und-kultur","status":"publish","type":"post","link":"https:\/\/www.gardaseezeitung.it\/2016\/02\/04\/vielfaltiges-peschiera-panoramen-geschichte-sport-und-kultur\/","title":{"rendered":"Vielf\u00e4ltiges Peschiera: Panoramen, Geschichte, Sport und Kultur"},"content":{"rendered":"<p style=\"text-align: justify\">Die Venezianischen Stadtmauern des 16. Jahrhunderts sind noch intakt. Innerhalb des Mauerg\u00fcrtels befindet sich die charakteristische und gepflegte Altstadt.<br \/>Sie wird von dem Canale di Mezzo in zwei Teile geteilt, die durch die \u201eVoltoni-Br\u00fccke aus dem 16. Jahrhundert miteinander verbunden sind. Am linken Ufer befindet sich das \u201eHabsburger Milit\u00e4rviertel&#8220; mit seinen Kasernen und Pavillons. Auf der anderen Seite befindet sich das Wohnviertel: Piazza San Marco mit dem Palazzo della Comunit\u00e0, die dem Schutzpatron gewidmete Kirche San Martino Vescovo, die r\u00f6mischen Reste von \u201eArilica&#8220;, wie Peschiera einst genannt wurde. Den Besucher erwarten in Peschiera aber auch Spazierwege entlang der Bastionen der befestigten Stadt und entlang der Seepromenade. Am Seeufer befindet sich der drei Kilometer lange Strand mit seinem Spazierweg vorbei an R\u00f6hricht, Blumen und schattenspendenden B\u00e4umen. Erw\u00e4hnenswert sind nat\u00fcrlich auch die kleinen H\u00e4fen, die Startpunkt f\u00fcr Ausfl\u00fcge sind. So ist es zum Beispiel m\u00f6glich, mit dem Kanu die Stadtmauer zu umrunden und sich auf eine ungew\u00f6hnliche Tour im Zeichen der Geschichte und der Natur zu begeben. Eine weitere M\u00f6glichkeit ist eine Fahrt auf dem Mincio. Abgesicherte Fahrradwege von Peschiera bis Mantua lassen die Herzen aller Biker h\u00f6herschlagen. Peschiera hat auch all denen viel zu bieten, die auf der Suche nach Unterhaltung sind. Das ganze Jahr \u00fcber werden die verschiedensten Events organisiert: die traditionelle Ruderregatta \u201ePalio delle Mura&#8220; (im August), bei der im Stehen gerudert wird, historische Feierlichkeiten mit Figuranten in Uniformen, Theaterauff\u00fchrungen, Konzerte und vieles mehr. Zu den Veranstaltungen der kommenden Wochen z\u00e4hlt zum Beispiel der Karnevalsumzug, der am 20. Februar ab 14 Uhr stattfinden wird. Ein fester Termin des Veranstaltungskalenders ist die \u201eKunstbr\u00fccke&#8220;, bei der K\u00fcnstler auf der Br\u00fccke der Ponte Brescia ihre Werke ausstellen. Geplant ist dieses Event unter anderem am 13. und 14. Februar sowie am 19. und 20. M\u00e4rz. Infos: www.peschieradelgarda.org.<\/p>\n","protected":false},"excerpt":{"rendered":"<p>Peschiera del Garda z\u00e4hlt zu den beliebtesten Ferienorten des Gardasees. Schon der italienische Dichter Dante Alighieri (1265-1321) erw\u00e4hnte den Ort in seiner \u201eG\u00f6ttlichen Kom\u00f6die&#8220;. Und der Ort hat bis heute nichts von seinem Zauber eingeb\u00fc\u00dft. Peschiera befindet sich am s\u00fcdlichsten Punkt des Gardasees, dort, wo der Fluss Mincio entspringt. Bei dem Ort handelt es sich um eine befestigte Stadt, die vom Wasser umgeben ist.<\/p>\n","protected":false},"author":1,"featured_media":1861,"comment_status":"open","ping_status":"open","sticky":false,"template":"","format":"standard","meta":[],"categories":[3],"tags":[],"news-destination":[],"news-source":[],"is_homepage":[],"ta_other":[],"featured_media_details":{"width":960,"height":559,"file":"2019\/05\/fba10b6b374ef93df4d273a06187dcb5.jpg","sizes":{"thumbnail":{"file":"fba10b6b374ef93df4d273a06187dcb5-150x150.jpg","width":150,"height":150,"mime-type":"image\/jpeg","source_url":"https:\/\/www.gardaseezeitung.it\/gardaseezeitung_new\/de\/wp-content\/uploads\/sites\/2\/2019\/05\/fba10b6b374ef93df4d273a06187dcb5-150x150.jpg"},"medium":{"file":"fba10b6b374ef93df4d273a06187dcb5-300x175.jpg","width":300,"height":175,"mime-type":"image\/jpeg","source_url":"https:\/\/www.gardaseezeitung.it\/gardaseezeitung_new\/de\/wp-content\/uploads\/sites\/2\/2019\/05\/fba10b6b374ef93df4d273a06187dcb5-300x175.jpg"},"medium_large":{"file":"fba10b6b374ef93df4d273a06187dcb5-768x447.jpg","width":768,"height":447,"mime-type":"image\/jpeg","source_url":"https:\/\/www.gardaseezeitung.it\/gardaseezeitung_new\/de\/wp-content\/uploads\/sites\/2\/2019\/05\/fba10b6b374ef93df4d273a06187dcb5-768x447.jpg"},"big_image":{"file":"fba10b6b374ef93df4d273a06187dcb5-750x437.jpg","width":750,"height":437,"mime-type":"image\/jpeg","source_url":"https:\/\/www.gardaseezeitung.it\/gardaseezeitung_new\/de\/wp-content\/uploads\/sites\/2\/2019\/05\/fba10b6b374ef93df4d273a06187dcb5-750x437.jpg"},"full":{"file":"fba10b6b374ef93df4d273a06187dcb5.jpg","width":960,"height":559,"mime_type":"","source_url":"https:\/\/www.gardaseezeitung.it\/gardaseezeitung_new\/de\/wp-content\/uploads\/sites\/2\/2019\/05\/fba10b6b374ef93df4d273a06187dcb5.jpg"}},"image_meta":{"aperture":"0","credit":"","camera":"","caption":"","created_timestamp":"0","copyright":"","focal_length":"0","iso":"0","shutter_speed":"0","title":"","orientation":"0","keywords":[]}},"_links":{"self":[{"href":"https:\/\/www.gardaseezeitung.it\/gardaseezeitung_new\/de\/wp-json\/wp\/v2\/posts\/1860"}],"collection":[{"href":"https:\/\/www.gardaseezeitung.it\/gardaseezeitung_new\/de\/wp-json\/wp\/v2\/posts"}],"about":[{"href":"https:\/\/www.gardaseezeitung.it\/gardaseezeitung_new\/de\/wp-json\/wp\/v2\/types\/post"}],"author":[{"embeddable":true,"href":"https:\/\/www.gardaseezeitung.it\/gardaseezeitung_new\/de\/wp-json\/wp\/v2\/users\/1"}],"replies":[{"embeddable":true,"href":"https:\/\/www.gardaseezeitung.it\/gardaseezeitung_new\/de\/wp-json\/wp\/v2\/comments?post=1860"}],"version-history":[{"count":0,"href":"https:\/\/www.gardaseezeitung.it\/gardaseezeitung_new\/de\/wp-json\/wp\/v2\/posts\/1860\/revisions"}],"wp:featuredmedia":[{"embeddable":true,"href":"https:\/\/www.gardaseezeitung.it\/gardaseezeitung_new\/de\/wp-json\/wp\/v2\/media\/1861"}],"wp:attachment":[{"href":"https:\/\/www.gardaseezeitung.it\/gardaseezeitung_new\/de\/wp-json\/wp\/v2\/media?parent=1860"}],"wp:term":[{"taxonomy":"category","embeddable":true,"href":"https:\/\/www.gardaseezeitung.it\/gardaseezeitung_new\/de\/wp-json\/wp\/v2\/categories?post=1860"},{"taxonomy":"post_tag","embeddable":true,"href":"https:\/\/www.gardaseezeitung.it\/gardaseezeitung_new\/de\/wp-json\/wp\/v2\/tags?post=1860"},{"taxonomy":"news-destination","embeddable":true,"href":"https:\/\/www.gardaseezeitung.it\/gardaseezeitung_new\/de\/wp-json\/wp\/v2\/news-destination?post=1860"},{"taxonomy":"news-source","embeddable":true,"href":"https:\/\/www.gardaseezeitung.it\/gardaseezeitung_new\/de\/wp-json\/wp\/v2\/news-source?post=1860"},{"taxonomy":"is_homepage","embeddable":true,"href":"https:\/\/www.gardaseezeitung.it\/gardaseezeitung_new\/de\/wp-json\/wp\/v2\/is_homepage?post=1860"},{"taxonomy":"ta_other","embeddable":true,"href":"https:\/\/www.gardaseezeitung.it\/gardaseezeitung_new\/de\/wp-json\/wp\/v2\/ta_other?post=1860"}],"curies":[{"name":"wp","href":"https:\/\/api.w.org\/{rel}","templated":true}]}}