{"id":18610,"date":"2025-11-11T09:54:11","date_gmt":"2025-11-11T08:54:11","guid":{"rendered":"https:\/\/euwps05.newsmemory.com\/gardaseezeitung_new\/de\/2025\/11\/11\/das-museum-nicolis-laedt-zur-woche-der-unternehmenskultur\/"},"modified":"2025-11-11T09:58:15","modified_gmt":"2025-11-11T08:58:15","slug":"das-museum-nicolis-laedt-zur-woche-der-unternehmenskultur","status":"publish","type":"post","link":"https:\/\/www.gardaseezeitung.it\/2025\/11\/11\/das-museum-nicolis-laedt-zur-woche-der-unternehmenskultur\/","title":{"rendered":"Das Museum Nicolis l\u00e4dt zur \u201eWoche der Unternehmenskultur\u201c"},"content":{"rendered":"<p>&nbsp;<\/p>\n<p>Auch das Museum Nicolis in Villafranca di Verona beteiligt sich vom 14. bis 28. November an der \u201eWoche der Unternehmenskultur\u201c. Die landesweite Veranstaltungsreihe, die von Museimpresa und Confindustria organisiert wird, widmet sich bereits im 24. Jahr den Themen der Unternehmenskultur.<\/p>\n<p>In diesem Rahmen l\u00e4dt das Museum Nicolis alle Besucherinnen und Besucher dazu ein, den menschlichen Erfindungsgeist \u00fcber ein Jahrhundert technologischer Entwicklungen hinweg zu entdecken. Auf dem Programm stehen zwei kostenlose F\u00fchrungen, die am 15. November und 22. November jeweils um 15.30 Uhr stattfinden (eine Reservierung ist erforderlich).<\/p>\n<p>Doch das ist noch nicht alles: Neben den F\u00fchrungen genie\u00dfen Kinder und Jugendliche von 0 bis 18 Jahren an beiden Tagen freien Eintritt ins Museum.<\/p>\n<p>In diesem Jahr hat die Initiative eine besondere Bedeutung, denn das Museum Nicolis feiert sein 25-j\u00e4hriges Bestehen \u2013 ein Meilenstein, der die Kraft von Einfallsreichtum, Leidenschaft und unternehmerischer Vision unterstreicht, die eine der 100 bedeutendsten Oldtimersammlungen der Welt hervorgebracht haben.<\/p>\n<p>\u201eDie Teilnahme in dem Jahr, in dem wir das 25-j\u00e4hrige Jubil\u00e4um des Nicolis Museums feiern, hat f\u00fcr uns eine tiefe symbolische Bedeutung\u201c, erkl\u00e4rt Silvia Nicolis. \u201eEs ist ein wertvoller Moment, der zeigt, wie Einfallsreichtum und unternehmerische Visionen Sch\u00f6nheit, Wissen und kollektives Ged\u00e4chtnis schaffen k\u00f6nnen. Unser Museum entstand aus einem famili\u00e4ren und unternehmerischen Traum, ist heute jedoch ein Ort, der der Zukunft offensteht und an dem Italiens industrielles und technologisches Erbe neue Generationen inspiriert.\u201c<\/p>\n<p>Museimpresa l\u00e4dt Interessierte vom 14. bis 28. November zu einem vielf\u00e4ltigen Programm ein, das die Entdeckung des reichen kulturellen Erbes Italiens erm\u00f6glicht \u2013 eines Erbes, das in den Museen und Archiven gro\u00dfer, mittlerer und kleiner italienischer Unternehmen bewahrt wird. Der vollst\u00e4ndige Veranstaltungskalender ist unter www.museimpresa.com zu finden.<\/p>\n<p>&nbsp;<\/p>\n","protected":false},"excerpt":{"rendered":"<p>Im Oldtimer-Museum in Villafranca werden am 15. und 22. November kostenlose F\u00fchrungen sowie Gratis-Eintritte f\u00fcr Jugendliche angeboten<\/p>\n","protected":false},"author":9,"featured_media":18609,"comment_status":"open","ping_status":"open","sticky":false,"template":"","format":"standard","meta":[],"categories":[2,4],"tags":[23,26,463,5761,1357,467],"news-destination":[],"news-source":[],"is_homepage":[5577],"ta_other":[],"featured_media_details":{"width":1743,"height":1356,"file":"2025\/11\/Museo-Nicolis-VeronaLancia-Astura-Gran-Sport-ph-Ivano-Mercanzin-5.jpg","sizes":{"medium":{"file":"Museo-Nicolis-VeronaLancia-Astura-Gran-Sport-ph-Ivano-Mercanzin-5-300x233.jpg","width":300,"height":233,"mime-type":"image\/jpeg","source_url":"https:\/\/www.gardaseezeitung.it\/gardaseezeitung_new\/de\/wp-content\/uploads\/sites\/2\/2025\/11\/Museo-Nicolis-VeronaLancia-Astura-Gran-Sport-ph-Ivano-Mercanzin-5-300x233.jpg"},"large":{"file":"Museo-Nicolis-VeronaLancia-Astura-Gran-Sport-ph-Ivano-Mercanzin-5-1024x797.jpg","width":1024,"height":797,"mime-type":"image\/jpeg","source_url":"https:\/\/www.gardaseezeitung.it\/gardaseezeitung_new\/de\/wp-content\/uploads\/sites\/2\/2025\/11\/Museo-Nicolis-VeronaLancia-Astura-Gran-Sport-ph-Ivano-Mercanzin-5-1024x797.jpg"},"thumbnail":{"file":"Museo-Nicolis-VeronaLancia-Astura-Gran-Sport-ph-Ivano-Mercanzin-5-150x150.jpg","width":150,"height":150,"mime-type":"image\/jpeg","source_url":"https:\/\/www.gardaseezeitung.it\/gardaseezeitung_new\/de\/wp-content\/uploads\/sites\/2\/2025\/11\/Museo-Nicolis-VeronaLancia-Astura-Gran-Sport-ph-Ivano-Mercanzin-5-150x150.jpg"},"medium_large":{"file":"Museo-Nicolis-VeronaLancia-Astura-Gran-Sport-ph-Ivano-Mercanzin-5-768x597.jpg","width":768,"height":597,"mime-type":"image\/jpeg","source_url":"https:\/\/www.gardaseezeitung.it\/gardaseezeitung_new\/de\/wp-content\/uploads\/sites\/2\/2025\/11\/Museo-Nicolis-VeronaLancia-Astura-Gran-Sport-ph-Ivano-Mercanzin-5-768x597.jpg"},"1536x1536":{"file":"Museo-Nicolis-VeronaLancia-Astura-Gran-Sport-ph-Ivano-Mercanzin-5-1536x1195.jpg","width":1536,"height":1195,"mime-type":"image\/jpeg","source_url":"https:\/\/www.gardaseezeitung.it\/gardaseezeitung_new\/de\/wp-content\/uploads\/sites\/2\/2025\/11\/Museo-Nicolis-VeronaLancia-Astura-Gran-Sport-ph-Ivano-Mercanzin-5-1536x1195.jpg"},"big_image":{"file":"Museo-Nicolis-VeronaLancia-Astura-Gran-Sport-ph-Ivano-Mercanzin-5-750x583.jpg","width":750,"height":583,"mime-type":"image\/jpeg","source_url":"https:\/\/www.gardaseezeitung.it\/gardaseezeitung_new\/de\/wp-content\/uploads\/sites\/2\/2025\/11\/Museo-Nicolis-VeronaLancia-Astura-Gran-Sport-ph-Ivano-Mercanzin-5-750x583.jpg"},"full":{"file":"Museo-Nicolis-VeronaLancia-Astura-Gran-Sport-ph-Ivano-Mercanzin-5.jpg","width":1743,"height":1356,"mime_type":"","source_url":"https:\/\/www.gardaseezeitung.it\/gardaseezeitung_new\/de\/wp-content\/uploads\/sites\/2\/2025\/11\/Museo-Nicolis-VeronaLancia-Astura-Gran-Sport-ph-Ivano-Mercanzin-5.jpg"}},"image_meta":{"aperture":"5","credit":"","camera":"E-M1","caption":"OLYMPUS DIGITAL CAMERA","created_timestamp":"1438970493","copyright":"","focal_length":"35","iso":"200","shutter_speed":"0.004","title":"OLYMPUS DIGITAL CAMERA","orientation":"1","keywords":[]}},"_links":{"self":[{"href":"https:\/\/www.gardaseezeitung.it\/gardaseezeitung_new\/de\/wp-json\/wp\/v2\/posts\/18610"}],"collection":[{"href":"https:\/\/www.gardaseezeitung.it\/gardaseezeitung_new\/de\/wp-json\/wp\/v2\/posts"}],"about":[{"href":"https:\/\/www.gardaseezeitung.it\/gardaseezeitung_new\/de\/wp-json\/wp\/v2\/types\/post"}],"author":[{"embeddable":true,"href":"https:\/\/www.gardaseezeitung.it\/gardaseezeitung_new\/de\/wp-json\/wp\/v2\/users\/9"}],"replies":[{"embeddable":true,"href":"https:\/\/www.gardaseezeitung.it\/gardaseezeitung_new\/de\/wp-json\/wp\/v2\/comments?post=18610"}],"version-history":[{"count":1,"href":"https:\/\/www.gardaseezeitung.it\/gardaseezeitung_new\/de\/wp-json\/wp\/v2\/posts\/18610\/revisions"}],"predecessor-version":[{"id":18611,"href":"https:\/\/www.gardaseezeitung.it\/gardaseezeitung_new\/de\/wp-json\/wp\/v2\/posts\/18610\/revisions\/18611"}],"wp:featuredmedia":[{"embeddable":true,"href":"https:\/\/www.gardaseezeitung.it\/gardaseezeitung_new\/de\/wp-json\/wp\/v2\/media\/18609"}],"wp:attachment":[{"href":"https:\/\/www.gardaseezeitung.it\/gardaseezeitung_new\/de\/wp-json\/wp\/v2\/media?parent=18610"}],"wp:term":[{"taxonomy":"category","embeddable":true,"href":"https:\/\/www.gardaseezeitung.it\/gardaseezeitung_new\/de\/wp-json\/wp\/v2\/categories?post=18610"},{"taxonomy":"post_tag","embeddable":true,"href":"https:\/\/www.gardaseezeitung.it\/gardaseezeitung_new\/de\/wp-json\/wp\/v2\/tags?post=18610"},{"taxonomy":"news-destination","embeddable":true,"href":"https:\/\/www.gardaseezeitung.it\/gardaseezeitung_new\/de\/wp-json\/wp\/v2\/news-destination?post=18610"},{"taxonomy":"news-source","embeddable":true,"href":"https:\/\/www.gardaseezeitung.it\/gardaseezeitung_new\/de\/wp-json\/wp\/v2\/news-source?post=18610"},{"taxonomy":"is_homepage","embeddable":true,"href":"https:\/\/www.gardaseezeitung.it\/gardaseezeitung_new\/de\/wp-json\/wp\/v2\/is_homepage?post=18610"},{"taxonomy":"ta_other","embeddable":true,"href":"https:\/\/www.gardaseezeitung.it\/gardaseezeitung_new\/de\/wp-json\/wp\/v2\/ta_other?post=18610"}],"curies":[{"name":"wp","href":"https:\/\/api.w.org\/{rel}","templated":true}]}}