{"id":18616,"date":"2025-11-10T00:33:45","date_gmt":"2025-11-09T23:33:45","guid":{"rendered":"http:\/\/euwps06.newsmemory.com\/gardaseezeitung_new\/de\/2025\/11\/10\/bis-zum-11-november-findet-peschiera-das-fest-zu-ehren-des-heiligen-martin-statt\/"},"modified":"2025-11-10T00:33:54","modified_gmt":"2025-11-09T23:33:54","slug":"bis-zum-11-november-findet-peschiera-das-fest-zu-ehren-des-heiligen-martin-statt","status":"publish","type":"post","link":"https:\/\/www.gardaseezeitung.it\/2025\/11\/10\/bis-zum-11-november-findet-peschiera-das-fest-zu-ehren-des-heiligen-martin-statt\/","title":{"rendered":"Bis zum 11. November findet in Peschiera das Fest zu Ehren des Heiligen Martin statt"},"content":{"rendered":"<p>&nbsp;<\/p>\n<p>Wenn der November voranschreitet und die Luft k\u00fchl wird, schm\u00fcckt sich Peschiera del Garda festlich. Die Stra\u00dfen des Zentrums, die Stadtmauern und der Hafen f\u00fcllen sich wieder mit Stimmen, D\u00fcften und Musik f\u00fcr das <em>Festa di S. Martino<\/em> (Fest des Heiligen Martin), ein Ereignis, das Fr\u00f6mmigkeit, Volkstradition und lokale Spezialit\u00e4ten vereint. Vom 8. bis 11. November feiert das befestigte Dorf seinen Schutzpatron mit einem reichhaltigen Veranstaltungsprogramm, darunter gastronomische St\u00e4nde, religi\u00f6se Veranstaltungen, der traditionelle Palio di San Martino und die mit Spannung erwartete pyromusikalische Show \u201eIncendio dei Voltoni\u201d.<br \/>\nIm Mittelpunkt der Veranstaltung steht der Palio di San Martino, das historische venezianische Ruderrennen, das den Canale di Mezzo mit einer Atmosph\u00e4re wie bei einer Regatta aus vergangenen Zeiten belebt. An Bord der typischen Boote treten die Ruderer unter dem Beifall des Publikums gegeneinander an und verwandeln das Wasser in eine B\u00fchne voller Energie und Leidenschaft.<br \/>\nAm 11. November steht das \u201eIncendio dei Voltoni\u201d auf dem Programm, bei dem der See in Licht \u201ebrennt\u201d.<br \/>\nEs ist einer der am meisten erwarteten Momente des Jahres. Bei Einbruch der Dunkelheit verwandelt sich der Canale di Mezzo in ein Feuerwerk aus Licht und Musik. Das \u201eIncendio dei Voltoni\u201d mit seinem Feuerwerk, das auf die Kl\u00e4nge eines mitrei\u00dfenden Soundtracks abgestimmt ist, l\u00e4sst Peschiera in einer Explosion aus Lichtern und Reflexen erstrahlen. Ein einzigartiges Ereignis, das Erwachsene und Kinder gleicherma\u00dfen in seinen Bann zieht und jedes Jahr Hunderte von Zuschauern an die Ufer des Sees lockt.<br \/>\nF\u00fcr Feinschmecker gibt es auf der Piazza Maestro G. Battistoni gastronomische St\u00e4nde mit typischen Gerichten der Region, w\u00e4hrend diejenigen, die die Geschichte von Peschiera entdecken m\u00f6chten, an Bootsausfl\u00fcgen rund um die venezianischen Mauern, die zum UNESCO-Weltkulturerbe geh\u00f6ren, teilnehmen oder das Museum der historischen Palazzina und das Museum f\u00fcr Fischerei und lokale Traditionen besuchen k\u00f6nnen.<br \/>\nVollst\u00e4ndiges Programm des Festes von San Martino 2025<br \/>\nSamstag, 8. November<br \/>\n10.00 Uhr \u2013 Er\u00f6ffnung der gastronomischen St\u00e4nde, Piazza \u201eMaestro G. Battistoni\u201d<br \/>\n15.00 Uhr \u2013 \u201ePalio di San Martino\u201d: venezianisches Ruderrennen auf dem Canale di Mezzo<br \/>\nSonntag, 9. November<br \/>\n10.00 Uhr \u2013 Er\u00f6ffnung der gastronomischen St\u00e4nde, Piazza \u201eMaestro G. Battistoni\u201d<br \/>\nMontag, 10. November<br \/>\n10:00 Uhr \u2013 Er\u00f6ffnung der Gastronomiest\u00e4nde, Piazza \u201eMaestro G. Battistoni\u201d<br \/>\nDienstag, 11. November<br \/>\n10:00 Uhr \u2013 Er\u00f6ffnung der Gastronomiest\u00e4nde, Piazza \u201eMaestro G. Battistoni\u201d<br \/>\n10:30 Uhr \u2013 Heilige Messe in der Kirche San Martino<br \/>\n18:00 Uhr \u2013 Heilige Messe, zelebriert von Bischof Mons. Domenico Pompili in der Kirche San Martino<br \/>\n19:30 Uhr \u2013 Pyromusikalische Show \u201eIncendio dei Voltoni\u201d (Feuer der Voltoni), Canale di Mezzo<\/p>\n","protected":false},"excerpt":{"rendered":"<p>Das gro\u00dfe Finale bildet die pyromusikalische Show \u201eIncendio dei Voltoni\u201d (Feuer der Voltoni)<\/p>\n","protected":false},"author":9,"featured_media":7895,"comment_status":"open","ping_status":"open","sticky":false,"template":"","format":"standard","meta":[],"categories":[2,4,5,3],"tags":[23,26,1556,1558,765,3153],"news-destination":[],"news-source":[],"is_homepage":[5575],"ta_other":[],"featured_media_details":{"width":620,"height":413,"file":"2021\/11\/PESCHIERA-incendio-dei-Voltoni.jpg","sizes":{"thumbnail":{"file":"PESCHIERA-incendio-dei-Voltoni-150x150.jpg","width":150,"height":150,"mime-type":"image\/jpeg","source_url":"https:\/\/www.gardaseezeitung.it\/gardaseezeitung_new\/de\/wp-content\/uploads\/sites\/2\/2021\/11\/PESCHIERA-incendio-dei-Voltoni-150x150.jpg"},"medium":{"file":"PESCHIERA-incendio-dei-Voltoni-300x200.jpg","width":300,"height":200,"mime-type":"image\/jpeg","source_url":"https:\/\/www.gardaseezeitung.it\/gardaseezeitung_new\/de\/wp-content\/uploads\/sites\/2\/2021\/11\/PESCHIERA-incendio-dei-Voltoni-300x200.jpg"},"guest-author-32":{"file":"PESCHIERA-incendio-dei-Voltoni-32x32.jpg","width":32,"height":32,"mime-type":"image\/jpeg","source_url":"https:\/\/www.gardaseezeitung.it\/gardaseezeitung_new\/de\/wp-content\/uploads\/sites\/2\/2021\/11\/PESCHIERA-incendio-dei-Voltoni-32x32.jpg"},"guest-author-50":{"file":"PESCHIERA-incendio-dei-Voltoni-50x50.jpg","width":50,"height":50,"mime-type":"image\/jpeg","source_url":"https:\/\/www.gardaseezeitung.it\/gardaseezeitung_new\/de\/wp-content\/uploads\/sites\/2\/2021\/11\/PESCHIERA-incendio-dei-Voltoni-50x50.jpg"},"guest-author-64":{"file":"PESCHIERA-incendio-dei-Voltoni-64x64.jpg","width":64,"height":64,"mime-type":"image\/jpeg","source_url":"https:\/\/www.gardaseezeitung.it\/gardaseezeitung_new\/de\/wp-content\/uploads\/sites\/2\/2021\/11\/PESCHIERA-incendio-dei-Voltoni-64x64.jpg"},"guest-author-96":{"file":"PESCHIERA-incendio-dei-Voltoni-96x96.jpg","width":96,"height":96,"mime-type":"image\/jpeg","source_url":"https:\/\/www.gardaseezeitung.it\/gardaseezeitung_new\/de\/wp-content\/uploads\/sites\/2\/2021\/11\/PESCHIERA-incendio-dei-Voltoni-96x96.jpg"},"guest-author-128":{"file":"PESCHIERA-incendio-dei-Voltoni-128x128.jpg","width":128,"height":128,"mime-type":"image\/jpeg","source_url":"https:\/\/www.gardaseezeitung.it\/gardaseezeitung_new\/de\/wp-content\/uploads\/sites\/2\/2021\/11\/PESCHIERA-incendio-dei-Voltoni-128x128.jpg"},"full":{"file":"PESCHIERA-incendio-dei-Voltoni.jpg","width":620,"height":413,"mime_type":"","source_url":"https:\/\/www.gardaseezeitung.it\/gardaseezeitung_new\/de\/wp-content\/uploads\/sites\/2\/2021\/11\/PESCHIERA-incendio-dei-Voltoni.jpg"}},"image_meta":{"aperture":"0","credit":"","camera":"","caption":"","created_timestamp":"0","copyright":"","focal_length":"0","iso":"0","shutter_speed":"0","title":"","orientation":"0","keywords":[]}},"_links":{"self":[{"href":"https:\/\/www.gardaseezeitung.it\/gardaseezeitung_new\/de\/wp-json\/wp\/v2\/posts\/18616"}],"collection":[{"href":"https:\/\/www.gardaseezeitung.it\/gardaseezeitung_new\/de\/wp-json\/wp\/v2\/posts"}],"about":[{"href":"https:\/\/www.gardaseezeitung.it\/gardaseezeitung_new\/de\/wp-json\/wp\/v2\/types\/post"}],"author":[{"embeddable":true,"href":"https:\/\/www.gardaseezeitung.it\/gardaseezeitung_new\/de\/wp-json\/wp\/v2\/users\/9"}],"replies":[{"embeddable":true,"href":"https:\/\/www.gardaseezeitung.it\/gardaseezeitung_new\/de\/wp-json\/wp\/v2\/comments?post=18616"}],"version-history":[{"count":1,"href":"https:\/\/www.gardaseezeitung.it\/gardaseezeitung_new\/de\/wp-json\/wp\/v2\/posts\/18616\/revisions"}],"predecessor-version":[{"id":18619,"href":"https:\/\/www.gardaseezeitung.it\/gardaseezeitung_new\/de\/wp-json\/wp\/v2\/posts\/18616\/revisions\/18619"}],"wp:featuredmedia":[{"embeddable":true,"href":"https:\/\/www.gardaseezeitung.it\/gardaseezeitung_new\/de\/wp-json\/wp\/v2\/media\/7895"}],"wp:attachment":[{"href":"https:\/\/www.gardaseezeitung.it\/gardaseezeitung_new\/de\/wp-json\/wp\/v2\/media?parent=18616"}],"wp:term":[{"taxonomy":"category","embeddable":true,"href":"https:\/\/www.gardaseezeitung.it\/gardaseezeitung_new\/de\/wp-json\/wp\/v2\/categories?post=18616"},{"taxonomy":"post_tag","embeddable":true,"href":"https:\/\/www.gardaseezeitung.it\/gardaseezeitung_new\/de\/wp-json\/wp\/v2\/tags?post=18616"},{"taxonomy":"news-destination","embeddable":true,"href":"https:\/\/www.gardaseezeitung.it\/gardaseezeitung_new\/de\/wp-json\/wp\/v2\/news-destination?post=18616"},{"taxonomy":"news-source","embeddable":true,"href":"https:\/\/www.gardaseezeitung.it\/gardaseezeitung_new\/de\/wp-json\/wp\/v2\/news-source?post=18616"},{"taxonomy":"is_homepage","embeddable":true,"href":"https:\/\/www.gardaseezeitung.it\/gardaseezeitung_new\/de\/wp-json\/wp\/v2\/is_homepage?post=18616"},{"taxonomy":"ta_other","embeddable":true,"href":"https:\/\/www.gardaseezeitung.it\/gardaseezeitung_new\/de\/wp-json\/wp\/v2\/ta_other?post=18616"}],"curies":[{"name":"wp","href":"https:\/\/api.w.org\/{rel}","templated":true}]}}