{"id":18626,"date":"2025-11-12T12:05:38","date_gmt":"2025-11-12T11:05:38","guid":{"rendered":"https:\/\/euwps05.newsmemory.com\/gardaseezeitung_new\/de\/2025\/11\/12\/bus-go-startet-erneut-intelligente-mobilitaet-zwischen-arco-riva-und-torbole\/"},"modified":"2025-11-12T12:05:57","modified_gmt":"2025-11-12T11:05:57","slug":"bus-go-startet-erneut-intelligente-mobilitaet-zwischen-arco-riva-und-torbole","status":"publish","type":"post","link":"https:\/\/www.gardaseezeitung.it\/2025\/11\/12\/bus-go-startet-erneut-intelligente-mobilitaet-zwischen-arco-riva-und-torbole\/","title":{"rendered":"Bus &amp; Go startet erneut: intelligente Mobilit\u00e4t zwischen Arco, Riva und Torbole"},"content":{"rendered":"<p>&nbsp;<\/p>\n<p>Ab Freitag, dem 14. November, kehrt einer der beliebtesten Dienste des Garda Trentino zur\u00fcck: Bus &amp; Go, der \u00f6ffentliche Nahverkehr auf Abruf, der die Gemeinden Arco, Riva del Garda und Nago-Torbole auf praktische und nachhaltige Weise verbindet, wird bis zum 31. Dezember 2025 in Betrieb sein (mit einer Pause nur am Weihnachtstag).<\/p>\n<p>Bus &amp; Go wurde entwickelt, um sich stressfrei zwischen See und Bergen zu bewegen. Die Fahrt kann direkt \u00fcber die App gebucht werden, indem man den Abfahrtsort und das Ziel ausw\u00e4hlt und zur n\u00e4chsten Haltestelle geht. Das System ist in den \u00f6ffentlichen Nahverkehr integriert und schl\u00e4gt automatisch die schnellste Reisem\u00f6glichkeit vor. Die Kosten betragen weiterhin 2 Euro pro Strecke, aber Inhaber der Garda Guest Card fahren kostenlos. Der Service ist t\u00e4glich von 9 bis 13 Uhr und von 14 bis 1 Uhr nachts verf\u00fcgbar und deckt auch die Abendstunden der wichtigsten Winterveranstaltungen ab.<\/p>\n<p>Nach dem gro\u00dfen Erfolg im Jahr 2024 \u2013 \u00fcber 38.000 Fahrg\u00e4ste in wenigen Monaten \u2013 kehrte Bus &amp; Go im Jahr 2025 mit einer erneuerten und noch nachhaltigeren Flotte zur\u00fcck. Die Einf\u00fchrung von zwei neuen Minibussen, von denen einer vollst\u00e4ndig elektrisch betrieben wird, hat die Effizienz des Dienstes verbessert und die Umweltbelastung reduziert.<\/p>\n<p>Zu den Neuheiten in diesem Jahr geh\u00f6ren eine neue Haltestelle in Padaro in der Gemeinde Arco und eine spezielle Verbindung zu den Kletterfelsen, die f\u00fcr Kletterer und Outdoor-Liebhaber gedacht ist. Diese Entscheidungen best\u00e4tigen den \u201egr\u00fcnen\u201d und touristischen Charakter des Projekts, das von den Gemeinden Arco, Riva del Garda und Nago-Torbole in Zusammenarbeit mit Trentino Trasporti und APT Garda Dolomiti ins Leben gerufen wurde.<\/p>\n<p>Im Jahr 2026 wird der Dienst wie bereits in der Vergangenheit am 1. April wieder aufgenommen und ohne Unterbrechung bis zum 31. Dezember fortgesetzt.<\/p>\n<p>&nbsp;<\/p>\n","protected":false},"excerpt":{"rendered":"<p>Der \u00f6ffentliche Transportdienst auf Abruf wird vom 14. November bis zum 31. Dezember 2025 verf\u00fcgbar sein (mit einer Pause nur am Weihnachtstag)<\/p>\n","protected":false},"author":9,"featured_media":18625,"comment_status":"open","ping_status":"open","sticky":false,"template":"","format":"standard","meta":[],"categories":[2,6],"tags":[219,5763,23,5764,3132,5765,221],"news-destination":[],"news-source":[],"is_homepage":[5577],"ta_other":[],"featured_media_details":{"width":800,"height":533,"file":"2025\/11\/BusGOph_PRUGNOLA.jpg","sizes":{"medium":{"file":"BusGOph_PRUGNOLA-300x200.jpg","width":300,"height":200,"mime-type":"image\/jpeg","source_url":"https:\/\/www.gardaseezeitung.it\/gardaseezeitung_new\/de\/wp-content\/uploads\/sites\/2\/2025\/11\/BusGOph_PRUGNOLA-300x200.jpg"},"thumbnail":{"file":"BusGOph_PRUGNOLA-150x150.jpg","width":150,"height":150,"mime-type":"image\/jpeg","source_url":"https:\/\/www.gardaseezeitung.it\/gardaseezeitung_new\/de\/wp-content\/uploads\/sites\/2\/2025\/11\/BusGOph_PRUGNOLA-150x150.jpg"},"medium_large":{"file":"BusGOph_PRUGNOLA-768x512.jpg","width":768,"height":512,"mime-type":"image\/jpeg","source_url":"https:\/\/www.gardaseezeitung.it\/gardaseezeitung_new\/de\/wp-content\/uploads\/sites\/2\/2025\/11\/BusGOph_PRUGNOLA-768x512.jpg"},"big_image":{"file":"BusGOph_PRUGNOLA-750x500.jpg","width":750,"height":500,"mime-type":"image\/jpeg","source_url":"https:\/\/www.gardaseezeitung.it\/gardaseezeitung_new\/de\/wp-content\/uploads\/sites\/2\/2025\/11\/BusGOph_PRUGNOLA-750x500.jpg"},"full":{"file":"BusGOph_PRUGNOLA.jpg","width":800,"height":533,"mime_type":"","source_url":"https:\/\/www.gardaseezeitung.it\/gardaseezeitung_new\/de\/wp-content\/uploads\/sites\/2\/2025\/11\/BusGOph_PRUGNOLA.jpg"}},"image_meta":{"aperture":"0","credit":"","camera":"","caption":"","created_timestamp":"0","copyright":"","focal_length":"0","iso":"0","shutter_speed":"0","title":"","orientation":"1","keywords":[]}},"_links":{"self":[{"href":"https:\/\/www.gardaseezeitung.it\/gardaseezeitung_new\/de\/wp-json\/wp\/v2\/posts\/18626"}],"collection":[{"href":"https:\/\/www.gardaseezeitung.it\/gardaseezeitung_new\/de\/wp-json\/wp\/v2\/posts"}],"about":[{"href":"https:\/\/www.gardaseezeitung.it\/gardaseezeitung_new\/de\/wp-json\/wp\/v2\/types\/post"}],"author":[{"embeddable":true,"href":"https:\/\/www.gardaseezeitung.it\/gardaseezeitung_new\/de\/wp-json\/wp\/v2\/users\/9"}],"replies":[{"embeddable":true,"href":"https:\/\/www.gardaseezeitung.it\/gardaseezeitung_new\/de\/wp-json\/wp\/v2\/comments?post=18626"}],"version-history":[{"count":2,"href":"https:\/\/www.gardaseezeitung.it\/gardaseezeitung_new\/de\/wp-json\/wp\/v2\/posts\/18626\/revisions"}],"predecessor-version":[{"id":18628,"href":"https:\/\/www.gardaseezeitung.it\/gardaseezeitung_new\/de\/wp-json\/wp\/v2\/posts\/18626\/revisions\/18628"}],"wp:featuredmedia":[{"embeddable":true,"href":"https:\/\/www.gardaseezeitung.it\/gardaseezeitung_new\/de\/wp-json\/wp\/v2\/media\/18625"}],"wp:attachment":[{"href":"https:\/\/www.gardaseezeitung.it\/gardaseezeitung_new\/de\/wp-json\/wp\/v2\/media?parent=18626"}],"wp:term":[{"taxonomy":"category","embeddable":true,"href":"https:\/\/www.gardaseezeitung.it\/gardaseezeitung_new\/de\/wp-json\/wp\/v2\/categories?post=18626"},{"taxonomy":"post_tag","embeddable":true,"href":"https:\/\/www.gardaseezeitung.it\/gardaseezeitung_new\/de\/wp-json\/wp\/v2\/tags?post=18626"},{"taxonomy":"news-destination","embeddable":true,"href":"https:\/\/www.gardaseezeitung.it\/gardaseezeitung_new\/de\/wp-json\/wp\/v2\/news-destination?post=18626"},{"taxonomy":"news-source","embeddable":true,"href":"https:\/\/www.gardaseezeitung.it\/gardaseezeitung_new\/de\/wp-json\/wp\/v2\/news-source?post=18626"},{"taxonomy":"is_homepage","embeddable":true,"href":"https:\/\/www.gardaseezeitung.it\/gardaseezeitung_new\/de\/wp-json\/wp\/v2\/is_homepage?post=18626"},{"taxonomy":"ta_other","embeddable":true,"href":"https:\/\/www.gardaseezeitung.it\/gardaseezeitung_new\/de\/wp-json\/wp\/v2\/ta_other?post=18626"}],"curies":[{"name":"wp","href":"https:\/\/api.w.org\/{rel}","templated":true}]}}