{"id":18630,"date":"2025-11-13T00:23:23","date_gmt":"2025-11-12T23:23:23","guid":{"rendered":"https:\/\/euwps05.newsmemory.com\/gardaseezeitung_new\/de\/2025\/11\/13\/lago-wird-der-internationale-film-petrichor-gedreht\/"},"modified":"2025-11-13T00:24:06","modified_gmt":"2025-11-12T23:24:06","slug":"lago-wird-der-internationale-film-petrichor-gedreht","status":"publish","type":"post","link":"https:\/\/www.gardaseezeitung.it\/2025\/11\/13\/lago-wird-der-internationale-film-petrichor-gedreht\/","title":{"rendered":"Am Lago wird der internationale Film \u201ePetrichor\u201c gedreht"},"content":{"rendered":"<p>&nbsp;<\/p>\n<p>Am Gardasee haben die Dreharbeiten zum Film \u201ePetrichor\u201c des aus Sal\u00f2 stammenden, doch seit vielen Jahren in den USA lebenden Regisseurs Marco Perego Salda\u00f1a, begonnen. Nachdem zun\u00e4chst Ende Oktober am Brescianer Ufer des Sees (Sal\u00f2, Toscolano Maderno und Gargnano) gedreht wurde, ist man nun in diesen Tagen am Ostufer unterwegs. Drehlocation ist unter anderem Punta San Viglio und die sich dort befindende Villa Guarienti. Geplant sind aber auch Drehtage in Malcesine.<\/p>\n<p>Viele Informationen rund um den Film wurden bisher noch nicht bekannt gegeben. Mit \u201ePetrichor\u201c bezeichnet man im Englischen den Geruch des auf den trockenen Boden fallenden Regens. Zu den Hauptdarstellern des Films z\u00e4hlt die italienische Schauspielerin Valeria Golino, die den Kinofans unter anderem dank ihrer Rolle in Rain Man, aber auch in vieler anderer Filme bekannt ist. Wer an ihrer Seite in dem Film zu sehen sein wird, ist bisher noch nicht bekannt gegeben worden.<\/p>\n<p>Marco Perego Salda\u00f1a kommt, wie bereits erw\u00e4hnt, aus Sal\u00f2. Nach seinem Umzug in die Vereinigten Staaten war er zun\u00e4chst als Maler und Performer und erst danach als Regisseur t\u00e4tig. Seit 2013 ist er mit der Schauspielerin Zoe Salda\u00f1a verheiratet, die in diesem Jahr f\u00fcr ihre Rolle im Film \u201eEmilia Perez\u201c unter anderem mit dem Oscar als beste Nebendarstellerin sowie mit dem Golden Globe ausgezeichnet wurde.<\/p>\n<p>In Norditalien wird das Team bis Dezember t\u00e4tig sein, dann sind weitere Dreharbeiten in Rom geplant.<\/p>\n<p>&nbsp;<\/p>\n","protected":false},"excerpt":{"rendered":"<p>Die italienische Schauspielerin Valeria Golino z\u00e4hlt zu den Hauptdarstellerinnen des Films von Regisseur Marco Perego<\/p>\n","protected":false},"author":9,"featured_media":18629,"comment_status":"open","ping_status":"open","sticky":false,"template":"","format":"standard","meta":[],"categories":[2,5],"tags":[5766,23,26,158,5767,5768,5769,167,344,5770,5771,5772],"news-destination":[],"news-source":[],"is_homepage":[5577],"ta_other":[],"featured_media_details":{"width":1024,"height":673,"file":"2025\/11\/Screenshot-2025-11-12-alle-12.26.33.png","sizes":{"medium":{"file":"Screenshot-2025-11-12-alle-12.26.33-300x197.png","width":300,"height":197,"mime-type":"image\/png","source_url":"https:\/\/www.gardaseezeitung.it\/gardaseezeitung_new\/de\/wp-content\/uploads\/sites\/2\/2025\/11\/Screenshot-2025-11-12-alle-12.26.33-300x197.png"},"thumbnail":{"file":"Screenshot-2025-11-12-alle-12.26.33-150x150.png","width":150,"height":150,"mime-type":"image\/png","source_url":"https:\/\/www.gardaseezeitung.it\/gardaseezeitung_new\/de\/wp-content\/uploads\/sites\/2\/2025\/11\/Screenshot-2025-11-12-alle-12.26.33-150x150.png"},"medium_large":{"file":"Screenshot-2025-11-12-alle-12.26.33-768x505.png","width":768,"height":505,"mime-type":"image\/png","source_url":"https:\/\/www.gardaseezeitung.it\/gardaseezeitung_new\/de\/wp-content\/uploads\/sites\/2\/2025\/11\/Screenshot-2025-11-12-alle-12.26.33-768x505.png"},"big_image":{"file":"Screenshot-2025-11-12-alle-12.26.33-750x493.png","width":750,"height":493,"mime-type":"image\/png","source_url":"https:\/\/www.gardaseezeitung.it\/gardaseezeitung_new\/de\/wp-content\/uploads\/sites\/2\/2025\/11\/Screenshot-2025-11-12-alle-12.26.33-750x493.png"},"full":{"file":"Screenshot-2025-11-12-alle-12.26.33.png","width":1024,"height":673,"mime_type":"","source_url":"https:\/\/www.gardaseezeitung.it\/gardaseezeitung_new\/de\/wp-content\/uploads\/sites\/2\/2025\/11\/Screenshot-2025-11-12-alle-12.26.33.png"}},"image_meta":{"aperture":"0","credit":"","camera":"","caption":"","created_timestamp":"0","copyright":"","focal_length":"0","iso":"0","shutter_speed":"0","title":"","orientation":"0","keywords":[]}},"_links":{"self":[{"href":"https:\/\/www.gardaseezeitung.it\/gardaseezeitung_new\/de\/wp-json\/wp\/v2\/posts\/18630"}],"collection":[{"href":"https:\/\/www.gardaseezeitung.it\/gardaseezeitung_new\/de\/wp-json\/wp\/v2\/posts"}],"about":[{"href":"https:\/\/www.gardaseezeitung.it\/gardaseezeitung_new\/de\/wp-json\/wp\/v2\/types\/post"}],"author":[{"embeddable":true,"href":"https:\/\/www.gardaseezeitung.it\/gardaseezeitung_new\/de\/wp-json\/wp\/v2\/users\/9"}],"replies":[{"embeddable":true,"href":"https:\/\/www.gardaseezeitung.it\/gardaseezeitung_new\/de\/wp-json\/wp\/v2\/comments?post=18630"}],"version-history":[{"count":1,"href":"https:\/\/www.gardaseezeitung.it\/gardaseezeitung_new\/de\/wp-json\/wp\/v2\/posts\/18630\/revisions"}],"predecessor-version":[{"id":18631,"href":"https:\/\/www.gardaseezeitung.it\/gardaseezeitung_new\/de\/wp-json\/wp\/v2\/posts\/18630\/revisions\/18631"}],"wp:featuredmedia":[{"embeddable":true,"href":"https:\/\/www.gardaseezeitung.it\/gardaseezeitung_new\/de\/wp-json\/wp\/v2\/media\/18629"}],"wp:attachment":[{"href":"https:\/\/www.gardaseezeitung.it\/gardaseezeitung_new\/de\/wp-json\/wp\/v2\/media?parent=18630"}],"wp:term":[{"taxonomy":"category","embeddable":true,"href":"https:\/\/www.gardaseezeitung.it\/gardaseezeitung_new\/de\/wp-json\/wp\/v2\/categories?post=18630"},{"taxonomy":"post_tag","embeddable":true,"href":"https:\/\/www.gardaseezeitung.it\/gardaseezeitung_new\/de\/wp-json\/wp\/v2\/tags?post=18630"},{"taxonomy":"news-destination","embeddable":true,"href":"https:\/\/www.gardaseezeitung.it\/gardaseezeitung_new\/de\/wp-json\/wp\/v2\/news-destination?post=18630"},{"taxonomy":"news-source","embeddable":true,"href":"https:\/\/www.gardaseezeitung.it\/gardaseezeitung_new\/de\/wp-json\/wp\/v2\/news-source?post=18630"},{"taxonomy":"is_homepage","embeddable":true,"href":"https:\/\/www.gardaseezeitung.it\/gardaseezeitung_new\/de\/wp-json\/wp\/v2\/is_homepage?post=18630"},{"taxonomy":"ta_other","embeddable":true,"href":"https:\/\/www.gardaseezeitung.it\/gardaseezeitung_new\/de\/wp-json\/wp\/v2\/ta_other?post=18630"}],"curies":[{"name":"wp","href":"https:\/\/api.w.org\/{rel}","templated":true}]}}