{"id":18654,"date":"2025-11-15T18:43:17","date_gmt":"2025-11-15T17:43:17","guid":{"rendered":"http:\/\/euwps06.newsmemory.com\/gardaseezeitung_new\/de\/2025\/11\/15\/il-turco-italia-der-tuerke-italien-zum-ersten-mal-im-teatro-filarmonico-verona\/"},"modified":"2025-11-15T19:19:44","modified_gmt":"2025-11-15T18:19:44","slug":"il-turco-italia-der-tuerke-italien-zum-ersten-mal-im-teatro-filarmonico-verona","status":"publish","type":"post","link":"https:\/\/www.gardaseezeitung.it\/2025\/11\/15\/il-turco-italia-der-tuerke-italien-zum-ersten-mal-im-teatro-filarmonico-verona\/","title":{"rendered":"\u201eIl turco in Italia\u201c (Der T\u00fcrke in Italien) \u2013 zum ersten Mal im Teatro Filarmonico Verona"},"content":{"rendered":"<p data-start=\"37\" data-end=\"198\"><strong data-start=\"37\" data-end=\"198\">\u00a0<\/strong><\/p>\n<p data-start=\"200\" data-end=\"701\">Ein Ehepaar in der Krise, ein verf\u00fchrerischer Fremder, eine mutige Ex-Verlobte, ein unbequemer Dritter, ein Dichter auf der Suche nach Inspiration: Rossini stellt die Menschlichkeit in all ihrer Fragilit\u00e4t, L\u00e4cherlichkeit und Leidenschaft auf die B\u00fchne \u2013 mit einem verschmitzt-zynischen L\u00e4cheln. In Verona ist erstmals die farbenfrohe Inszenierung des Regisseurs Roberto Catalano zu sehen, mit Carlo Lepore, Sara Blanch, Dave Monaco, Fabio Previati, Marianna Mappa, Michele Patti und Matteo Macchioni.<\/p>\n<p data-start=\"703\" data-end=\"1330\">Mehr als 200 Jahre nach seinen einzigen Auff\u00fchrungen in der Scaligerstadt (1817 und 1822) kehrt <em>Il turco in Italia <\/em>nach Verona zur\u00fcck. Die Handlung, urspr\u00fcnglich in Neapel angesiedelt (damals Hauptstadt der Opera buffa und imagin\u00e4rer Schauplatz von Cos\u00ec fan tutte), erz\u00e4hlt von den Launen Fiorillas, die ihres Ehemanns Geronio \u00fcberdr\u00fcssig ist und deshalb einen eifers\u00fcchtigen Verehrer, Narciso, hat \u2013 w\u00e4hrend sie sich zugleich in den ebenso launischen Selim verliebt, einen t\u00fcrkischen Prinzen, der gerade im Golf gelandet ist (in Anlehnung an die Musik aus Mozarts Don Giovanni, Rossinis Hommage und Parodie zugleich).<\/p>\n<p data-start=\"1332\" data-end=\"1861\">Auch Zaida trifft hier ein, Selims zu Unrecht versto\u00dfene ehemalige Braut, die mit Hilfe von Albazar hofft, ihren Geliebten zur\u00fcckzugewinnen. In einer Abfolge von Begegnungen, komischen Auseinandersetzungen, Missverst\u00e4ndnissen und Reueakten wird die nat\u00fcrliche Ordnung schlie\u00dflich wiederhergestellt. Und das alles geschieht \u2013 ein seltenes Beispiel in der italienischen Oper \u2013 unter dem wachsamen und distanzierten Blick des Dichters Prosdocimo, der in dieser skurrilen Menschheit das ideale Thema f\u00fcr seine n\u00e4chste Kom\u00f6die findet.<\/p>\n<p data-start=\"1332\" data-end=\"1861\">\n<figure id=\"attachment_18653\" style=\"width: 750px\" class=\"wp-caption alignnone\"><img title=\"\u201eIl turco in Italia\u201c (Der T\u00fcrke in Italien) \u2013 zum ersten Mal im Teatro Filarmonico Verona\" loading=\"lazy\" class=\"wp-image-18653\" src=\"https:\/\/www.gardaseezeitung.it\/gardaseezeitung_new\/de\/wp-content\/uploads\/sites\/2\/2025\/11\/locandina-il_turco_in_italia.png\" alt=\"Verona, Teatro Filarmonico: &quot;Il Turco di Italia&quot; von Rossini\" width=\"750\" height=\"1075\" srcset=\"https:\/\/euwps06.newsmemory.com\/gardaseezeitung_new\/de\/wp-content\/uploads\/sites\/2\/2025\/11\/locandina-il_turco_in_italia.png 1024w, https:\/\/euwps06.newsmemory.com\/gardaseezeitung_new\/de\/wp-content\/uploads\/sites\/2\/2025\/11\/locandina-il_turco_in_italia-209x300.png 209w, https:\/\/euwps06.newsmemory.com\/gardaseezeitung_new\/de\/wp-content\/uploads\/sites\/2\/2025\/11\/locandina-il_turco_in_italia-714x1024.png 714w, https:\/\/euwps06.newsmemory.com\/gardaseezeitung_new\/de\/wp-content\/uploads\/sites\/2\/2025\/11\/locandina-il_turco_in_italia-768x1101.png 768w, https:\/\/euwps06.newsmemory.com\/gardaseezeitung_new\/de\/wp-content\/uploads\/sites\/2\/2025\/11\/locandina-il_turco_in_italia-750x1075.png 750w\" sizes=\"(max-width: 750px) 100vw, 750px\" \/><figcaption class=\"wp-caption-text\">Verona, Teatro Filarmonico: &#8222;Il Turco di Italia&#8220; von Rossini<\/figcaption><\/figure>\n<p>&nbsp;<\/p>\n<p>Tickets<\/p>\n<p>Altstadt &#8211; Via Dietro Anfiteatro 6\/b (Mo. bis Fr. 10.30-16.00 Uhr; Sa.09.15-12.45 Uhr)<br \/>\nAltstadt &#8211; Via Roma 1 &#8211; Di., Do. und Sa. 10.00-18.00 Uhr; Mi. und Fr. 13.00-20.00Uhr So. 12.00-15.30 Uhr)<\/p>\n<p>biglietteria@arenadiverona.it | Call center +39 045 8005151 | www.arena.it | Punti vendita TicketOne.it<\/p>\n<p>&nbsp;<\/p>\n","protected":false},"excerpt":{"rendered":"<p>Auf dem Spielplan der Veroneser Opernsaison: vier Vorstellungen am 16., 19. 21. und 23. November<\/p>\n","protected":false},"author":9,"featured_media":18651,"comment_status":"open","ping_status":"open","sticky":false,"template":"","format":"standard","meta":[],"categories":[2,4],"tags":[5788,5789,5790,23,26,5791,4724,5792,5793,148,3520,277,38],"news-destination":[],"news-source":[],"is_homepage":[5575],"ta_other":[],"featured_media_details":{"width":1140,"height":633,"file":"2025\/11\/dsc_1569_2.jpg","sizes":{"medium":{"file":"dsc_1569_2-300x167.jpg","width":300,"height":167,"mime-type":"image\/jpeg","source_url":"https:\/\/www.gardaseezeitung.it\/gardaseezeitung_new\/de\/wp-content\/uploads\/sites\/2\/2025\/11\/dsc_1569_2-300x167.jpg"},"large":{"file":"dsc_1569_2-1024x569.jpg","width":1024,"height":569,"mime-type":"image\/jpeg","source_url":"https:\/\/www.gardaseezeitung.it\/gardaseezeitung_new\/de\/wp-content\/uploads\/sites\/2\/2025\/11\/dsc_1569_2-1024x569.jpg"},"thumbnail":{"file":"dsc_1569_2-150x150.jpg","width":150,"height":150,"mime-type":"image\/jpeg","source_url":"https:\/\/www.gardaseezeitung.it\/gardaseezeitung_new\/de\/wp-content\/uploads\/sites\/2\/2025\/11\/dsc_1569_2-150x150.jpg"},"medium_large":{"file":"dsc_1569_2-768x426.jpg","width":768,"height":426,"mime-type":"image\/jpeg","source_url":"https:\/\/www.gardaseezeitung.it\/gardaseezeitung_new\/de\/wp-content\/uploads\/sites\/2\/2025\/11\/dsc_1569_2-768x426.jpg"},"big_image":{"file":"dsc_1569_2-750x416.jpg","width":750,"height":416,"mime-type":"image\/jpeg","source_url":"https:\/\/www.gardaseezeitung.it\/gardaseezeitung_new\/de\/wp-content\/uploads\/sites\/2\/2025\/11\/dsc_1569_2-750x416.jpg"},"full":{"file":"dsc_1569_2.jpg","width":1140,"height":633,"mime_type":"","source_url":"https:\/\/www.gardaseezeitung.it\/gardaseezeitung_new\/de\/wp-content\/uploads\/sites\/2\/2025\/11\/dsc_1569_2.jpg"}},"image_meta":{"aperture":"0","credit":"","camera":"","caption":"","created_timestamp":"0","copyright":"","focal_length":"0","iso":"0","shutter_speed":"0","title":"","orientation":"0","keywords":[]}},"_links":{"self":[{"href":"https:\/\/www.gardaseezeitung.it\/gardaseezeitung_new\/de\/wp-json\/wp\/v2\/posts\/18654"}],"collection":[{"href":"https:\/\/www.gardaseezeitung.it\/gardaseezeitung_new\/de\/wp-json\/wp\/v2\/posts"}],"about":[{"href":"https:\/\/www.gardaseezeitung.it\/gardaseezeitung_new\/de\/wp-json\/wp\/v2\/types\/post"}],"author":[{"embeddable":true,"href":"https:\/\/www.gardaseezeitung.it\/gardaseezeitung_new\/de\/wp-json\/wp\/v2\/users\/9"}],"replies":[{"embeddable":true,"href":"https:\/\/www.gardaseezeitung.it\/gardaseezeitung_new\/de\/wp-json\/wp\/v2\/comments?post=18654"}],"version-history":[{"count":6,"href":"https:\/\/www.gardaseezeitung.it\/gardaseezeitung_new\/de\/wp-json\/wp\/v2\/posts\/18654\/revisions"}],"predecessor-version":[{"id":18663,"href":"https:\/\/www.gardaseezeitung.it\/gardaseezeitung_new\/de\/wp-json\/wp\/v2\/posts\/18654\/revisions\/18663"}],"wp:featuredmedia":[{"embeddable":true,"href":"https:\/\/www.gardaseezeitung.it\/gardaseezeitung_new\/de\/wp-json\/wp\/v2\/media\/18651"}],"wp:attachment":[{"href":"https:\/\/www.gardaseezeitung.it\/gardaseezeitung_new\/de\/wp-json\/wp\/v2\/media?parent=18654"}],"wp:term":[{"taxonomy":"category","embeddable":true,"href":"https:\/\/www.gardaseezeitung.it\/gardaseezeitung_new\/de\/wp-json\/wp\/v2\/categories?post=18654"},{"taxonomy":"post_tag","embeddable":true,"href":"https:\/\/www.gardaseezeitung.it\/gardaseezeitung_new\/de\/wp-json\/wp\/v2\/tags?post=18654"},{"taxonomy":"news-destination","embeddable":true,"href":"https:\/\/www.gardaseezeitung.it\/gardaseezeitung_new\/de\/wp-json\/wp\/v2\/news-destination?post=18654"},{"taxonomy":"news-source","embeddable":true,"href":"https:\/\/www.gardaseezeitung.it\/gardaseezeitung_new\/de\/wp-json\/wp\/v2\/news-source?post=18654"},{"taxonomy":"is_homepage","embeddable":true,"href":"https:\/\/www.gardaseezeitung.it\/gardaseezeitung_new\/de\/wp-json\/wp\/v2\/is_homepage?post=18654"},{"taxonomy":"ta_other","embeddable":true,"href":"https:\/\/www.gardaseezeitung.it\/gardaseezeitung_new\/de\/wp-json\/wp\/v2\/ta_other?post=18654"}],"curies":[{"name":"wp","href":"https:\/\/api.w.org\/{rel}","templated":true}]}}