{"id":18688,"date":"2025-11-21T15:47:14","date_gmt":"2025-11-21T14:47:14","guid":{"rendered":"https:\/\/euwps05.newsmemory.com\/gardaseezeitung_new\/de\/2025\/11\/21\/jannik-sinner-golf-und-entspannung-gardasee\/"},"modified":"2025-11-22T09:10:18","modified_gmt":"2025-11-22T08:10:18","slug":"jannik-sinner-golf-und-entspannung-gardasee","status":"publish","type":"post","link":"https:\/\/www.gardaseezeitung.it\/2025\/11\/21\/jannik-sinner-golf-und-entspannung-gardasee\/","title":{"rendered":"Jannik Sinner, Golf und Entspannung am Gardasee"},"content":{"rendered":"<p>&nbsp;<\/p>\n<p>Nach einem Monat ohne eine einzige Pause, gekr\u00f6nt vom Triumph bei den ATP Finals in Turin, hat Jannik Sinner einen Ort gesucht, an dem er endlich wieder durchatmen kann. Er fand ihn am Gardasee: fern von Kameras, Terminen und L\u00e4rm, und n\u00e4her an dem, was ihm am meisten fehlte \u2013 Ruhe. Wie der Corriere della Sera berichtet, verbringt der italienische Tennisstar seit Mitte November seine ersten offiziellen Urlaubstage in Sal\u00f2.<\/p>\n<p data-start=\"683\" data-end=\"1238\">F\u00fcr Sinner ist es das erste Mal, dass er den Bresciano f\u00fcr eine echte Auszeit gew\u00e4hlt hat \u2013 eine Entscheidung, die nach einem bewussten Wunsch nach Diskretion und Natur aussieht. Der See als Zuflucht, die sanften H\u00fcgel als Kulisse und Stille als Grundprinzip. Gemeinsam mit seinen engsten Angeh\u00f6rigen, darunter sein Vater Hanspeter, hat er im GardaGolf Hotel &amp; Resort eingecheckt, einem erst k\u00fcrzlich er\u00f6ffneten F\u00fcnf-Sterne-Haus oberhalb der Bucht von Sal\u00f2, das f\u00fcr seine F\u00e4higkeit bekannt ist, prominenten G\u00e4sten maximale Privatsph\u00e4re zu garantieren.<\/p>\n<p data-start=\"1240\" data-end=\"1891\">Am Nachmittag des 17. November besuchte Sinner auch den GardaGolf Country Club in Soiano, wo er einer neuen Leidenschaft nachgeht, die perfekt zu seinem Charakter zu passen scheint: dem Golf. Umgeben von Olivenhainen und weichen Landschaftslinien, die sich zum See hin absenken, nutzt er das Spiel, um den Kopf freizubekommen, ohne seine typische Konzentration zu verlieren. Wer ihm dort begegnet ist, beschreibt ihn als freundlich, offen und bemerkenswert bescheiden \u2013 trotz weltweiter Bekanntheit. Ein Foto? Ja, aber mit Zur\u00fcckhaltung. Aufmerksamkeit? Wird h\u00f6flich, aber ma\u00dfvoll angenommen. Das Schl\u00fcsselwort seines Aufenthalts bleibt: Privatsph\u00e4re.<\/p>\n<p data-start=\"1893\" data-end=\"2260\">Das Resort selbst erstreckt sich \u00fcber mehr als 16.000 Quadratmeter und bietet einen Blick, der vom Parco Alto Garda bis zum Monte Baldo reicht. Mit 90 Zimmern, einer fast 2.000 Quadratmeter gro\u00dfen Spa und einem Team, das an anspruchsvolle G\u00e4ste gew\u00f6hnt ist, hat Sinner hier den idealen Ort gefunden, um nach einer intensiven Saison wieder ins Gleichgewicht zu kommen.<\/p>\n<p data-start=\"2262\" data-end=\"2510\" data-is-last-node=\"\" data-is-only-node=\"\">In denselben Tagen trafen im Hotel auch zahlreiche internationale Touristen auf den wohl bekanntesten italienischen Sportler der Gegenwart \u2013 meist zuf\u00e4llig, beim Fr\u00fchst\u00fcck oder in der Lobby, und immer ohne besondere Aufregung, so wie Sinner es mag.<\/p>\n<p>&nbsp;<\/p>\n","protected":false},"excerpt":{"rendered":"<p>Nach der anstrengenden Tennissaison hat er beschlossen, sich in Sal\u00f2 zu erholen mit sein Vater Hanspeter<\/p>\n","protected":false},"author":9,"featured_media":18687,"comment_status":"open","ping_status":"open","sticky":false,"template":"","format":"standard","meta":[],"categories":[2,4,6,3],"tags":[5810,5811,5812,5813,23,26],"news-destination":[],"news-source":[],"is_homepage":[5577],"ta_other":[],"featured_media_details":{"width":1024,"height":583,"file":"2025\/11\/Jannik_Sinner_Hameltion-CC-BY-NC-SA-4.0.jpg","sizes":{"medium":{"file":"Jannik_Sinner_Hameltion-CC-BY-NC-SA-4.0-300x171.jpg","width":300,"height":171,"mime-type":"image\/jpeg","source_url":"https:\/\/www.gardaseezeitung.it\/gardaseezeitung_new\/de\/wp-content\/uploads\/sites\/2\/2025\/11\/Jannik_Sinner_Hameltion-CC-BY-NC-SA-4.0-300x171.jpg"},"thumbnail":{"file":"Jannik_Sinner_Hameltion-CC-BY-NC-SA-4.0-150x150.jpg","width":150,"height":150,"mime-type":"image\/jpeg","source_url":"https:\/\/www.gardaseezeitung.it\/gardaseezeitung_new\/de\/wp-content\/uploads\/sites\/2\/2025\/11\/Jannik_Sinner_Hameltion-CC-BY-NC-SA-4.0-150x150.jpg"},"medium_large":{"file":"Jannik_Sinner_Hameltion-CC-BY-NC-SA-4.0-768x437.jpg","width":768,"height":437,"mime-type":"image\/jpeg","source_url":"https:\/\/www.gardaseezeitung.it\/gardaseezeitung_new\/de\/wp-content\/uploads\/sites\/2\/2025\/11\/Jannik_Sinner_Hameltion-CC-BY-NC-SA-4.0-768x437.jpg"},"big_image":{"file":"Jannik_Sinner_Hameltion-CC-BY-NC-SA-4.0-750x427.jpg","width":750,"height":427,"mime-type":"image\/jpeg","source_url":"https:\/\/www.gardaseezeitung.it\/gardaseezeitung_new\/de\/wp-content\/uploads\/sites\/2\/2025\/11\/Jannik_Sinner_Hameltion-CC-BY-NC-SA-4.0-750x427.jpg"},"full":{"file":"Jannik_Sinner_Hameltion-CC-BY-NC-SA-4.0.jpg","width":1024,"height":583,"mime_type":"","source_url":"https:\/\/www.gardaseezeitung.it\/gardaseezeitung_new\/de\/wp-content\/uploads\/sites\/2\/2025\/11\/Jannik_Sinner_Hameltion-CC-BY-NC-SA-4.0.jpg"}},"image_meta":{"aperture":"0","credit":"","camera":"","caption":"","created_timestamp":"0","copyright":"","focal_length":"0","iso":"0","shutter_speed":"0","title":"","orientation":"1","keywords":[]}},"_links":{"self":[{"href":"https:\/\/www.gardaseezeitung.it\/gardaseezeitung_new\/de\/wp-json\/wp\/v2\/posts\/18688"}],"collection":[{"href":"https:\/\/www.gardaseezeitung.it\/gardaseezeitung_new\/de\/wp-json\/wp\/v2\/posts"}],"about":[{"href":"https:\/\/www.gardaseezeitung.it\/gardaseezeitung_new\/de\/wp-json\/wp\/v2\/types\/post"}],"author":[{"embeddable":true,"href":"https:\/\/www.gardaseezeitung.it\/gardaseezeitung_new\/de\/wp-json\/wp\/v2\/users\/9"}],"replies":[{"embeddable":true,"href":"https:\/\/www.gardaseezeitung.it\/gardaseezeitung_new\/de\/wp-json\/wp\/v2\/comments?post=18688"}],"version-history":[{"count":4,"href":"https:\/\/www.gardaseezeitung.it\/gardaseezeitung_new\/de\/wp-json\/wp\/v2\/posts\/18688\/revisions"}],"predecessor-version":[{"id":18693,"href":"https:\/\/www.gardaseezeitung.it\/gardaseezeitung_new\/de\/wp-json\/wp\/v2\/posts\/18688\/revisions\/18693"}],"wp:featuredmedia":[{"embeddable":true,"href":"https:\/\/www.gardaseezeitung.it\/gardaseezeitung_new\/de\/wp-json\/wp\/v2\/media\/18687"}],"wp:attachment":[{"href":"https:\/\/www.gardaseezeitung.it\/gardaseezeitung_new\/de\/wp-json\/wp\/v2\/media?parent=18688"}],"wp:term":[{"taxonomy":"category","embeddable":true,"href":"https:\/\/www.gardaseezeitung.it\/gardaseezeitung_new\/de\/wp-json\/wp\/v2\/categories?post=18688"},{"taxonomy":"post_tag","embeddable":true,"href":"https:\/\/www.gardaseezeitung.it\/gardaseezeitung_new\/de\/wp-json\/wp\/v2\/tags?post=18688"},{"taxonomy":"news-destination","embeddable":true,"href":"https:\/\/www.gardaseezeitung.it\/gardaseezeitung_new\/de\/wp-json\/wp\/v2\/news-destination?post=18688"},{"taxonomy":"news-source","embeddable":true,"href":"https:\/\/www.gardaseezeitung.it\/gardaseezeitung_new\/de\/wp-json\/wp\/v2\/news-source?post=18688"},{"taxonomy":"is_homepage","embeddable":true,"href":"https:\/\/www.gardaseezeitung.it\/gardaseezeitung_new\/de\/wp-json\/wp\/v2\/is_homepage?post=18688"},{"taxonomy":"ta_other","embeddable":true,"href":"https:\/\/www.gardaseezeitung.it\/gardaseezeitung_new\/de\/wp-json\/wp\/v2\/ta_other?post=18688"}],"curies":[{"name":"wp","href":"https:\/\/api.w.org\/{rel}","templated":true}]}}