{"id":18696,"date":"2025-11-21T00:47:10","date_gmt":"2025-11-20T23:47:10","guid":{"rendered":"http:\/\/euwps06.newsmemory.com\/gardaseezeitung_new\/de\/2025\/11\/21\/guida-michelin-2026-die-besten-restaurants-westufer\/"},"modified":"2025-11-21T15:47:39","modified_gmt":"2025-11-21T14:47:39","slug":"guida-michelin-2026-die-besten-restaurants-westufer","status":"publish","type":"post","link":"https:\/\/www.gardaseezeitung.it\/2025\/11\/21\/guida-michelin-2026-die-besten-restaurants-westufer\/","title":{"rendered":"Guida Michelin 2026: Die besten Restaurants am Westufer"},"content":{"rendered":"<h3 data-start=\"3783\" data-end=\"3840\"><\/h3>\n<p data-start=\"3842\" data-end=\"4370\">Neuzugang im Michelin-F\u00fchrer 2026 ist der Trentiner K\u00fcchenchef Alfio Ghezzi, der mit seinem Restaurant Senso Lake Garda in Limone sul Garda (Resort Eala) einen neuen Stern erkocht hat. Damit steigt die Zahl der Sterne-Adressen am brescianischen Ufer des Gardasees auf 16. Villa Feltrinelli in Gargnano bleibt das einzige Zwei-Sterne-Restaurant der Region. Die Auszeichnung wurde im Teatro Regio in Parma bekanntgegeben, der UNESCO-Kreativstadt f\u00fcr Gastronomie und Schauplatz der Pr\u00e4sentation der 71. Ausgabe des Guide Rouge.<\/p>\n<p data-start=\"4372\" data-end=\"4752\">Ghezzi, Sch\u00fcler von Gualtiero Marchesi und bekennender \u201eBergkoch\u201c, \u00fcberzeugte die Inspektoren mit einer zeitgen\u00f6ssischen K\u00fcche, die auf Wesentlichkeit, harmonische Aromen und starke Verbundenheit mit dem Gardasee-Gebiet setzt. In der neuen Ausgabe erh\u00e4lt er zudem die Sonderauszeichnung \u201ePassion Dessert\u201c, die Restaurants mit besonders herausragender Dessertkunst vorbehalten ist.<\/p>\n<p data-start=\"4754\" data-end=\"4830\">Hier die vollst\u00e4ndige Liste \u2013 mit 11 von 16 Lokalen an der Gardasee-Riviera:<\/p>\n<p data-start=\"4832\" data-end=\"4896\"><em>Die besten brescianischen Restaurants 2026 laut Michelin<\/em><\/p>\n<p data-start=\"4898\" data-end=\"4945\">2 Sterne<br data-start=\"4910\" data-end=\"4913\" \/>\u2022 Villa Feltrinelli \u2013 Gargnano<\/p>\n<p data-start=\"4947\" data-end=\"5490\">1 Stern<br data-start=\"4958\" data-end=\"4961\" \/>\u2022 Senso Lake Garda Alfio Ghezzi (Resort Eala) \u2013 Limone sul Garda<br data-start=\"5025\" data-end=\"5028\" \/>\u2022 Esplanade \u2013 Desenzano del Garda<br data-start=\"5061\" data-end=\"5064\" \/>\u2022 Lido 84 \u2013 Gardone Riviera<br data-start=\"5091\" data-end=\"5094\" \/>\u2022 Il Fagiano (Grand Hotel Fasano) \u2013 Gardone Riviera<br data-start=\"5145\" data-end=\"5148\" \/>\u2022 La Tortuga \u2013 Gargnano<br data-start=\"5171\" data-end=\"5174\" \/>\u2022 Capriccio \u2013 Manerba del Garda<br data-start=\"5205\" data-end=\"5208\" \/>\u2022 Casa Leali \u2013 Puegnago del Garda<br data-start=\"5241\" data-end=\"5244\" \/>\u2022 La Rucola 2.0 \u2013 Sirmione<br data-start=\"5270\" data-end=\"5273\" \/>\u2022 La Speranzina \u2013 Sirmione<br data-start=\"5299\" data-end=\"5302\" \/>\u2022 Tancredi \u2013 Sirmione<br data-start=\"5323\" data-end=\"5326\" \/>\u2022 Al Gambero \u2013 Calvisano<br data-start=\"5350\" data-end=\"5353\" \/>\u2022 Due Colombe \u2013 Corte Franca<br data-start=\"5381\" data-end=\"5384\" \/>\u2022 Sedicesimo Secolo (XVI Secolo) \u2013 Orzinuovi<br data-start=\"5428\" data-end=\"5431\" \/>\u2022 Leon d\u2019Oro \u2013 Pralboino<br data-start=\"5455\" data-end=\"5458\" \/>\u2022 Miramonti \u2013 L\u2019Altro Concesio<\/p>\n<p data-start=\"5492\" data-end=\"5538\">Gr\u00fcner Stern<br data-start=\"5508\" data-end=\"5511\" \/>\u2022 Colmetto \u2013 Rodengo Saiano<\/p>\n<p data-start=\"5492\" data-end=\"5538\">\n","protected":false},"excerpt":{"rendered":"<p>Neuer Stern f\u00fcr &#8222;Senso Lake Garda&#8220; von Alfio Ghezzi in Limone sul Garda (Eala Resort)<\/p>\n","protected":false},"author":9,"featured_media":18695,"comment_status":"open","ping_status":"open","sticky":false,"template":"","format":"standard","meta":[],"categories":[2,5,6,3],"tags":[1716,23,26,5800,5801,5802,1253],"news-destination":[],"news-source":[],"is_homepage":[5575],"ta_other":[],"featured_media_details":{"width":1024,"height":683,"file":"2025\/11\/Alfio-Ghezzi.jpg","sizes":{"medium":{"file":"Alfio-Ghezzi-300x200.jpg","width":300,"height":200,"mime-type":"image\/jpeg","source_url":"https:\/\/www.gardaseezeitung.it\/gardaseezeitung_new\/de\/wp-content\/uploads\/sites\/2\/2025\/11\/Alfio-Ghezzi-300x200.jpg"},"thumbnail":{"file":"Alfio-Ghezzi-150x150.jpg","width":150,"height":150,"mime-type":"image\/jpeg","source_url":"https:\/\/www.gardaseezeitung.it\/gardaseezeitung_new\/de\/wp-content\/uploads\/sites\/2\/2025\/11\/Alfio-Ghezzi-150x150.jpg"},"medium_large":{"file":"Alfio-Ghezzi-768x512.jpg","width":768,"height":512,"mime-type":"image\/jpeg","source_url":"https:\/\/www.gardaseezeitung.it\/gardaseezeitung_new\/de\/wp-content\/uploads\/sites\/2\/2025\/11\/Alfio-Ghezzi-768x512.jpg"},"big_image":{"file":"Alfio-Ghezzi-750x500.jpg","width":750,"height":500,"mime-type":"image\/jpeg","source_url":"https:\/\/www.gardaseezeitung.it\/gardaseezeitung_new\/de\/wp-content\/uploads\/sites\/2\/2025\/11\/Alfio-Ghezzi-750x500.jpg"},"full":{"file":"Alfio-Ghezzi.jpg","width":1024,"height":683,"mime_type":"","source_url":"https:\/\/www.gardaseezeitung.it\/gardaseezeitung_new\/de\/wp-content\/uploads\/sites\/2\/2025\/11\/Alfio-Ghezzi.jpg"}},"image_meta":{"aperture":"0","credit":"","camera":"","caption":"","created_timestamp":"0","copyright":"","focal_length":"0","iso":"0","shutter_speed":"0","title":"","orientation":"1","keywords":[]}},"_links":{"self":[{"href":"https:\/\/www.gardaseezeitung.it\/gardaseezeitung_new\/de\/wp-json\/wp\/v2\/posts\/18696"}],"collection":[{"href":"https:\/\/www.gardaseezeitung.it\/gardaseezeitung_new\/de\/wp-json\/wp\/v2\/posts"}],"about":[{"href":"https:\/\/www.gardaseezeitung.it\/gardaseezeitung_new\/de\/wp-json\/wp\/v2\/types\/post"}],"author":[{"embeddable":true,"href":"https:\/\/www.gardaseezeitung.it\/gardaseezeitung_new\/de\/wp-json\/wp\/v2\/users\/9"}],"replies":[{"embeddable":true,"href":"https:\/\/www.gardaseezeitung.it\/gardaseezeitung_new\/de\/wp-json\/wp\/v2\/comments?post=18696"}],"version-history":[{"count":1,"href":"https:\/\/www.gardaseezeitung.it\/gardaseezeitung_new\/de\/wp-json\/wp\/v2\/posts\/18696\/revisions"}],"predecessor-version":[{"id":18697,"href":"https:\/\/www.gardaseezeitung.it\/gardaseezeitung_new\/de\/wp-json\/wp\/v2\/posts\/18696\/revisions\/18697"}],"wp:featuredmedia":[{"embeddable":true,"href":"https:\/\/www.gardaseezeitung.it\/gardaseezeitung_new\/de\/wp-json\/wp\/v2\/media\/18695"}],"wp:attachment":[{"href":"https:\/\/www.gardaseezeitung.it\/gardaseezeitung_new\/de\/wp-json\/wp\/v2\/media?parent=18696"}],"wp:term":[{"taxonomy":"category","embeddable":true,"href":"https:\/\/www.gardaseezeitung.it\/gardaseezeitung_new\/de\/wp-json\/wp\/v2\/categories?post=18696"},{"taxonomy":"post_tag","embeddable":true,"href":"https:\/\/www.gardaseezeitung.it\/gardaseezeitung_new\/de\/wp-json\/wp\/v2\/tags?post=18696"},{"taxonomy":"news-destination","embeddable":true,"href":"https:\/\/www.gardaseezeitung.it\/gardaseezeitung_new\/de\/wp-json\/wp\/v2\/news-destination?post=18696"},{"taxonomy":"news-source","embeddable":true,"href":"https:\/\/www.gardaseezeitung.it\/gardaseezeitung_new\/de\/wp-json\/wp\/v2\/news-source?post=18696"},{"taxonomy":"is_homepage","embeddable":true,"href":"https:\/\/www.gardaseezeitung.it\/gardaseezeitung_new\/de\/wp-json\/wp\/v2\/is_homepage?post=18696"},{"taxonomy":"ta_other","embeddable":true,"href":"https:\/\/www.gardaseezeitung.it\/gardaseezeitung_new\/de\/wp-json\/wp\/v2\/ta_other?post=18696"}],"curies":[{"name":"wp","href":"https:\/\/api.w.org\/{rel}","templated":true}]}}