{"id":18746,"date":"2025-12-04T10:41:42","date_gmt":"2025-12-04T09:41:42","guid":{"rendered":"https:\/\/euwps05.newsmemory.com\/gardaseezeitung_new\/de\/2025\/12\/04\/museo-nicolis-feiert-25-jahre-und-wuerdigt-exzellente-venetische-unternehmen\/"},"modified":"2025-12-04T10:46:07","modified_gmt":"2025-12-04T09:46:07","slug":"museo-nicolis-feiert-25-jahre-und-wuerdigt-exzellente-venetische-unternehmen","status":"publish","type":"post","link":"https:\/\/www.gardaseezeitung.it\/2025\/12\/04\/museo-nicolis-feiert-25-jahre-und-wuerdigt-exzellente-venetische-unternehmen\/","title":{"rendered":"Museo Nicolis feiert 25 Jahre und w\u00fcrdigt exzellente venetische Unternehmen"},"content":{"rendered":"<p>&nbsp;<\/p>\n<p>Das Museo Nicolis feierte sein 25-j\u00e4hriges Bestehen und unterstrich dabei die Bedeutung der Unternehmenskultur sowie die Verbindung von Tradition und Innovation. Bei der VII. Ausgabe des Premio Museo Nicolis wurde Pilade Riello, Pr\u00e4sident von Riello Industries, f\u00fcr seinen vision\u00e4ren und generationen\u00fcbergreifenden Unternehmergeist ausgezeichnet. Der Preis \u201eSfide d\u2019Impresa\u201c ging an EcorNaturaS\u00ec, das ein ethisches und nachhaltiges Unternehmensmodell erfolgreich mit wirtschaftlicher Entwicklung und sozialer Verantwortung verbindet.<\/p>\n<p>Im Mittelpunkt stand ein Talk mit namhaften Referenten wie Fabrizio Giugiaro, Bruno Giordano, Antonio Calabr\u00f2 und nat\u00fcrlich Silvia Nicolis, die die strategische Rolle der Unternehmensgeschichte und die Herausforderungen des Generationenwechsels diskutierten. Die Anwesenheit der ber\u00fchmten DeLorean von Giugiaro sowie zahlreicher Pers\u00f6nlichkeiten aus Design, Motorsport und Wirtschaft best\u00e4tigte das Museo Nicolis als zentralen Knotenpunkt f\u00fcr Innovation und industrielle Kultur in Italien. Die Botschaft des Museums: Nur mit starken Wurzeln und kontinuierlicher Innovation kann die italienische Wirtschaft ihre Zukunft gestalten.<\/p>\n<p>&nbsp;<\/p>\n","protected":false},"excerpt":{"rendered":"<p>Das Museo Nicolis feiert 25 Jahre und ehrt Pilade Riello und EcorNaturaS\u00ec, bekr\u00e4ftigend seine zentrale Rolle in der italienischen Unternehmenskultur<\/p>\n","protected":false},"author":9,"featured_media":18745,"comment_status":"open","ping_status":"open","sticky":false,"template":"","format":"standard","meta":[],"categories":[2,6],"tags":[5828,5829,5830,931,23,26,463,1357,467],"news-destination":[],"news-source":[],"is_homepage":[5577],"ta_other":[],"featured_media_details":{"width":2244,"height":1496,"file":"2025\/12\/Premio-Museo-Nicolis-Giugiaro-Riello-Nicolis-Brescacin-Giordano-ph-Leaduser.jpg","sizes":{"medium":{"file":"Premio-Museo-Nicolis-Giugiaro-Riello-Nicolis-Brescacin-Giordano-ph-Leaduser-300x200.jpg","width":300,"height":200,"mime-type":"image\/jpeg","source_url":"https:\/\/www.gardaseezeitung.it\/gardaseezeitung_new\/de\/wp-content\/uploads\/sites\/2\/2025\/12\/Premio-Museo-Nicolis-Giugiaro-Riello-Nicolis-Brescacin-Giordano-ph-Leaduser-300x200.jpg"},"large":{"file":"Premio-Museo-Nicolis-Giugiaro-Riello-Nicolis-Brescacin-Giordano-ph-Leaduser-1024x683.jpg","width":1024,"height":683,"mime-type":"image\/jpeg","source_url":"https:\/\/www.gardaseezeitung.it\/gardaseezeitung_new\/de\/wp-content\/uploads\/sites\/2\/2025\/12\/Premio-Museo-Nicolis-Giugiaro-Riello-Nicolis-Brescacin-Giordano-ph-Leaduser-1024x683.jpg"},"thumbnail":{"file":"Premio-Museo-Nicolis-Giugiaro-Riello-Nicolis-Brescacin-Giordano-ph-Leaduser-150x150.jpg","width":150,"height":150,"mime-type":"image\/jpeg","source_url":"https:\/\/www.gardaseezeitung.it\/gardaseezeitung_new\/de\/wp-content\/uploads\/sites\/2\/2025\/12\/Premio-Museo-Nicolis-Giugiaro-Riello-Nicolis-Brescacin-Giordano-ph-Leaduser-150x150.jpg"},"medium_large":{"file":"Premio-Museo-Nicolis-Giugiaro-Riello-Nicolis-Brescacin-Giordano-ph-Leaduser-768x512.jpg","width":768,"height":512,"mime-type":"image\/jpeg","source_url":"https:\/\/www.gardaseezeitung.it\/gardaseezeitung_new\/de\/wp-content\/uploads\/sites\/2\/2025\/12\/Premio-Museo-Nicolis-Giugiaro-Riello-Nicolis-Brescacin-Giordano-ph-Leaduser-768x512.jpg"},"1536x1536":{"file":"Premio-Museo-Nicolis-Giugiaro-Riello-Nicolis-Brescacin-Giordano-ph-Leaduser-1536x1024.jpg","width":1536,"height":1024,"mime-type":"image\/jpeg","source_url":"https:\/\/www.gardaseezeitung.it\/gardaseezeitung_new\/de\/wp-content\/uploads\/sites\/2\/2025\/12\/Premio-Museo-Nicolis-Giugiaro-Riello-Nicolis-Brescacin-Giordano-ph-Leaduser-1536x1024.jpg"},"2048x2048":{"file":"Premio-Museo-Nicolis-Giugiaro-Riello-Nicolis-Brescacin-Giordano-ph-Leaduser-2048x1365.jpg","width":2048,"height":1365,"mime-type":"image\/jpeg","source_url":"https:\/\/www.gardaseezeitung.it\/gardaseezeitung_new\/de\/wp-content\/uploads\/sites\/2\/2025\/12\/Premio-Museo-Nicolis-Giugiaro-Riello-Nicolis-Brescacin-Giordano-ph-Leaduser-2048x1365.jpg"},"big_image":{"file":"Premio-Museo-Nicolis-Giugiaro-Riello-Nicolis-Brescacin-Giordano-ph-Leaduser-750x500.jpg","width":750,"height":500,"mime-type":"image\/jpeg","source_url":"https:\/\/www.gardaseezeitung.it\/gardaseezeitung_new\/de\/wp-content\/uploads\/sites\/2\/2025\/12\/Premio-Museo-Nicolis-Giugiaro-Riello-Nicolis-Brescacin-Giordano-ph-Leaduser-750x500.jpg"},"full":{"file":"Premio-Museo-Nicolis-Giugiaro-Riello-Nicolis-Brescacin-Giordano-ph-Leaduser.jpg","width":2244,"height":1496,"mime_type":"","source_url":"https:\/\/www.gardaseezeitung.it\/gardaseezeitung_new\/de\/wp-content\/uploads\/sites\/2\/2025\/12\/Premio-Museo-Nicolis-Giugiaro-Riello-Nicolis-Brescacin-Giordano-ph-Leaduser.jpg"}},"image_meta":{"aperture":"2.8","credit":"","camera":"ILCE-7M4","caption":"","created_timestamp":"1764787535","copyright":"","focal_length":"41","iso":"1600","shutter_speed":"0.00625","title":"","orientation":"1","keywords":[]}},"_links":{"self":[{"href":"https:\/\/www.gardaseezeitung.it\/gardaseezeitung_new\/de\/wp-json\/wp\/v2\/posts\/18746"}],"collection":[{"href":"https:\/\/www.gardaseezeitung.it\/gardaseezeitung_new\/de\/wp-json\/wp\/v2\/posts"}],"about":[{"href":"https:\/\/www.gardaseezeitung.it\/gardaseezeitung_new\/de\/wp-json\/wp\/v2\/types\/post"}],"author":[{"embeddable":true,"href":"https:\/\/www.gardaseezeitung.it\/gardaseezeitung_new\/de\/wp-json\/wp\/v2\/users\/9"}],"replies":[{"embeddable":true,"href":"https:\/\/www.gardaseezeitung.it\/gardaseezeitung_new\/de\/wp-json\/wp\/v2\/comments?post=18746"}],"version-history":[{"count":2,"href":"https:\/\/www.gardaseezeitung.it\/gardaseezeitung_new\/de\/wp-json\/wp\/v2\/posts\/18746\/revisions"}],"predecessor-version":[{"id":18748,"href":"https:\/\/www.gardaseezeitung.it\/gardaseezeitung_new\/de\/wp-json\/wp\/v2\/posts\/18746\/revisions\/18748"}],"wp:featuredmedia":[{"embeddable":true,"href":"https:\/\/www.gardaseezeitung.it\/gardaseezeitung_new\/de\/wp-json\/wp\/v2\/media\/18745"}],"wp:attachment":[{"href":"https:\/\/www.gardaseezeitung.it\/gardaseezeitung_new\/de\/wp-json\/wp\/v2\/media?parent=18746"}],"wp:term":[{"taxonomy":"category","embeddable":true,"href":"https:\/\/www.gardaseezeitung.it\/gardaseezeitung_new\/de\/wp-json\/wp\/v2\/categories?post=18746"},{"taxonomy":"post_tag","embeddable":true,"href":"https:\/\/www.gardaseezeitung.it\/gardaseezeitung_new\/de\/wp-json\/wp\/v2\/tags?post=18746"},{"taxonomy":"news-destination","embeddable":true,"href":"https:\/\/www.gardaseezeitung.it\/gardaseezeitung_new\/de\/wp-json\/wp\/v2\/news-destination?post=18746"},{"taxonomy":"news-source","embeddable":true,"href":"https:\/\/www.gardaseezeitung.it\/gardaseezeitung_new\/de\/wp-json\/wp\/v2\/news-source?post=18746"},{"taxonomy":"is_homepage","embeddable":true,"href":"https:\/\/www.gardaseezeitung.it\/gardaseezeitung_new\/de\/wp-json\/wp\/v2\/is_homepage?post=18746"},{"taxonomy":"ta_other","embeddable":true,"href":"https:\/\/www.gardaseezeitung.it\/gardaseezeitung_new\/de\/wp-json\/wp\/v2\/ta_other?post=18746"}],"curies":[{"name":"wp","href":"https:\/\/api.w.org\/{rel}","templated":true}]}}