{"id":18748,"date":"2025-11-30T14:58:40","date_gmt":"2025-11-30T13:58:40","guid":{"rendered":"http:\/\/euwps06.newsmemory.com\/gardaseezeitung_new\/de\/2025\/11\/30\/desenzano-del-garda-santa-cecilia-konzert-30-november\/"},"modified":"2025-11-30T15:05:53","modified_gmt":"2025-11-30T14:05:53","slug":"desenzano-del-garda-santa-cecilia-konzert-30-november","status":"publish","type":"post","link":"https:\/\/www.gardaseezeitung.it\/2025\/11\/30\/desenzano-del-garda-santa-cecilia-konzert-30-november\/","title":{"rendered":"Desenzano del Garda: Santa-Cecilia-Konzert am 30. November"},"content":{"rendered":"<p>&nbsp;<\/p>\n<p>Um 16 Uhr l\u00e4dt das Teatro Alberti in Desenzano zum traditionellen Santa-Cecilia-Konzert ein \u2013 ein musikalischer Nachmittag, der der Schutzpatronin der Musiker gewidmet ist. Das Ereignis feiert Leidenschaft, Talent und die klangvolle Seele der Stadt mit den Darbietungen des Ente Filarmonico Banda Cittadina di Desenzano del Garda, dirigiert von Maestro Davide Pozzali.<\/p>\n<p data-start=\"500\" data-end=\"682\" data-is-last-node=\"\" data-is-only-node=\"\">Ein unverzichtbarer Termin f\u00fcr Liebhaber der Blasmusik und f\u00fcr alle, die in jene Kl\u00e4nge eintauchen m\u00f6chten, die seit jeher die Festtage und wichtigsten Anl\u00e4sse am Gardasee begleiten.<\/p>\n<p data-start=\"500\" data-end=\"682\" data-is-last-node=\"\" data-is-only-node=\"\">\n","protected":false},"excerpt":{"rendered":"<p>Mit den Darbietungen des Ente Filarmonico Banda Cittadina di Desenzano del Garda, dirigiert von Maestro Davide Pozzali<\/p>\n","protected":false},"author":9,"featured_media":18747,"comment_status":"open","ping_status":"open","sticky":false,"template":"","format":"standard","meta":[],"categories":[2,4,3],"tags":[5823,131,5824,23,26,5825,1646],"news-destination":[],"news-source":[],"is_homepage":[5575],"ta_other":[],"featured_media_details":{"width":750,"height":448,"file":"2025\/11\/Screenshot-2025-11-30-alle-14.42.21.png","sizes":{"medium":{"file":"Screenshot-2025-11-30-alle-14.42.21-300x179.png","width":300,"height":179,"mime-type":"image\/png","source_url":"https:\/\/www.gardaseezeitung.it\/gardaseezeitung_new\/de\/wp-content\/uploads\/sites\/2\/2025\/11\/Screenshot-2025-11-30-alle-14.42.21-300x179.png"},"thumbnail":{"file":"Screenshot-2025-11-30-alle-14.42.21-150x150.png","width":150,"height":150,"mime-type":"image\/png","source_url":"https:\/\/www.gardaseezeitung.it\/gardaseezeitung_new\/de\/wp-content\/uploads\/sites\/2\/2025\/11\/Screenshot-2025-11-30-alle-14.42.21-150x150.png"},"full":{"file":"Screenshot-2025-11-30-alle-14.42.21.png","width":750,"height":448,"mime_type":"","source_url":"https:\/\/www.gardaseezeitung.it\/gardaseezeitung_new\/de\/wp-content\/uploads\/sites\/2\/2025\/11\/Screenshot-2025-11-30-alle-14.42.21.png"}},"image_meta":{"aperture":"0","credit":"","camera":"","caption":"","created_timestamp":"0","copyright":"","focal_length":"0","iso":"0","shutter_speed":"0","title":"","orientation":"0","keywords":[]}},"_links":{"self":[{"href":"https:\/\/www.gardaseezeitung.it\/gardaseezeitung_new\/de\/wp-json\/wp\/v2\/posts\/18748"}],"collection":[{"href":"https:\/\/www.gardaseezeitung.it\/gardaseezeitung_new\/de\/wp-json\/wp\/v2\/posts"}],"about":[{"href":"https:\/\/www.gardaseezeitung.it\/gardaseezeitung_new\/de\/wp-json\/wp\/v2\/types\/post"}],"author":[{"embeddable":true,"href":"https:\/\/www.gardaseezeitung.it\/gardaseezeitung_new\/de\/wp-json\/wp\/v2\/users\/9"}],"replies":[{"embeddable":true,"href":"https:\/\/www.gardaseezeitung.it\/gardaseezeitung_new\/de\/wp-json\/wp\/v2\/comments?post=18748"}],"version-history":[{"count":2,"href":"https:\/\/www.gardaseezeitung.it\/gardaseezeitung_new\/de\/wp-json\/wp\/v2\/posts\/18748\/revisions"}],"predecessor-version":[{"id":18751,"href":"https:\/\/www.gardaseezeitung.it\/gardaseezeitung_new\/de\/wp-json\/wp\/v2\/posts\/18748\/revisions\/18751"}],"wp:featuredmedia":[{"embeddable":true,"href":"https:\/\/www.gardaseezeitung.it\/gardaseezeitung_new\/de\/wp-json\/wp\/v2\/media\/18747"}],"wp:attachment":[{"href":"https:\/\/www.gardaseezeitung.it\/gardaseezeitung_new\/de\/wp-json\/wp\/v2\/media?parent=18748"}],"wp:term":[{"taxonomy":"category","embeddable":true,"href":"https:\/\/www.gardaseezeitung.it\/gardaseezeitung_new\/de\/wp-json\/wp\/v2\/categories?post=18748"},{"taxonomy":"post_tag","embeddable":true,"href":"https:\/\/www.gardaseezeitung.it\/gardaseezeitung_new\/de\/wp-json\/wp\/v2\/tags?post=18748"},{"taxonomy":"news-destination","embeddable":true,"href":"https:\/\/www.gardaseezeitung.it\/gardaseezeitung_new\/de\/wp-json\/wp\/v2\/news-destination?post=18748"},{"taxonomy":"news-source","embeddable":true,"href":"https:\/\/www.gardaseezeitung.it\/gardaseezeitung_new\/de\/wp-json\/wp\/v2\/news-source?post=18748"},{"taxonomy":"is_homepage","embeddable":true,"href":"https:\/\/www.gardaseezeitung.it\/gardaseezeitung_new\/de\/wp-json\/wp\/v2\/is_homepage?post=18748"},{"taxonomy":"ta_other","embeddable":true,"href":"https:\/\/www.gardaseezeitung.it\/gardaseezeitung_new\/de\/wp-json\/wp\/v2\/ta_other?post=18748"}],"curies":[{"name":"wp","href":"https:\/\/api.w.org\/{rel}","templated":true}]}}