{"id":18760,"date":"2025-12-10T14:34:28","date_gmt":"2025-12-10T13:34:28","guid":{"rendered":"https:\/\/euwps05.newsmemory.com\/gardaseezeitung_new\/de\/2025\/12\/10\/riva-del-garda-mag-oeffnet-der-weihnachtszeit-mit-neuen-highlights\/"},"modified":"2025-12-12T10:19:49","modified_gmt":"2025-12-12T09:19:49","slug":"riva-del-garda-mag-oeffnet-der-weihnachtszeit-mit-neuen-highlights","status":"publish","type":"post","link":"https:\/\/www.gardaseezeitung.it\/2025\/12\/10\/riva-del-garda-mag-oeffnet-der-weihnachtszeit-mit-neuen-highlights\/","title":{"rendered":"Riva del Garda: MAG \u00f6ffnet in der Weihnachtszeit mit neuen Highlights"},"content":{"rendered":"<p>&nbsp;<\/p>\n<p>Im Museum des Alto Garda (MAG) wird die Weihnachtszeit zu einem Fest voller Neuheiten und spannender Erlebnisse. Die k\u00fcrzlich er\u00f6ffnete Ausstellung \u201eUltimate Landscapes. Die Illusion des Eises\u201c von Claudio Orlandi, ein abwechslungsreiches Familienprogramm und besondere Momente im Museum erwarten die Besucher.<\/p>\n<p>Seit dem 29. November und bis zum 6. Januar 2026 \u00f6ffnen die eleganten R\u00e4ume des MAG wieder ihre T\u00fcren f\u00fcr alle, die Inspiration, k\u00fcnstlerische Eindr\u00fccke und bereichernde Erfahrungen suchen.<\/p>\n<p>Ge\u00f6ffnet ist das Museum vom 12. bis 14., vom 19. bis 23. und vom 27. bis 31. Dezember sowie vom 2. bis 6. Januar jeweils von 10 bis 18 Uhr. An bestimmten Tagen finden gef\u00fchrte Rundg\u00e4nge statt: am 14. Dezember zu den \u201eAufnahmen der Erinnerung zwischen See und Berg\u201c, am 21. Dezember zu den \u201eWerken, die es nicht zu verpassen gilt\u201c, am 28. Dezember zu den \u201eMacht-Symbolen von der Vorzeit bis zur Zeit der R\u00f6mer\u201c und am 4. Januar zu \u201eKunst in Bewegung\u201c. Alle F\u00fchrungen beginnen um 10.30 Uhr.<\/p>\n<p>Weitere Informationen und das vollst\u00e4ndige Programm stehen unter https:\/\/www.museoaltogarda.it\/it\/ bereit.<\/p>\n<p>&nbsp;<\/p>\n","protected":false},"excerpt":{"rendered":"<p>Das Museum Alto Garda begr\u00fc\u00dft seine Besucher mit einer neuen Ausstellung, besonderen F\u00fchrungen und Erlebnissen f\u00fcr die ganze Familie<\/p>\n","protected":false},"author":9,"featured_media":18759,"comment_status":"open","ping_status":"open","sticky":false,"template":"","format":"standard","meta":[],"categories":[2,4,3],"tags":[5837,23,26,1693,1694,5838],"news-destination":[],"news-source":[],"is_homepage":[5577],"ta_other":[],"featured_media_details":{"width":833,"height":474,"file":"2025\/12\/mag.jpg","sizes":{"medium":{"file":"mag-300x171.jpg","width":300,"height":171,"mime-type":"image\/jpeg","source_url":"https:\/\/www.gardaseezeitung.it\/gardaseezeitung_new\/de\/wp-content\/uploads\/sites\/2\/2025\/12\/mag-300x171.jpg"},"thumbnail":{"file":"mag-150x150.jpg","width":150,"height":150,"mime-type":"image\/jpeg","source_url":"https:\/\/www.gardaseezeitung.it\/gardaseezeitung_new\/de\/wp-content\/uploads\/sites\/2\/2025\/12\/mag-150x150.jpg"},"medium_large":{"file":"mag-768x437.jpg","width":768,"height":437,"mime-type":"image\/jpeg","source_url":"https:\/\/www.gardaseezeitung.it\/gardaseezeitung_new\/de\/wp-content\/uploads\/sites\/2\/2025\/12\/mag-768x437.jpg"},"big_image":{"file":"mag-750x427.jpg","width":750,"height":427,"mime-type":"image\/jpeg","source_url":"https:\/\/www.gardaseezeitung.it\/gardaseezeitung_new\/de\/wp-content\/uploads\/sites\/2\/2025\/12\/mag-750x427.jpg"},"full":{"file":"mag.jpg","width":833,"height":474,"mime_type":"","source_url":"https:\/\/www.gardaseezeitung.it\/gardaseezeitung_new\/de\/wp-content\/uploads\/sites\/2\/2025\/12\/mag.jpg"}},"image_meta":{"aperture":"0","credit":"","camera":"","caption":"","created_timestamp":"0","copyright":"","focal_length":"0","iso":"0","shutter_speed":"0","title":"","orientation":"0","keywords":[]}},"_links":{"self":[{"href":"https:\/\/www.gardaseezeitung.it\/gardaseezeitung_new\/de\/wp-json\/wp\/v2\/posts\/18760"}],"collection":[{"href":"https:\/\/www.gardaseezeitung.it\/gardaseezeitung_new\/de\/wp-json\/wp\/v2\/posts"}],"about":[{"href":"https:\/\/www.gardaseezeitung.it\/gardaseezeitung_new\/de\/wp-json\/wp\/v2\/types\/post"}],"author":[{"embeddable":true,"href":"https:\/\/www.gardaseezeitung.it\/gardaseezeitung_new\/de\/wp-json\/wp\/v2\/users\/9"}],"replies":[{"embeddable":true,"href":"https:\/\/www.gardaseezeitung.it\/gardaseezeitung_new\/de\/wp-json\/wp\/v2\/comments?post=18760"}],"version-history":[{"count":1,"href":"https:\/\/www.gardaseezeitung.it\/gardaseezeitung_new\/de\/wp-json\/wp\/v2\/posts\/18760\/revisions"}],"predecessor-version":[{"id":18761,"href":"https:\/\/www.gardaseezeitung.it\/gardaseezeitung_new\/de\/wp-json\/wp\/v2\/posts\/18760\/revisions\/18761"}],"wp:featuredmedia":[{"embeddable":true,"href":"https:\/\/www.gardaseezeitung.it\/gardaseezeitung_new\/de\/wp-json\/wp\/v2\/media\/18759"}],"wp:attachment":[{"href":"https:\/\/www.gardaseezeitung.it\/gardaseezeitung_new\/de\/wp-json\/wp\/v2\/media?parent=18760"}],"wp:term":[{"taxonomy":"category","embeddable":true,"href":"https:\/\/www.gardaseezeitung.it\/gardaseezeitung_new\/de\/wp-json\/wp\/v2\/categories?post=18760"},{"taxonomy":"post_tag","embeddable":true,"href":"https:\/\/www.gardaseezeitung.it\/gardaseezeitung_new\/de\/wp-json\/wp\/v2\/tags?post=18760"},{"taxonomy":"news-destination","embeddable":true,"href":"https:\/\/www.gardaseezeitung.it\/gardaseezeitung_new\/de\/wp-json\/wp\/v2\/news-destination?post=18760"},{"taxonomy":"news-source","embeddable":true,"href":"https:\/\/www.gardaseezeitung.it\/gardaseezeitung_new\/de\/wp-json\/wp\/v2\/news-source?post=18760"},{"taxonomy":"is_homepage","embeddable":true,"href":"https:\/\/www.gardaseezeitung.it\/gardaseezeitung_new\/de\/wp-json\/wp\/v2\/is_homepage?post=18760"},{"taxonomy":"ta_other","embeddable":true,"href":"https:\/\/www.gardaseezeitung.it\/gardaseezeitung_new\/de\/wp-json\/wp\/v2\/ta_other?post=18760"}],"curies":[{"name":"wp","href":"https:\/\/api.w.org\/{rel}","templated":true}]}}