{"id":18805,"date":"2026-01-11T00:17:12","date_gmt":"2026-01-10T23:17:12","guid":{"rendered":"https:\/\/euwps05.newsmemory.com\/gardaseezeitung_new\/de\/2026\/01\/08\/expo-riva-schuh-und-gardabags-vom-10-bis-12-januar-riva-findet-die-messe-2026-statt\/"},"modified":"2026-01-12T12:49:16","modified_gmt":"2026-01-12T11:49:16","slug":"expo-riva-schuh-und-gardabags-vom-10-bis-12-januar-riva-findet-die-messe-2026-statt","status":"publish","type":"post","link":"https:\/\/www.gardaseezeitung.it\/2026\/01\/11\/expo-riva-schuh-und-gardabags-vom-10-bis-12-januar-riva-findet-die-messe-2026-statt\/","title":{"rendered":"Expo Riva Schuh und Gardabags, vom 10. bis 12. Januar in Riva findet die Messe 2026 statt"},"content":{"rendered":"<p>&nbsp;<\/p>\n<p>Die Veranstaltung wird von Riva del Garda Fierecongressi organisiert. Unter den ausstellenden Unternehmen sind 41 L\u00e4nder vertreten, w\u00e4hrend die Fachbesucher aus \u00fcber 100 L\u00e4ndern kommen, was die Messe als globale Plattform f\u00fcr das Zusammentreffen von Angebot und Nachfrage best\u00e4tigt. Die Expo Riva Schuh best\u00e4tigt sich als absoluter Bezugspunkt f\u00fcr die Schuhbranche, w\u00e4hrend die Gardabags ihre Rolle im Bereich Taschen, Lederwaren, Reisegep\u00e4ck und Modeaccessoires st\u00e4rkt, indem sie ihr Angebot erweitert und verschiedene Gesch\u00e4ftsmodelle und Vertriebskan\u00e4le abdeckt.<\/p>\n<p>Die Expo Riva Schuh und Gardabags ist vom 10. bis 12. Januar von 9:00 bis 18:00 Uhr f\u00fcr Fachbesucher ge\u00f6ffnet; am 13. Januar von 9:00 bis 16:00 Uhr. Veranstaltungsort ist das Messezentrum Riva del Garda im Stadtteil Baltera, dem Messezentrum der Stadt und Bezugspunkt f\u00fcr gro\u00dfe internationale Veranstaltungen.<\/p>\n<p>&nbsp;<\/p>\n","protected":false},"excerpt":{"rendered":"<p>In Riva findet die bedeutendste internationale Messe f\u00fcr Hersteller, Eink\u00e4ufer und H\u00e4ndler statt<\/p>\n","protected":false},"author":9,"featured_media":15662,"comment_status":"open","ping_status":"open","sticky":false,"template":"","format":"standard","meta":[],"categories":[2,6],"tags":[5846,5847,23,26,221],"news-destination":[],"news-source":[],"is_homepage":[5577],"ta_other":[],"featured_media_details":{"width":1200,"height":800,"file":"2024\/01\/Expo-Riva-Schuh-_-Gardabags-2023_8-1.jpg","sizes":{"thumbnail":{"file":"Expo-Riva-Schuh-_-Gardabags-2023_8-1-150x150.jpg","width":150,"height":150,"mime-type":"image\/jpeg","source_url":"https:\/\/www.gardaseezeitung.it\/gardaseezeitung_new\/de\/wp-content\/uploads\/sites\/2\/2024\/01\/Expo-Riva-Schuh-_-Gardabags-2023_8-1-150x150.jpg"},"medium":{"file":"Expo-Riva-Schuh-_-Gardabags-2023_8-1-300x200.jpg","width":300,"height":200,"mime-type":"image\/jpeg","source_url":"https:\/\/www.gardaseezeitung.it\/gardaseezeitung_new\/de\/wp-content\/uploads\/sites\/2\/2024\/01\/Expo-Riva-Schuh-_-Gardabags-2023_8-1-300x200.jpg"},"medium_large":{"file":"Expo-Riva-Schuh-_-Gardabags-2023_8-1-768x512.jpg","width":768,"height":512,"mime-type":"image\/jpeg","source_url":"https:\/\/www.gardaseezeitung.it\/gardaseezeitung_new\/de\/wp-content\/uploads\/sites\/2\/2024\/01\/Expo-Riva-Schuh-_-Gardabags-2023_8-1-768x512.jpg"},"large":{"file":"Expo-Riva-Schuh-_-Gardabags-2023_8-1-1024x683.jpg","width":1024,"height":683,"mime-type":"image\/jpeg","source_url":"https:\/\/www.gardaseezeitung.it\/gardaseezeitung_new\/de\/wp-content\/uploads\/sites\/2\/2024\/01\/Expo-Riva-Schuh-_-Gardabags-2023_8-1-1024x683.jpg"},"big_image":{"file":"Expo-Riva-Schuh-_-Gardabags-2023_8-1-750x500.jpg","width":750,"height":500,"mime-type":"image\/jpeg","source_url":"https:\/\/www.gardaseezeitung.it\/gardaseezeitung_new\/de\/wp-content\/uploads\/sites\/2\/2024\/01\/Expo-Riva-Schuh-_-Gardabags-2023_8-1-750x500.jpg"},"guest-author-32":{"file":"Expo-Riva-Schuh-_-Gardabags-2023_8-1-32x32.jpg","width":32,"height":32,"mime-type":"image\/jpeg","source_url":"https:\/\/www.gardaseezeitung.it\/gardaseezeitung_new\/de\/wp-content\/uploads\/sites\/2\/2024\/01\/Expo-Riva-Schuh-_-Gardabags-2023_8-1-32x32.jpg"},"guest-author-50":{"file":"Expo-Riva-Schuh-_-Gardabags-2023_8-1-50x50.jpg","width":50,"height":50,"mime-type":"image\/jpeg","source_url":"https:\/\/www.gardaseezeitung.it\/gardaseezeitung_new\/de\/wp-content\/uploads\/sites\/2\/2024\/01\/Expo-Riva-Schuh-_-Gardabags-2023_8-1-50x50.jpg"},"guest-author-64":{"file":"Expo-Riva-Schuh-_-Gardabags-2023_8-1-64x64.jpg","width":64,"height":64,"mime-type":"image\/jpeg","source_url":"https:\/\/www.gardaseezeitung.it\/gardaseezeitung_new\/de\/wp-content\/uploads\/sites\/2\/2024\/01\/Expo-Riva-Schuh-_-Gardabags-2023_8-1-64x64.jpg"},"guest-author-96":{"file":"Expo-Riva-Schuh-_-Gardabags-2023_8-1-96x96.jpg","width":96,"height":96,"mime-type":"image\/jpeg","source_url":"https:\/\/www.gardaseezeitung.it\/gardaseezeitung_new\/de\/wp-content\/uploads\/sites\/2\/2024\/01\/Expo-Riva-Schuh-_-Gardabags-2023_8-1-96x96.jpg"},"guest-author-128":{"file":"Expo-Riva-Schuh-_-Gardabags-2023_8-1-128x128.jpg","width":128,"height":128,"mime-type":"image\/jpeg","source_url":"https:\/\/www.gardaseezeitung.it\/gardaseezeitung_new\/de\/wp-content\/uploads\/sites\/2\/2024\/01\/Expo-Riva-Schuh-_-Gardabags-2023_8-1-128x128.jpg"},"full":{"file":"Expo-Riva-Schuh-_-Gardabags-2023_8-1.jpg","width":1200,"height":800,"mime_type":"","source_url":"https:\/\/www.gardaseezeitung.it\/gardaseezeitung_new\/de\/wp-content\/uploads\/sites\/2\/2024\/01\/Expo-Riva-Schuh-_-Gardabags-2023_8-1.jpg"}},"image_meta":{"aperture":"0","credit":"","camera":"","caption":"","created_timestamp":"0","copyright":"","focal_length":"0","iso":"0","shutter_speed":"0","title":"","orientation":"0","keywords":[]}},"_links":{"self":[{"href":"https:\/\/www.gardaseezeitung.it\/gardaseezeitung_new\/de\/wp-json\/wp\/v2\/posts\/18805"}],"collection":[{"href":"https:\/\/www.gardaseezeitung.it\/gardaseezeitung_new\/de\/wp-json\/wp\/v2\/posts"}],"about":[{"href":"https:\/\/www.gardaseezeitung.it\/gardaseezeitung_new\/de\/wp-json\/wp\/v2\/types\/post"}],"author":[{"embeddable":true,"href":"https:\/\/www.gardaseezeitung.it\/gardaseezeitung_new\/de\/wp-json\/wp\/v2\/users\/9"}],"replies":[{"embeddable":true,"href":"https:\/\/www.gardaseezeitung.it\/gardaseezeitung_new\/de\/wp-json\/wp\/v2\/comments?post=18805"}],"version-history":[{"count":2,"href":"https:\/\/www.gardaseezeitung.it\/gardaseezeitung_new\/de\/wp-json\/wp\/v2\/posts\/18805\/revisions"}],"predecessor-version":[{"id":18807,"href":"https:\/\/www.gardaseezeitung.it\/gardaseezeitung_new\/de\/wp-json\/wp\/v2\/posts\/18805\/revisions\/18807"}],"wp:featuredmedia":[{"embeddable":true,"href":"https:\/\/www.gardaseezeitung.it\/gardaseezeitung_new\/de\/wp-json\/wp\/v2\/media\/15662"}],"wp:attachment":[{"href":"https:\/\/www.gardaseezeitung.it\/gardaseezeitung_new\/de\/wp-json\/wp\/v2\/media?parent=18805"}],"wp:term":[{"taxonomy":"category","embeddable":true,"href":"https:\/\/www.gardaseezeitung.it\/gardaseezeitung_new\/de\/wp-json\/wp\/v2\/categories?post=18805"},{"taxonomy":"post_tag","embeddable":true,"href":"https:\/\/www.gardaseezeitung.it\/gardaseezeitung_new\/de\/wp-json\/wp\/v2\/tags?post=18805"},{"taxonomy":"news-destination","embeddable":true,"href":"https:\/\/www.gardaseezeitung.it\/gardaseezeitung_new\/de\/wp-json\/wp\/v2\/news-destination?post=18805"},{"taxonomy":"news-source","embeddable":true,"href":"https:\/\/www.gardaseezeitung.it\/gardaseezeitung_new\/de\/wp-json\/wp\/v2\/news-source?post=18805"},{"taxonomy":"is_homepage","embeddable":true,"href":"https:\/\/www.gardaseezeitung.it\/gardaseezeitung_new\/de\/wp-json\/wp\/v2\/is_homepage?post=18805"},{"taxonomy":"ta_other","embeddable":true,"href":"https:\/\/www.gardaseezeitung.it\/gardaseezeitung_new\/de\/wp-json\/wp\/v2\/ta_other?post=18805"}],"curies":[{"name":"wp","href":"https:\/\/api.w.org\/{rel}","templated":true}]}}