{"id":18836,"date":"2026-01-23T19:10:16","date_gmt":"2026-01-23T18:10:16","guid":{"rendered":"https:\/\/euwps05.newsmemory.com\/gardaseezeitung_new\/de\/2026\/01\/23\/motor-bike-expo-vom-23-bis-25-januar-droehnen-verona-die-motoren\/"},"modified":"2026-01-23T19:10:19","modified_gmt":"2026-01-23T18:10:19","slug":"motor-bike-expo-vom-23-bis-25-januar-droehnen-verona-die-motoren","status":"publish","type":"post","link":"https:\/\/www.gardaseezeitung.it\/2026\/01\/23\/motor-bike-expo-vom-23-bis-25-januar-droehnen-verona-die-motoren\/","title":{"rendered":"Motor Bike Expo: Vom 23. bis 25. Januar dr\u00f6hnen in Verona die Motoren"},"content":{"rendered":"<p>&nbsp;<\/p>\n<p>Heute findet in der Veronafiere die Er\u00f6ffnung der Motor Bike Expo 2026 statt, die offiziell die neue Motorradsaison mit einer Ausgabe er\u00f6ffnet, die als eine der gr\u00f6\u00dften und umfassendsten aller Zeiten angek\u00fcndigt wird. Von heute bis Sonntag wird Verona zum Nervenzentrum des weltweiten Motorradsports, mit acht Themenhallen und sechs gro\u00dfen Au\u00dfenbereichen, die Shows, Wettbewerben und Testfahrten gewidmet sind.<\/p>\n<p>Die Zahlen sprechen f\u00fcr eine stetig wachsende Veranstaltung: \u00fcber 700 Aussteller aus mehr als 20 L\u00e4ndern, 120.000 Quadratmeter Ausstellungsfl\u00e4che und 33 offizielle Motorradhersteller, die bereit sind, Weltpremieren und strategische Neuheiten vorzustellen. Im Mittelpunkt steht traditionsgem\u00e4\u00df die Welt der Custom-Bikes mit einigen der besten handwerklichen Kreationen auf internationaler Ebene.<\/p>\n<p>&nbsp;<\/p>\n","protected":false},"excerpt":{"rendered":"<p>Bis Sonntag, den 25. Januar, ist Verona mit \u00fcber 700 Ausstellern das Zentrum des weltweiten Motorradsports<\/p>\n","protected":false},"author":9,"featured_media":18835,"comment_status":"open","ping_status":"open","sticky":false,"template":"","format":"standard","meta":[],"categories":[2,4,6],"tags":[23,26,958,38,518],"news-destination":[],"news-source":[],"is_homepage":[5577],"ta_other":[],"featured_media_details":{"width":1024,"height":682,"file":"2026\/01\/Screenshot-2026-01-23-alle-18.53.17.png","sizes":{"medium":{"file":"Screenshot-2026-01-23-alle-18.53.17-300x200.png","width":300,"height":200,"mime-type":"image\/png","source_url":"https:\/\/www.gardaseezeitung.it\/gardaseezeitung_new\/de\/wp-content\/uploads\/sites\/2\/2026\/01\/Screenshot-2026-01-23-alle-18.53.17-300x200.png"},"thumbnail":{"file":"Screenshot-2026-01-23-alle-18.53.17-150x150.png","width":150,"height":150,"mime-type":"image\/png","source_url":"https:\/\/www.gardaseezeitung.it\/gardaseezeitung_new\/de\/wp-content\/uploads\/sites\/2\/2026\/01\/Screenshot-2026-01-23-alle-18.53.17-150x150.png"},"medium_large":{"file":"Screenshot-2026-01-23-alle-18.53.17-768x512.png","width":768,"height":512,"mime-type":"image\/png","source_url":"https:\/\/www.gardaseezeitung.it\/gardaseezeitung_new\/de\/wp-content\/uploads\/sites\/2\/2026\/01\/Screenshot-2026-01-23-alle-18.53.17-768x512.png"},"big_image":{"file":"Screenshot-2026-01-23-alle-18.53.17-750x500.png","width":750,"height":500,"mime-type":"image\/png","source_url":"https:\/\/www.gardaseezeitung.it\/gardaseezeitung_new\/de\/wp-content\/uploads\/sites\/2\/2026\/01\/Screenshot-2026-01-23-alle-18.53.17-750x500.png"},"full":{"file":"Screenshot-2026-01-23-alle-18.53.17.png","width":1024,"height":682,"mime_type":"","source_url":"https:\/\/www.gardaseezeitung.it\/gardaseezeitung_new\/de\/wp-content\/uploads\/sites\/2\/2026\/01\/Screenshot-2026-01-23-alle-18.53.17.png"}},"image_meta":{"aperture":"0","credit":"","camera":"","caption":"","created_timestamp":"0","copyright":"","focal_length":"0","iso":"0","shutter_speed":"0","title":"","orientation":"0","keywords":[]}},"_links":{"self":[{"href":"https:\/\/www.gardaseezeitung.it\/gardaseezeitung_new\/de\/wp-json\/wp\/v2\/posts\/18836"}],"collection":[{"href":"https:\/\/www.gardaseezeitung.it\/gardaseezeitung_new\/de\/wp-json\/wp\/v2\/posts"}],"about":[{"href":"https:\/\/www.gardaseezeitung.it\/gardaseezeitung_new\/de\/wp-json\/wp\/v2\/types\/post"}],"author":[{"embeddable":true,"href":"https:\/\/www.gardaseezeitung.it\/gardaseezeitung_new\/de\/wp-json\/wp\/v2\/users\/9"}],"replies":[{"embeddable":true,"href":"https:\/\/www.gardaseezeitung.it\/gardaseezeitung_new\/de\/wp-json\/wp\/v2\/comments?post=18836"}],"version-history":[{"count":0,"href":"https:\/\/www.gardaseezeitung.it\/gardaseezeitung_new\/de\/wp-json\/wp\/v2\/posts\/18836\/revisions"}],"wp:featuredmedia":[{"embeddable":true,"href":"https:\/\/www.gardaseezeitung.it\/gardaseezeitung_new\/de\/wp-json\/wp\/v2\/media\/18835"}],"wp:attachment":[{"href":"https:\/\/www.gardaseezeitung.it\/gardaseezeitung_new\/de\/wp-json\/wp\/v2\/media?parent=18836"}],"wp:term":[{"taxonomy":"category","embeddable":true,"href":"https:\/\/www.gardaseezeitung.it\/gardaseezeitung_new\/de\/wp-json\/wp\/v2\/categories?post=18836"},{"taxonomy":"post_tag","embeddable":true,"href":"https:\/\/www.gardaseezeitung.it\/gardaseezeitung_new\/de\/wp-json\/wp\/v2\/tags?post=18836"},{"taxonomy":"news-destination","embeddable":true,"href":"https:\/\/www.gardaseezeitung.it\/gardaseezeitung_new\/de\/wp-json\/wp\/v2\/news-destination?post=18836"},{"taxonomy":"news-source","embeddable":true,"href":"https:\/\/www.gardaseezeitung.it\/gardaseezeitung_new\/de\/wp-json\/wp\/v2\/news-source?post=18836"},{"taxonomy":"is_homepage","embeddable":true,"href":"https:\/\/www.gardaseezeitung.it\/gardaseezeitung_new\/de\/wp-json\/wp\/v2\/is_homepage?post=18836"},{"taxonomy":"ta_other","embeddable":true,"href":"https:\/\/www.gardaseezeitung.it\/gardaseezeitung_new\/de\/wp-json\/wp\/v2\/ta_other?post=18836"}],"curies":[{"name":"wp","href":"https:\/\/api.w.org\/{rel}","templated":true}]}}