{"id":18899,"date":"2026-03-05T16:32:46","date_gmt":"2026-03-05T15:32:46","guid":{"rendered":"https:\/\/euwps05.newsmemory.com\/gardaseezeitung_new\/de\/2026\/03\/05\/villa-san-vigliio-oeffnet-ihre-pforten-fuer-das-prokejt-lumen\/"},"modified":"2026-03-05T16:35:39","modified_gmt":"2026-03-05T15:35:39","slug":"villa-san-vigliio-oeffnet-ihre-pforten-fuer-das-prokejt-lumen","status":"publish","type":"post","link":"https:\/\/www.gardaseezeitung.it\/2026\/03\/05\/villa-san-vigliio-oeffnet-ihre-pforten-fuer-das-prokejt-lumen\/","title":{"rendered":"Villa San Vigilio \u00f6ffnet ihre Pforten f\u00fcr das Prokejt \u201eLUMEN\u201c"},"content":{"rendered":"<p>&nbsp;<\/p>\n<p>Die Villa San Vigilio in Garda, auch bekannt als Villa Guarienti, \u00f6ffnet erstmals ihre Pforten f\u00fcr die \u00d6ffentlichkeit und erm\u00f6glicht es Besuchern, die Sch\u00f6nheit der Renaissancekunst in diesem historischen Anwesen am Gardasee zu entdecken, das dem Scaliger-Architekten Michele Sanmicheli zugeschrieben wird. M\u00f6glich wird dies durch die Partnerschaft mit der Gaspari Foundation, einer vom Unternehmer Giuseppe Gaspari aus Verona gegr\u00fcndeten Stiftung. Geplant ist eine neue Kulturveranstaltungsreihe \u2013 die erste, die von der Familie Guarienti di Brenzone ausgerichtet wird. Ihr Titel lautet \u201eLUMEN\u201c. Die Reihe umfasst vier Konzerte, eines f\u00fcr jede Jahreszeit, die vom international renommierten Kammerorchester L\u2019Appassionata im zentralen Saal der Villa aufgef\u00fchrt werden.<\/p>\n<p>Im Rahmen der Initiative sind zudem zwei F\u00fchrungen durch die Villa mit Blick auf das \u201ePortofino del Garda\u201c vorgesehen, um 17.00 Uhr und 17.30 Uhr. Im Anschluss folgt das Konzert.<\/p>\n<p>Der Konzertzyklus beginnt am Sonntag, dem 8. M\u00e4rz, um 18 Uhr mit \u201eVivaldi und der ewige Fr\u00fchling\u201c, einer Hommage an den \u201eRoten Priester\u201c. Auf dem Programm stehen zwei seiner Opernsinfonien, \u201eL\u2019Olimpiade\u201c (RV 725) und \u201eIl Coro delle Muse\u201c (RV 149). Als Solisten treten Tommaso Benciolini (Fl\u00f6te) und Iren\u00e8 Fiorito (Violine) auf. Benciolini spielt seltene Werke des venezianischen Komponisten, die er bereits f\u00fcr Sony Classical unter dem Titel \u201eL\u2019Appassionata\u201c aufgenommen hat. Fiorito interpretiert die legend\u00e4ren Vier Jahreszeiten mit der Frische der heutigen Generation.<\/p>\n<p>Das Projekt \u201eLUMEN\u201c, das Geschichte, Kunst, Kultur und Region miteinander verbindet, verspricht eine eindrucksvolle Reise in die Sch\u00f6nheit des Gardasees und einen Dialog zwischen den poetischsten Ausdrucksformen der Menschheit und den unvergleichlichen Spiegelungen des Sees. Karten sind bei Boxoffice in der Via Pallone in Verona oder online erh\u00e4ltlich. Weitere Informationen unter amministrazione@villasanvigilio.com.<\/p>\n<p>&nbsp;<\/p>\n","protected":false},"excerpt":{"rendered":"<p>Im Rahmen der Initiative sind zudem zwei F\u00fchrungen durch die Villa mit Blick auf das \u201ePortofino del Garda\u201c vorgesehen, um 17.00 Uhr und 17.30 Uhr<\/p>\n","protected":false},"author":9,"featured_media":18898,"comment_status":"open","ping_status":"open","sticky":false,"template":"","format":"standard","meta":[],"categories":[6],"tags":[177,23,26,5883,5884,5771,5885],"news-destination":[],"news-source":[],"is_homepage":[5577],"ta_other":[],"featured_media_details":{"width":1000,"height":714,"file":"2026\/03\/villa-san-vigilio.jpg","sizes":{"medium":{"file":"villa-san-vigilio-300x214.jpg","width":300,"height":214,"mime-type":"image\/jpeg","source_url":"https:\/\/www.gardaseezeitung.it\/gardaseezeitung_new\/de\/wp-content\/uploads\/sites\/2\/2026\/03\/villa-san-vigilio-300x214.jpg"},"thumbnail":{"file":"villa-san-vigilio-150x150.jpg","width":150,"height":150,"mime-type":"image\/jpeg","source_url":"https:\/\/www.gardaseezeitung.it\/gardaseezeitung_new\/de\/wp-content\/uploads\/sites\/2\/2026\/03\/villa-san-vigilio-150x150.jpg"},"medium_large":{"file":"villa-san-vigilio-768x548.jpg","width":768,"height":548,"mime-type":"image\/jpeg","source_url":"https:\/\/www.gardaseezeitung.it\/gardaseezeitung_new\/de\/wp-content\/uploads\/sites\/2\/2026\/03\/villa-san-vigilio-768x548.jpg"},"big_image":{"file":"villa-san-vigilio-750x536.jpg","width":750,"height":536,"mime-type":"image\/jpeg","source_url":"https:\/\/www.gardaseezeitung.it\/gardaseezeitung_new\/de\/wp-content\/uploads\/sites\/2\/2026\/03\/villa-san-vigilio-750x536.jpg"},"full":{"file":"villa-san-vigilio.jpg","width":1000,"height":714,"mime_type":"","source_url":"https:\/\/www.gardaseezeitung.it\/gardaseezeitung_new\/de\/wp-content\/uploads\/sites\/2\/2026\/03\/villa-san-vigilio.jpg"}},"image_meta":{"aperture":"0","credit":"","camera":"","caption":"","created_timestamp":"1727794054","copyright":"","focal_length":"0","iso":"0","shutter_speed":"0","title":"","orientation":"1","keywords":[]}},"_links":{"self":[{"href":"https:\/\/www.gardaseezeitung.it\/gardaseezeitung_new\/de\/wp-json\/wp\/v2\/posts\/18899"}],"collection":[{"href":"https:\/\/www.gardaseezeitung.it\/gardaseezeitung_new\/de\/wp-json\/wp\/v2\/posts"}],"about":[{"href":"https:\/\/www.gardaseezeitung.it\/gardaseezeitung_new\/de\/wp-json\/wp\/v2\/types\/post"}],"author":[{"embeddable":true,"href":"https:\/\/www.gardaseezeitung.it\/gardaseezeitung_new\/de\/wp-json\/wp\/v2\/users\/9"}],"replies":[{"embeddable":true,"href":"https:\/\/www.gardaseezeitung.it\/gardaseezeitung_new\/de\/wp-json\/wp\/v2\/comments?post=18899"}],"version-history":[{"count":1,"href":"https:\/\/www.gardaseezeitung.it\/gardaseezeitung_new\/de\/wp-json\/wp\/v2\/posts\/18899\/revisions"}],"predecessor-version":[{"id":18900,"href":"https:\/\/www.gardaseezeitung.it\/gardaseezeitung_new\/de\/wp-json\/wp\/v2\/posts\/18899\/revisions\/18900"}],"wp:featuredmedia":[{"embeddable":true,"href":"https:\/\/www.gardaseezeitung.it\/gardaseezeitung_new\/de\/wp-json\/wp\/v2\/media\/18898"}],"wp:attachment":[{"href":"https:\/\/www.gardaseezeitung.it\/gardaseezeitung_new\/de\/wp-json\/wp\/v2\/media?parent=18899"}],"wp:term":[{"taxonomy":"category","embeddable":true,"href":"https:\/\/www.gardaseezeitung.it\/gardaseezeitung_new\/de\/wp-json\/wp\/v2\/categories?post=18899"},{"taxonomy":"post_tag","embeddable":true,"href":"https:\/\/www.gardaseezeitung.it\/gardaseezeitung_new\/de\/wp-json\/wp\/v2\/tags?post=18899"},{"taxonomy":"news-destination","embeddable":true,"href":"https:\/\/www.gardaseezeitung.it\/gardaseezeitung_new\/de\/wp-json\/wp\/v2\/news-destination?post=18899"},{"taxonomy":"news-source","embeddable":true,"href":"https:\/\/www.gardaseezeitung.it\/gardaseezeitung_new\/de\/wp-json\/wp\/v2\/news-source?post=18899"},{"taxonomy":"is_homepage","embeddable":true,"href":"https:\/\/www.gardaseezeitung.it\/gardaseezeitung_new\/de\/wp-json\/wp\/v2\/is_homepage?post=18899"},{"taxonomy":"ta_other","embeddable":true,"href":"https:\/\/www.gardaseezeitung.it\/gardaseezeitung_new\/de\/wp-json\/wp\/v2\/ta_other?post=18899"}],"curies":[{"name":"wp","href":"https:\/\/api.w.org\/{rel}","templated":true}]}}