{"id":18964,"date":"2026-03-29T00:04:16","date_gmt":"2026-03-28T23:04:16","guid":{"rendered":"https:\/\/euwps06.newsmemory.com\/gardaseezeitung_new\/de\/2026\/03\/29\/vom-4-bis-6-april-kehrt-der-vivi-vintage-market-nach-lazise-zurueck\/"},"modified":"2026-03-29T00:05:10","modified_gmt":"2026-03-28T23:05:10","slug":"vom-4-bis-6-april-kehrt-der-vivi-vintage-market-nach-lazise-zurueck","status":"publish","type":"post","link":"https:\/\/www.gardaseezeitung.it\/2026\/03\/29\/vom-4-bis-6-april-kehrt-der-vivi-vintage-market-nach-lazise-zurueck\/","title":{"rendered":"Vom 4. bis 6. April kehrt der Vivi Vintage Market nach Lazise zur\u00fcck"},"content":{"rendered":"<p>&nbsp;<\/p>\n<p>&nbsp;<\/p>\n<p>Drei Tage lang verwandelt sich Lazise in ein kleines Paradies f\u00fcr alle, die es lieben, einzigartige Objekte, Vintage-Kleidung und Kuriosit\u00e4ten aus vergangenen Jahrzehnten zu entdecken. In der eindrucksvollen Dogana Veneta, die direkt am Porto Vecchio liegt, findet eine gro\u00dfe Messe statt, die eine echte Reise durch Geschichten, Erinnerungen und Stile darstellt, die weiterhin verschiedene Generationen faszinieren: elegante Kleider, ikonische Accessoires, Schallplatten, Designerm\u00f6bel und Sammlerst\u00fccke, die von l\u00e4ngst vergangenen Epochen erz\u00e4hlen.<\/p>\n<p>Modefans finden hier originale Vintage-Kleidung, Taschen und Accessoires, die den Stil ganzer Jahrzehnte gepr\u00e4gt haben, w\u00e4hrend Musikliebhaber in Sammlungen von Schallplatten und musikalischen Rarit\u00e4ten st\u00f6bern k\u00f6nnen. Auch Designerst\u00fccke und Dekoartikel d\u00fcrfen nicht fehlen \u2013 perfekt f\u00fcr alle, die ihrem Zuhause einen Retro-Touch voller Pers\u00f6nlichkeit verleihen m\u00f6chten. Im Mittelpunkt der Veranstaltung stehen \u00fcber 30 spezialisierte Aussteller, die ausgew\u00e4hlt wurden, um ein authentisches und hochwertiges Angebot zu pr\u00e4sentieren.<\/p>\n<p>Der Vivi Vintage Market findet von Freitag, dem 4. bis Sonntag, dem 6. April 2026 in der Dogana Veneta in Lazise statt.<br \/>\nDie Veranstaltung ist von 10.00 bis 20.00 Uhr ge\u00f6ffnet, der Eintritt ist frei.<\/p>\n<p>&nbsp;<\/p>\n","protected":false},"excerpt":{"rendered":"<p>Die historische Dogana Veneta wird Schauplatz einer neuen Ausgabe des Vivi Vintage Market sein, einer Vintage-Messe<\/p>\n","protected":false},"author":9,"featured_media":11945,"comment_status":"open","ping_status":"open","sticky":false,"template":"","format":"standard","meta":[],"categories":[2,4,3],"tags":[23,26,343,329],"news-destination":[],"news-source":[],"is_homepage":[5575],"ta_other":[],"featured_media_details":{"width":900,"height":600,"file":"2022\/11\/VINTAGE-copia.jpg","sizes":{"thumbnail":{"file":"VINTAGE-copia-150x150.jpg","width":150,"height":150,"mime-type":"image\/jpeg","source_url":"https:\/\/www.gardaseezeitung.it\/gardaseezeitung_new\/de\/wp-content\/uploads\/sites\/2\/2022\/11\/VINTAGE-copia-150x150.jpg"},"medium":{"file":"VINTAGE-copia-300x200.jpg","width":300,"height":200,"mime-type":"image\/jpeg","source_url":"https:\/\/www.gardaseezeitung.it\/gardaseezeitung_new\/de\/wp-content\/uploads\/sites\/2\/2022\/11\/VINTAGE-copia-300x200.jpg"},"medium_large":{"file":"VINTAGE-copia-768x512.jpg","width":768,"height":512,"mime-type":"image\/jpeg","source_url":"https:\/\/www.gardaseezeitung.it\/gardaseezeitung_new\/de\/wp-content\/uploads\/sites\/2\/2022\/11\/VINTAGE-copia-768x512.jpg"},"big_image":{"file":"VINTAGE-copia-750x500.jpg","width":750,"height":500,"mime-type":"image\/jpeg","source_url":"https:\/\/www.gardaseezeitung.it\/gardaseezeitung_new\/de\/wp-content\/uploads\/sites\/2\/2022\/11\/VINTAGE-copia-750x500.jpg"},"guest-author-32":{"file":"VINTAGE-copia-32x32.jpg","width":32,"height":32,"mime-type":"image\/jpeg","source_url":"https:\/\/www.gardaseezeitung.it\/gardaseezeitung_new\/de\/wp-content\/uploads\/sites\/2\/2022\/11\/VINTAGE-copia-32x32.jpg"},"guest-author-50":{"file":"VINTAGE-copia-50x50.jpg","width":50,"height":50,"mime-type":"image\/jpeg","source_url":"https:\/\/www.gardaseezeitung.it\/gardaseezeitung_new\/de\/wp-content\/uploads\/sites\/2\/2022\/11\/VINTAGE-copia-50x50.jpg"},"guest-author-64":{"file":"VINTAGE-copia-64x64.jpg","width":64,"height":64,"mime-type":"image\/jpeg","source_url":"https:\/\/www.gardaseezeitung.it\/gardaseezeitung_new\/de\/wp-content\/uploads\/sites\/2\/2022\/11\/VINTAGE-copia-64x64.jpg"},"guest-author-96":{"file":"VINTAGE-copia-96x96.jpg","width":96,"height":96,"mime-type":"image\/jpeg","source_url":"https:\/\/www.gardaseezeitung.it\/gardaseezeitung_new\/de\/wp-content\/uploads\/sites\/2\/2022\/11\/VINTAGE-copia-96x96.jpg"},"guest-author-128":{"file":"VINTAGE-copia-128x128.jpg","width":128,"height":128,"mime-type":"image\/jpeg","source_url":"https:\/\/www.gardaseezeitung.it\/gardaseezeitung_new\/de\/wp-content\/uploads\/sites\/2\/2022\/11\/VINTAGE-copia-128x128.jpg"},"full":{"file":"VINTAGE-copia.jpg","width":900,"height":600,"mime_type":"","source_url":"https:\/\/www.gardaseezeitung.it\/gardaseezeitung_new\/de\/wp-content\/uploads\/sites\/2\/2022\/11\/VINTAGE-copia.jpg"}},"image_meta":{"aperture":"5.6","credit":"","camera":"E-M10","caption":"","created_timestamp":"1534603628","copyright":"","focal_length":"28","iso":"1250","shutter_speed":"0.033333333333333","title":"","orientation":"1","keywords":[]}},"_links":{"self":[{"href":"https:\/\/www.gardaseezeitung.it\/gardaseezeitung_new\/de\/wp-json\/wp\/v2\/posts\/18964"}],"collection":[{"href":"https:\/\/www.gardaseezeitung.it\/gardaseezeitung_new\/de\/wp-json\/wp\/v2\/posts"}],"about":[{"href":"https:\/\/www.gardaseezeitung.it\/gardaseezeitung_new\/de\/wp-json\/wp\/v2\/types\/post"}],"author":[{"embeddable":true,"href":"https:\/\/www.gardaseezeitung.it\/gardaseezeitung_new\/de\/wp-json\/wp\/v2\/users\/9"}],"replies":[{"embeddable":true,"href":"https:\/\/www.gardaseezeitung.it\/gardaseezeitung_new\/de\/wp-json\/wp\/v2\/comments?post=18964"}],"version-history":[{"count":1,"href":"https:\/\/www.gardaseezeitung.it\/gardaseezeitung_new\/de\/wp-json\/wp\/v2\/posts\/18964\/revisions"}],"predecessor-version":[{"id":18965,"href":"https:\/\/www.gardaseezeitung.it\/gardaseezeitung_new\/de\/wp-json\/wp\/v2\/posts\/18964\/revisions\/18965"}],"wp:featuredmedia":[{"embeddable":true,"href":"https:\/\/www.gardaseezeitung.it\/gardaseezeitung_new\/de\/wp-json\/wp\/v2\/media\/11945"}],"wp:attachment":[{"href":"https:\/\/www.gardaseezeitung.it\/gardaseezeitung_new\/de\/wp-json\/wp\/v2\/media?parent=18964"}],"wp:term":[{"taxonomy":"category","embeddable":true,"href":"https:\/\/www.gardaseezeitung.it\/gardaseezeitung_new\/de\/wp-json\/wp\/v2\/categories?post=18964"},{"taxonomy":"post_tag","embeddable":true,"href":"https:\/\/www.gardaseezeitung.it\/gardaseezeitung_new\/de\/wp-json\/wp\/v2\/tags?post=18964"},{"taxonomy":"news-destination","embeddable":true,"href":"https:\/\/www.gardaseezeitung.it\/gardaseezeitung_new\/de\/wp-json\/wp\/v2\/news-destination?post=18964"},{"taxonomy":"news-source","embeddable":true,"href":"https:\/\/www.gardaseezeitung.it\/gardaseezeitung_new\/de\/wp-json\/wp\/v2\/news-source?post=18964"},{"taxonomy":"is_homepage","embeddable":true,"href":"https:\/\/www.gardaseezeitung.it\/gardaseezeitung_new\/de\/wp-json\/wp\/v2\/is_homepage?post=18964"},{"taxonomy":"ta_other","embeddable":true,"href":"https:\/\/www.gardaseezeitung.it\/gardaseezeitung_new\/de\/wp-json\/wp\/v2\/ta_other?post=18964"}],"curies":[{"name":"wp","href":"https:\/\/api.w.org\/{rel}","templated":true}]}}