{"id":18971,"date":"2026-03-31T14:22:12","date_gmt":"2026-03-31T12:22:12","guid":{"rendered":"https:\/\/euwps06.newsmemory.com\/gardaseezeitung_new\/de\/2026\/03\/31\/volkswagen-und-die-fondazione-arena-di-verona-feiern-20-jahre-technische-partnerschaft\/"},"modified":"2026-03-31T14:28:44","modified_gmt":"2026-03-31T12:28:44","slug":"volkswagen-und-die-fondazione-arena-di-verona-feiern-20-jahre-technische-partnerschaft","status":"publish","type":"post","link":"https:\/\/www.gardaseezeitung.it\/2026\/03\/31\/volkswagen-und-die-fondazione-arena-di-verona-feiern-20-jahre-technische-partnerschaft\/","title":{"rendered":"Volkswagen und die Fondazione Arena di Verona feiern 20 Jahre technische Partnerschaft"},"content":{"rendered":"<p>&nbsp;<\/p>\n<p>Wie jedes Jahr ist Volkswagen Group Italia Automobilpartner des Opernfestivals der Arena di Verona, das in seiner 103. Ausgabe ein hochkar\u00e4tiges Programm mit 6 Operntiteln, \u00fcber 80 internationalen K\u00fcnstlern und insgesamt 52 Veranstaltungen aus den Bereichen Oper, Ballett und Sonderveranstaltungen pr\u00e4sentiert. Auf der B\u00fchne werden sich weltber\u00fchmte S\u00e4nger und Dirigenten abwechseln, flankiert von neuen Talenten, die ihr Deb\u00fct auf der B\u00fchne der Arena geben. Die 2006 begonnene Zusammenarbeit zwischen Volkswagen und der Fondazione Arena di Verona erreicht in diesem Jahr einen besonders bedeutenden Meilenstein und festigt sich als einer der Eckpfeiler der Aktivit\u00e4ten im Bereich Cultural Engagement und Corporate Social Responsibility von Volkswagen Group Italia.<\/p>\n<p>Das Treffen am Sitz der Volkswagen Group Italia, an dem Cecilia Gasdia, Intendantin der Fondazione Arena, und Stefano Trespidi, stellvertretender k\u00fcnstlerischer Leiter, teilnahmen, bot auch Gelegenheit zur \u00dcbergabe der Schl\u00fcssel f\u00fcr zwei Volkswagen ID Buzz, die der Fondazione Arena di Verona als Shuttle-Service an den Er\u00f6ffnungsabenden der Saison am 12. und 13. Juni zur Verf\u00fcgung stehen werden. Cecilia Gasdia, Intendantin der Fondazione Arena, erkl\u00e4rte: \u201eSponsoren und F\u00f6rderer der Arena di Verona sind in erster Linie M\u00e4zene, die an den kulturellen und k\u00fcnstlerischen Wert der Stiftung glauben und sich der wirtschaftlichen Auswirkungen und der positiven Effekte, die das Festival auf die gesamte Region hat, voll und ganz bewusst sind. Diese zwanzigj\u00e4hrige Partnerschaft erf\u00fcllt uns mit Stolz, denn sie zeugt von einem gemeinsamen Weg und dem gemeinsamen Willen, gemeinsam etwas aufzubauen.\u201c<\/p>\n<p>G\u00fcnther Frena, CFO der Volkswagen Group Italia, erkl\u00e4rte seinerseits: \u201eMit der Feier des zwanzigj\u00e4hrigen Jubil\u00e4ums unserer Zusammenarbeit mit der Fondazione Arena di Verona bekr\u00e4ftigen wir ein Engagement, das f\u00fcr uns von tiefem Wert ist und unsere Identit\u00e4t pr\u00e4gt. Als Zeichen unserer starken Verbundenheit mit der Stadt, die uns seit \u00fcber 50 Jahren beherbergt, unterst\u00fctzen wir weiterhin das Arena di Verona Opera Festival, die Veranstaltung, die seit mehr als einem Jahrhundert den Sommer in Verona belebt und ihr kulturelles Erbe auf die internationale B\u00fchne bringt.\u201c<\/p>\n<p><strong>Der Kern seiner Ausf\u00fchrungen wurde in dem Video bekr\u00e4ftigt, das mit einer Einladung nach Verona endet, die Stadt und das Festspiele zu genie\u00dfen.<\/strong><\/p>\n<p>&nbsp;<\/p>\n<p><iframe loading=\"lazy\" width=\"560\" height=\"315\" src=\"https:\/\/www.youtube.com\/embed\/Ak7JgC9cF8Q?si=wNpiFZXQCK1m8ic8\" title=\"YouTube video player\" frameborder=\"0\" allow=\"accelerometer; autoplay; clipboard-write; encrypted-media; gyroscope; picture-in-picture; web-share\" referrerpolicy=\"strict-origin-when-cross-origin\" allowfullscreen><\/iframe><\/p>\n<p>&nbsp;<\/p>\n","protected":false},"excerpt":{"rendered":"<p>Auch in diesem Jahr stellt Volkswagen die offiziellen Fahrzeuge f\u00fcr das 103. Opernfestival von Verona zur Verf\u00fcgung<\/p>\n","protected":false},"author":9,"featured_media":18972,"comment_status":"open","ping_status":"open","sticky":false,"template":"","format":"standard","meta":[],"categories":[2],"tags":[36,174,23,26,5896,5897,38,5898],"news-destination":[],"news-source":[],"is_homepage":[5575],"ta_other":[],"featured_media_details":{"width":1024,"height":683,"file":"2026\/03\/GZGunther_Frena_Cecilia_Gasdia.jpg","sizes":{"medium":{"file":"GZGunther_Frena_Cecilia_Gasdia-300x200.jpg","width":300,"height":200,"mime-type":"image\/jpeg","source_url":"https:\/\/www.gardaseezeitung.it\/gardaseezeitung_new\/de\/wp-content\/uploads\/sites\/2\/2026\/03\/GZGunther_Frena_Cecilia_Gasdia-300x200.jpg"},"thumbnail":{"file":"GZGunther_Frena_Cecilia_Gasdia-150x150.jpg","width":150,"height":150,"mime-type":"image\/jpeg","source_url":"https:\/\/www.gardaseezeitung.it\/gardaseezeitung_new\/de\/wp-content\/uploads\/sites\/2\/2026\/03\/GZGunther_Frena_Cecilia_Gasdia-150x150.jpg"},"medium_large":{"file":"GZGunther_Frena_Cecilia_Gasdia-768x512.jpg","width":768,"height":512,"mime-type":"image\/jpeg","source_url":"https:\/\/www.gardaseezeitung.it\/gardaseezeitung_new\/de\/wp-content\/uploads\/sites\/2\/2026\/03\/GZGunther_Frena_Cecilia_Gasdia-768x512.jpg"},"big_image":{"file":"GZGunther_Frena_Cecilia_Gasdia-750x500.jpg","width":750,"height":500,"mime-type":"image\/jpeg","source_url":"https:\/\/www.gardaseezeitung.it\/gardaseezeitung_new\/de\/wp-content\/uploads\/sites\/2\/2026\/03\/GZGunther_Frena_Cecilia_Gasdia-750x500.jpg"},"full":{"file":"GZGunther_Frena_Cecilia_Gasdia.jpg","width":1024,"height":683,"mime_type":"","source_url":"https:\/\/www.gardaseezeitung.it\/gardaseezeitung_new\/de\/wp-content\/uploads\/sites\/2\/2026\/03\/GZGunther_Frena_Cecilia_Gasdia.jpg"}},"image_meta":{"aperture":"5.6","credit":"Stefano Valentino        ENNEVIF","camera":"X-H2","caption":"","created_timestamp":"1774888335","copyright":"","focal_length":"16","iso":"160","shutter_speed":"0.00625","title":"","orientation":"1","keywords":[]}},"_links":{"self":[{"href":"https:\/\/www.gardaseezeitung.it\/gardaseezeitung_new\/de\/wp-json\/wp\/v2\/posts\/18971"}],"collection":[{"href":"https:\/\/www.gardaseezeitung.it\/gardaseezeitung_new\/de\/wp-json\/wp\/v2\/posts"}],"about":[{"href":"https:\/\/www.gardaseezeitung.it\/gardaseezeitung_new\/de\/wp-json\/wp\/v2\/types\/post"}],"author":[{"embeddable":true,"href":"https:\/\/www.gardaseezeitung.it\/gardaseezeitung_new\/de\/wp-json\/wp\/v2\/users\/9"}],"replies":[{"embeddable":true,"href":"https:\/\/www.gardaseezeitung.it\/gardaseezeitung_new\/de\/wp-json\/wp\/v2\/comments?post=18971"}],"version-history":[{"count":2,"href":"https:\/\/www.gardaseezeitung.it\/gardaseezeitung_new\/de\/wp-json\/wp\/v2\/posts\/18971\/revisions"}],"predecessor-version":[{"id":18974,"href":"https:\/\/www.gardaseezeitung.it\/gardaseezeitung_new\/de\/wp-json\/wp\/v2\/posts\/18971\/revisions\/18974"}],"wp:featuredmedia":[{"embeddable":true,"href":"https:\/\/www.gardaseezeitung.it\/gardaseezeitung_new\/de\/wp-json\/wp\/v2\/media\/18972"}],"wp:attachment":[{"href":"https:\/\/www.gardaseezeitung.it\/gardaseezeitung_new\/de\/wp-json\/wp\/v2\/media?parent=18971"}],"wp:term":[{"taxonomy":"category","embeddable":true,"href":"https:\/\/www.gardaseezeitung.it\/gardaseezeitung_new\/de\/wp-json\/wp\/v2\/categories?post=18971"},{"taxonomy":"post_tag","embeddable":true,"href":"https:\/\/www.gardaseezeitung.it\/gardaseezeitung_new\/de\/wp-json\/wp\/v2\/tags?post=18971"},{"taxonomy":"news-destination","embeddable":true,"href":"https:\/\/www.gardaseezeitung.it\/gardaseezeitung_new\/de\/wp-json\/wp\/v2\/news-destination?post=18971"},{"taxonomy":"news-source","embeddable":true,"href":"https:\/\/www.gardaseezeitung.it\/gardaseezeitung_new\/de\/wp-json\/wp\/v2\/news-source?post=18971"},{"taxonomy":"is_homepage","embeddable":true,"href":"https:\/\/www.gardaseezeitung.it\/gardaseezeitung_new\/de\/wp-json\/wp\/v2\/is_homepage?post=18971"},{"taxonomy":"ta_other","embeddable":true,"href":"https:\/\/www.gardaseezeitung.it\/gardaseezeitung_new\/de\/wp-json\/wp\/v2\/ta_other?post=18971"}],"curies":[{"name":"wp","href":"https:\/\/api.w.org\/{rel}","templated":true}]}}