{"id":18974,"date":"2026-04-03T10:42:54","date_gmt":"2026-04-03T08:42:54","guid":{"rendered":"https:\/\/euwps05.newsmemory.com\/gardaseezeitung_new\/de\/2026\/04\/03\/ostern-im-mag-riva-del-garda-sonntag-dem-5-april-ist-der-eintritt-kostenlos\/"},"modified":"2026-04-03T10:42:56","modified_gmt":"2026-04-03T08:42:56","slug":"ostern-im-mag-riva-del-garda-sonntag-dem-5-april-ist-der-eintritt-kostenlos","status":"publish","type":"post","link":"https:\/\/www.gardaseezeitung.it\/2026\/04\/03\/ostern-im-mag-riva-del-garda-sonntag-dem-5-april-ist-der-eintritt-kostenlos\/","title":{"rendered":"Ostern im MAG in Riva del Garda. Am Sonntag, dem 5. April, ist der Eintritt kostenlos"},"content":{"rendered":"<p>&nbsp;<\/p>\n<p>Dies ist eine Gelegenheit, sich von den Meisterwerken der Pinakothek verzaubern zu lassen, die Ausstellung Claudio Orlandi. \u201eUltimate Landscapes. Die Illusion des Eises\u201c, und in unseren Dauerausstellungen zwischen Arch\u00e4ologie und Geschichte zu st\u00f6bern.<\/p>\n<p>Zu den unverzichtbaren Neuheiten im Museo Alto Garda geh\u00f6ren die neuen Barrierefreien Rundg\u00e4nge, die darauf ausgelegt sind, die Sammlungen durch ein multisensorisches Erlebnis zu erkunden, das dem Sehvergn\u00fcgen das Tastvergn\u00fcgen zur Seite stellt. Insbesondere k\u00f6nnen der taktile und der textile Rundgang besichtigt werden, um die Reproduktionen der Statuen und die in den Gem\u00e4lden dargestellten Stoffe hautnah zu erleben. F\u00fcr die Kleinsten bietet sich die Gelegenheit, die Ausstellungsr\u00e4ume frei zu erkunden, die H\u00e4nde auszustrecken, um das Museum zu ber\u00fchren, es lebendig werden zu lassen und es nah zu sp\u00fcren.<\/p>\n<p>Um die Festtagsfreude zu verl\u00e4ngern, bleibt das Museum auch am Ostermontag und am 12. April ge\u00f6ffnet, mit einem Veranstaltungstag f\u00fcr Familien.<\/p>\n","protected":false},"excerpt":{"rendered":"<p>Am Sonntag ist der Eintritt dank #domenicaalmuseo kostenlos, einer staatlichen Initiative, die Museen am ersten Sonntag im Monat kostenlos \u00f6ffnet<\/p>\n","protected":false},"author":9,"featured_media":18973,"comment_status":"open","ping_status":"open","sticky":false,"template":"","format":"standard","meta":[],"categories":[2,4,3],"tags":[5837,23,26,1693,1694,3639,221],"news-destination":[],"news-source":[],"is_homepage":[5577],"ta_other":[],"featured_media_details":{"width":1024,"height":576,"file":"2026\/04\/Buona-Pasqua.png","sizes":{"medium":{"file":"Buona-Pasqua-300x169.png","width":300,"height":169,"mime-type":"image\/png","source_url":"https:\/\/www.gardaseezeitung.it\/gardaseezeitung_new\/de\/wp-content\/uploads\/sites\/2\/2026\/04\/Buona-Pasqua-300x169.png"},"thumbnail":{"file":"Buona-Pasqua-150x150.png","width":150,"height":150,"mime-type":"image\/png","source_url":"https:\/\/www.gardaseezeitung.it\/gardaseezeitung_new\/de\/wp-content\/uploads\/sites\/2\/2026\/04\/Buona-Pasqua-150x150.png"},"medium_large":{"file":"Buona-Pasqua-768x432.png","width":768,"height":432,"mime-type":"image\/png","source_url":"https:\/\/www.gardaseezeitung.it\/gardaseezeitung_new\/de\/wp-content\/uploads\/sites\/2\/2026\/04\/Buona-Pasqua-768x432.png"},"big_image":{"file":"Buona-Pasqua-750x422.png","width":750,"height":422,"mime-type":"image\/png","source_url":"https:\/\/www.gardaseezeitung.it\/gardaseezeitung_new\/de\/wp-content\/uploads\/sites\/2\/2026\/04\/Buona-Pasqua-750x422.png"},"full":{"file":"Buona-Pasqua.png","width":1024,"height":576,"mime_type":"","source_url":"https:\/\/www.gardaseezeitung.it\/gardaseezeitung_new\/de\/wp-content\/uploads\/sites\/2\/2026\/04\/Buona-Pasqua.png"}},"image_meta":{"aperture":"0","credit":"","camera":"","caption":"","created_timestamp":"0","copyright":"","focal_length":"0","iso":"0","shutter_speed":"0","title":"","orientation":"0","keywords":[]}},"_links":{"self":[{"href":"https:\/\/www.gardaseezeitung.it\/gardaseezeitung_new\/de\/wp-json\/wp\/v2\/posts\/18974"}],"collection":[{"href":"https:\/\/www.gardaseezeitung.it\/gardaseezeitung_new\/de\/wp-json\/wp\/v2\/posts"}],"about":[{"href":"https:\/\/www.gardaseezeitung.it\/gardaseezeitung_new\/de\/wp-json\/wp\/v2\/types\/post"}],"author":[{"embeddable":true,"href":"https:\/\/www.gardaseezeitung.it\/gardaseezeitung_new\/de\/wp-json\/wp\/v2\/users\/9"}],"replies":[{"embeddable":true,"href":"https:\/\/www.gardaseezeitung.it\/gardaseezeitung_new\/de\/wp-json\/wp\/v2\/comments?post=18974"}],"version-history":[{"count":0,"href":"https:\/\/www.gardaseezeitung.it\/gardaseezeitung_new\/de\/wp-json\/wp\/v2\/posts\/18974\/revisions"}],"wp:featuredmedia":[{"embeddable":true,"href":"https:\/\/www.gardaseezeitung.it\/gardaseezeitung_new\/de\/wp-json\/wp\/v2\/media\/18973"}],"wp:attachment":[{"href":"https:\/\/www.gardaseezeitung.it\/gardaseezeitung_new\/de\/wp-json\/wp\/v2\/media?parent=18974"}],"wp:term":[{"taxonomy":"category","embeddable":true,"href":"https:\/\/www.gardaseezeitung.it\/gardaseezeitung_new\/de\/wp-json\/wp\/v2\/categories?post=18974"},{"taxonomy":"post_tag","embeddable":true,"href":"https:\/\/www.gardaseezeitung.it\/gardaseezeitung_new\/de\/wp-json\/wp\/v2\/tags?post=18974"},{"taxonomy":"news-destination","embeddable":true,"href":"https:\/\/www.gardaseezeitung.it\/gardaseezeitung_new\/de\/wp-json\/wp\/v2\/news-destination?post=18974"},{"taxonomy":"news-source","embeddable":true,"href":"https:\/\/www.gardaseezeitung.it\/gardaseezeitung_new\/de\/wp-json\/wp\/v2\/news-source?post=18974"},{"taxonomy":"is_homepage","embeddable":true,"href":"https:\/\/www.gardaseezeitung.it\/gardaseezeitung_new\/de\/wp-json\/wp\/v2\/is_homepage?post=18974"},{"taxonomy":"ta_other","embeddable":true,"href":"https:\/\/www.gardaseezeitung.it\/gardaseezeitung_new\/de\/wp-json\/wp\/v2\/ta_other?post=18974"}],"curies":[{"name":"wp","href":"https:\/\/api.w.org\/{rel}","templated":true}]}}