{"id":18981,"date":"2026-04-01T00:08:28","date_gmt":"2026-03-31T22:08:28","guid":{"rendered":"https:\/\/euwps05.newsmemory.com\/gardaseezeitung_new\/de\/2026\/04\/01\/osterzauber-im-frantoio-manestrini-soiano-del-lago\/"},"modified":"2026-04-03T11:28:38","modified_gmt":"2026-04-03T09:28:38","slug":"osterzauber-im-frantoio-manestrini-soiano-del-lago","status":"publish","type":"post","link":"https:\/\/www.gardaseezeitung.it\/2026\/04\/01\/osterzauber-im-frantoio-manestrini-soiano-del-lago\/","title":{"rendered":"Osterzauber im Frantoio Manestrini in Soiano del Lago"},"content":{"rendered":"<p>&nbsp;<\/p>\n<p>Warum nicht Ostersonntag und Ostermontag im Frantoio Manestrini verbringen \u2013 in geselliger Runde, umgeben von Natur und begleitet von exzellentem Essen und Wein?<\/p>\n<p>Zu OSTERN ersetzt das Frantoio Manestrini das klassische, oft \u00fcppige Festmahl durch eine moderne und dynamische Alternative: ein reichhaltiges Osterbrunch-Buffet. Ab 10.30 Uhr beginnt der Tag ganz entspannt. W\u00e4hrend andere das lange Festessen angehen, bietet sich hier die Gelegenheit f\u00fcr einen gem\u00fctlichen Spaziergang am Seeufer. In einer Atmosph\u00e4re, die vom Duft der Oliven und der Tradition gepr\u00e4gt ist, wird das klassische Mittagessen durch einen kreativen Brunch ersetzt \u2013 eine Hommage an die Aromen der Region: Wurst- und K\u00e4sevariationen mit Konfit\u00fcren, gef\u00fcllten Eiern mit Kr\u00e4utern, feinen Mini-Sandwiches und einer rustikalen Tarte, frische Saubohnensalat aus der \u00d6lm\u00fchle, Bananenbrot, Cr\u00eapes mit Konfit\u00fcre, Joghurt mit frischen Fr\u00fcchten und French Toast mit Honig, frische Brot mit \u00fcberraschender Oliven\u00f6lbutter. Den kr\u00f6nenden Abschluss bildet der traditionelle Colomba-Kuchen, serviert mit einer samtigen Orangen\u00f6l-Creme.<\/p>\n<p>Am OSTERMONTAG das klassische Picknick wird hier zu einem gro\u00dfz\u00fcgigen Buffet, das l\u00e4ndliches Streetfood und gesellige Gerichte in den Mittelpunkt stellt. In der Focaccia-Ecke stehen gef\u00fcllte Focaccia im Rampenlicht, w\u00e4rend Die Torta Pasqualina ist ein Muss und wird begleitet von einer Auswahl an K\u00e4sesorten mit Konfit\u00fcren sowie gegrilltem Gem\u00fcse. Frische Fr\u00fchlingsaromen pr\u00e4gen die Vorspeisen; Zum s\u00fc\u00dfen Abschluss warten ein frischer Obstsalat und erneut der knusprige Colomba-Kuchen mit Orangen\u00f6l-Creme.<\/p>\n<p>Brunch und Picknick k\u00f6nnen unter visit.manestrini.it\/de gebucht werden. F\u00fcr Verkostungen und Eink\u00e4ufe ist das Frantoio Manestrini t\u00e4glich von 9.00 bis 19.00 Uhr ge\u00f6ffnet. Online-Bestellungen sind unter www.gocceditalia.it m\u00f6glich.<\/p>\n<p>&nbsp;<\/p>\n","protected":false},"excerpt":{"rendered":"<p>Warum nicht Ostersonntag und Ostermontag im Frantoio Manestrini verbringen \u2013 in geselliger Runde, umgeben von Natur und begleitet von exzellentem Essen und Wein?<\/p>\n","protected":false},"author":9,"featured_media":18980,"comment_status":"open","ping_status":"open","sticky":false,"template":"","format":"standard","meta":[],"categories":[6],"tags":[1069,23,26,3639,848],"news-destination":[],"news-source":[],"is_homepage":[5577],"ta_other":[],"featured_media_details":{"width":1024,"height":589,"file":"2026\/04\/3.png","sizes":{"medium":{"file":"3-300x173.png","width":300,"height":173,"mime-type":"image\/png","source_url":"https:\/\/www.gardaseezeitung.it\/gardaseezeitung_new\/de\/wp-content\/uploads\/sites\/2\/2026\/04\/3-300x173.png"},"thumbnail":{"file":"3-150x150.png","width":150,"height":150,"mime-type":"image\/png","source_url":"https:\/\/www.gardaseezeitung.it\/gardaseezeitung_new\/de\/wp-content\/uploads\/sites\/2\/2026\/04\/3-150x150.png"},"medium_large":{"file":"3-768x442.png","width":768,"height":442,"mime-type":"image\/png","source_url":"https:\/\/www.gardaseezeitung.it\/gardaseezeitung_new\/de\/wp-content\/uploads\/sites\/2\/2026\/04\/3-768x442.png"},"big_image":{"file":"3-750x431.png","width":750,"height":431,"mime-type":"image\/png","source_url":"https:\/\/www.gardaseezeitung.it\/gardaseezeitung_new\/de\/wp-content\/uploads\/sites\/2\/2026\/04\/3-750x431.png"},"full":{"file":"3.png","width":1024,"height":589,"mime_type":"","source_url":"https:\/\/www.gardaseezeitung.it\/gardaseezeitung_new\/de\/wp-content\/uploads\/sites\/2\/2026\/04\/3.png"}},"image_meta":{"aperture":"0","credit":"","camera":"","caption":"","created_timestamp":"0","copyright":"","focal_length":"0","iso":"0","shutter_speed":"0","title":"","orientation":"0","keywords":[]}},"_links":{"self":[{"href":"https:\/\/www.gardaseezeitung.it\/gardaseezeitung_new\/de\/wp-json\/wp\/v2\/posts\/18981"}],"collection":[{"href":"https:\/\/www.gardaseezeitung.it\/gardaseezeitung_new\/de\/wp-json\/wp\/v2\/posts"}],"about":[{"href":"https:\/\/www.gardaseezeitung.it\/gardaseezeitung_new\/de\/wp-json\/wp\/v2\/types\/post"}],"author":[{"embeddable":true,"href":"https:\/\/www.gardaseezeitung.it\/gardaseezeitung_new\/de\/wp-json\/wp\/v2\/users\/9"}],"replies":[{"embeddable":true,"href":"https:\/\/www.gardaseezeitung.it\/gardaseezeitung_new\/de\/wp-json\/wp\/v2\/comments?post=18981"}],"version-history":[{"count":0,"href":"https:\/\/www.gardaseezeitung.it\/gardaseezeitung_new\/de\/wp-json\/wp\/v2\/posts\/18981\/revisions"}],"wp:featuredmedia":[{"embeddable":true,"href":"https:\/\/www.gardaseezeitung.it\/gardaseezeitung_new\/de\/wp-json\/wp\/v2\/media\/18980"}],"wp:attachment":[{"href":"https:\/\/www.gardaseezeitung.it\/gardaseezeitung_new\/de\/wp-json\/wp\/v2\/media?parent=18981"}],"wp:term":[{"taxonomy":"category","embeddable":true,"href":"https:\/\/www.gardaseezeitung.it\/gardaseezeitung_new\/de\/wp-json\/wp\/v2\/categories?post=18981"},{"taxonomy":"post_tag","embeddable":true,"href":"https:\/\/www.gardaseezeitung.it\/gardaseezeitung_new\/de\/wp-json\/wp\/v2\/tags?post=18981"},{"taxonomy":"news-destination","embeddable":true,"href":"https:\/\/www.gardaseezeitung.it\/gardaseezeitung_new\/de\/wp-json\/wp\/v2\/news-destination?post=18981"},{"taxonomy":"news-source","embeddable":true,"href":"https:\/\/www.gardaseezeitung.it\/gardaseezeitung_new\/de\/wp-json\/wp\/v2\/news-source?post=18981"},{"taxonomy":"is_homepage","embeddable":true,"href":"https:\/\/www.gardaseezeitung.it\/gardaseezeitung_new\/de\/wp-json\/wp\/v2\/is_homepage?post=18981"},{"taxonomy":"ta_other","embeddable":true,"href":"https:\/\/www.gardaseezeitung.it\/gardaseezeitung_new\/de\/wp-json\/wp\/v2\/ta_other?post=18981"}],"curies":[{"name":"wp","href":"https:\/\/api.w.org\/{rel}","templated":true}]}}