{"id":19018,"date":"2026-04-04T16:01:59","date_gmt":"2026-04-04T14:01:59","guid":{"rendered":"https:\/\/euwps05.newsmemory.com\/gardaseezeitung_new\/de\/2026\/04\/04\/bardolino-und-cisano-ostern-seeufer-und-antiquitaetenmarkt\/"},"modified":"2026-04-04T16:02:33","modified_gmt":"2026-04-04T14:02:33","slug":"bardolino-und-cisano-ostern-seeufer-und-antiquitaetenmarkt","status":"publish","type":"post","link":"https:\/\/www.gardaseezeitung.it\/2026\/04\/04\/bardolino-und-cisano-ostern-seeufer-und-antiquitaetenmarkt\/","title":{"rendered":"Bardolino und Cisano \u2013 Ostern am Seeufer und Antiquit\u00e4tenmarkt"},"content":{"rendered":"<p>&nbsp;<\/p>\n<p>Von Samstag, dem 4. bis Montag, dem 6. April 2026, feiert Bardolino Ostern mit drei Festtagen unter freiem Himmel direkt am Seeufer: eine Messe mit typischen Produkten und Kunsthandwerk, Craft-Bieren und lokalen Spezialit\u00e4ten, Spielen und Aktivit\u00e4ten f\u00fcr Kinder, Seifenblasenshows, Unterhaltung und Musik f\u00fcr alle Altersgruppen. Der Handwerksmarkt in Cisano ist durchgehend von 10:00 bis 20:00 Uhr ge\u00f6ffnet.<\/p>\n","protected":false},"excerpt":{"rendered":"<p>Eine Marktmesse mit typischen Produkten und Kunsthandwerk, Craft-Bieren und lokalen Spezialit\u00e4ten, Spielen f\u00fcr Kinder, Unterhaltung und Musik<\/p>\n","protected":false},"author":9,"featured_media":19019,"comment_status":"open","ping_status":"open","sticky":false,"template":"","format":"standard","meta":[],"categories":[2,4,3],"tags":[50,155,23,26,3639],"news-destination":[],"news-source":[],"is_homepage":[5577],"ta_other":[],"featured_media_details":{"width":1024,"height":682,"file":"2026\/04\/bardolino-di-pasqua.jpg","sizes":{"medium":{"file":"bardolino-di-pasqua-300x200.jpg","width":300,"height":200,"mime-type":"image\/jpeg","source_url":"https:\/\/www.gardaseezeitung.it\/gardaseezeitung_new\/de\/wp-content\/uploads\/sites\/2\/2026\/04\/bardolino-di-pasqua-300x200.jpg"},"thumbnail":{"file":"bardolino-di-pasqua-150x150.jpg","width":150,"height":150,"mime-type":"image\/jpeg","source_url":"https:\/\/www.gardaseezeitung.it\/gardaseezeitung_new\/de\/wp-content\/uploads\/sites\/2\/2026\/04\/bardolino-di-pasqua-150x150.jpg"},"medium_large":{"file":"bardolino-di-pasqua-768x512.jpg","width":768,"height":512,"mime-type":"image\/jpeg","source_url":"https:\/\/www.gardaseezeitung.it\/gardaseezeitung_new\/de\/wp-content\/uploads\/sites\/2\/2026\/04\/bardolino-di-pasqua-768x512.jpg"},"big_image":{"file":"bardolino-di-pasqua-750x500.jpg","width":750,"height":500,"mime-type":"image\/jpeg","source_url":"https:\/\/www.gardaseezeitung.it\/gardaseezeitung_new\/de\/wp-content\/uploads\/sites\/2\/2026\/04\/bardolino-di-pasqua-750x500.jpg"},"full":{"file":"bardolino-di-pasqua.jpg","width":1024,"height":682,"mime_type":"","source_url":"https:\/\/www.gardaseezeitung.it\/gardaseezeitung_new\/de\/wp-content\/uploads\/sites\/2\/2026\/04\/bardolino-di-pasqua.jpg"}},"image_meta":{"aperture":"0","credit":"","camera":"","caption":"","created_timestamp":"0","copyright":"","focal_length":"0","iso":"0","shutter_speed":"0","title":"","orientation":"1","keywords":[]}},"_links":{"self":[{"href":"https:\/\/www.gardaseezeitung.it\/gardaseezeitung_new\/de\/wp-json\/wp\/v2\/posts\/19018"}],"collection":[{"href":"https:\/\/www.gardaseezeitung.it\/gardaseezeitung_new\/de\/wp-json\/wp\/v2\/posts"}],"about":[{"href":"https:\/\/www.gardaseezeitung.it\/gardaseezeitung_new\/de\/wp-json\/wp\/v2\/types\/post"}],"author":[{"embeddable":true,"href":"https:\/\/www.gardaseezeitung.it\/gardaseezeitung_new\/de\/wp-json\/wp\/v2\/users\/9"}],"replies":[{"embeddable":true,"href":"https:\/\/www.gardaseezeitung.it\/gardaseezeitung_new\/de\/wp-json\/wp\/v2\/comments?post=19018"}],"version-history":[{"count":1,"href":"https:\/\/www.gardaseezeitung.it\/gardaseezeitung_new\/de\/wp-json\/wp\/v2\/posts\/19018\/revisions"}],"predecessor-version":[{"id":19020,"href":"https:\/\/www.gardaseezeitung.it\/gardaseezeitung_new\/de\/wp-json\/wp\/v2\/posts\/19018\/revisions\/19020"}],"wp:featuredmedia":[{"embeddable":true,"href":"https:\/\/www.gardaseezeitung.it\/gardaseezeitung_new\/de\/wp-json\/wp\/v2\/media\/19019"}],"wp:attachment":[{"href":"https:\/\/www.gardaseezeitung.it\/gardaseezeitung_new\/de\/wp-json\/wp\/v2\/media?parent=19018"}],"wp:term":[{"taxonomy":"category","embeddable":true,"href":"https:\/\/www.gardaseezeitung.it\/gardaseezeitung_new\/de\/wp-json\/wp\/v2\/categories?post=19018"},{"taxonomy":"post_tag","embeddable":true,"href":"https:\/\/www.gardaseezeitung.it\/gardaseezeitung_new\/de\/wp-json\/wp\/v2\/tags?post=19018"},{"taxonomy":"news-destination","embeddable":true,"href":"https:\/\/www.gardaseezeitung.it\/gardaseezeitung_new\/de\/wp-json\/wp\/v2\/news-destination?post=19018"},{"taxonomy":"news-source","embeddable":true,"href":"https:\/\/www.gardaseezeitung.it\/gardaseezeitung_new\/de\/wp-json\/wp\/v2\/news-source?post=19018"},{"taxonomy":"is_homepage","embeddable":true,"href":"https:\/\/www.gardaseezeitung.it\/gardaseezeitung_new\/de\/wp-json\/wp\/v2\/is_homepage?post=19018"},{"taxonomy":"ta_other","embeddable":true,"href":"https:\/\/www.gardaseezeitung.it\/gardaseezeitung_new\/de\/wp-json\/wp\/v2\/ta_other?post=19018"}],"curies":[{"name":"wp","href":"https:\/\/api.w.org\/{rel}","templated":true}]}}